{"id":750,"date":"2020-11-01T07:48:16","date_gmt":"2020-11-01T13:48:16","guid":{"rendered":"http:\/\/losperiodistas.com.mx\/portal\/?p=750"},"modified":"2020-11-01T07:48:16","modified_gmt":"2020-11-01T13:48:16","slug":"dia-de-muertos-de-donde-viene-la-especial-relacion-de-mexico-con-la-muerte","status":"publish","type":"post","link":"https:\/\/losperiodistas.com.mx\/portal\/dia-de-muertos-de-donde-viene-la-especial-relacion-de-mexico-con-la-muerte\/","title":{"rendered":"D\u00eda de Muertos: de d\u00f3nde viene la especial relaci\u00f3n de M\u00e9xico con la muerte"},"content":{"rendered":"\n<p><\/p>\n\n\n\n<p class=\"has-vivid-cyan-blue-color has-text-color has-medium-font-size\">MARCOS GONZ\u00c1LEZ D\u00cdAZ\/ BBC NEWS M\u00c9XICO<\/p>\n\n\n\n<p><strong>El culto a la vida, si de verdad es profundo y total, es tambi\u00e9n culto a la muerte. Ambas son inseparables. Una civilizaci\u00f3n que niega a la muerte acaba por negar a la vida\u00bb.<\/strong><\/p>\n\n\n\n<p>Pocas frases como esta de Octavio Paz definen mejor la postura que los mexicanos mantienen ante la muerte y de la que presumen con tremendo orgullo cada a\u00f1o en el D\u00eda de Muertos.<\/p>\n\n\n\n<p>Mientras en buena parte del planeta esta fecha est\u00e1 marcada por la tristeza y las l\u00e1grimas, en M\u00e9xico se rodea de un halo de fiesta y color,<strong>&nbsp;de celebraci\u00f3n a la vida y de reencuentro con los difuntos<\/strong>&nbsp;que se cree que regresan a nuestro mundo por un d\u00eda.<\/p>\n\n\n\n<ul class=\"wp-block-list\"><li><a href=\"https:\/\/www.bbc.com\/mundo\/noticias-america-latina-37831454\">5 cosas que quiz\u00e1s no sab\u00edas (o hab\u00edas olvidado) del D\u00eda de Muertos en M\u00e9xico<\/a><\/li><\/ul>\n\n\n\n<p>Y lejos de perder fuerza con el paso de los a\u00f1os, esta particular manera de celebrar el D\u00eda de Muertos<strong>\u00a0va pasando de generaci\u00f3n en generaci\u00f3n.\u00a0<\/strong>Como en el caso de Gabriela Luna, una joven de Ciudad de M\u00e9xico que asumi\u00f3 esta tradici\u00f3n tras la p\u00e9rdida de su abuela materna.<\/p>\n\n\n\n<p>\u00abElla pon\u00eda un altar gigante, as\u00ed que cuando se va, yo asumo la tradici\u00f3n que ella me ense\u00f1\u00f3 y le dedico la ofrenda cada a\u00f1o. Para m\u00ed es una forma de no perder una costumbre en la que\u00a0<strong>siento que los que no est\u00e1n, me acompa\u00f1an\u00bb,<\/strong>\u00a0le dice a BBC Mundo.<\/p>\n\n\n\n<figure class=\"wp-block-image\"><img decoding=\"async\" src=\"https:\/\/ichef.bbci.co.uk\/news\/640\/cpsprodpb\/161E2\/production\/_115149509_28e641f0-d063-40ac-aa18-b00cce84e184.jpg\" alt=\"Gabriela Luna\"\/><figcaption>Pie de foto,Gabriela comenz\u00f3 a colocar cada a\u00f1o su altar de muertos tras el fallecimiento de su abuela materna.<\/figcaption><\/figure>\n\n\n\n<p>\u00abSin duda genera una identidad para nosotros los mexicanos, porque muy en el n\u00facleo de esta pr\u00e1ctica&nbsp;<strong>se encuentra nuestro c\u00f3digo principal<\/strong><strong>:&nbsp;<\/strong><strong>la familia\u00bb,&nbsp;<\/strong>asegura esta artista del modelado de lana.<\/p>\n\n\n\n<p>La pandemia de covid-19 limita esta vez las tradicionales visitas a cementerios y panteones de M\u00e9xico por parte de familiares que, cada a\u00f1o, comparten con quienes ya no est\u00e1n su comida y m\u00fasica favoritas.<\/p>\n\n\n\n<p>Tambi\u00e9n impedir\u00e1 los cl\u00e1sicos desfiles donde la catrina, la ic\u00f3nica calavera sonriente<strong>&nbsp;popularizada por Diego Rivera,<\/strong>&nbsp;era su mayor s\u00edmbolo.<\/p>\n\n\n\n<ul class=\"wp-block-list\"><li><a href=\"https:\/\/www.bbc.com\/mundo\/noticias-46009545\">En fotos: el espectacular desfile del D\u00eda de Muertos en M\u00e9xico<\/a><\/li><\/ul>\n\n\n\n<p>Se trata de un D\u00eda de Muertos lleno de misticismo que provoca curiosidad y fascinaci\u00f3n a partes iguales en el resto del mundo\u2026 aunque tambi\u00e9n confunde a quienes les cuesta comprender esta posici\u00f3n de los mexicanos ante la muerte.<\/p>\n\n\n\n<h2 class=\"wp-block-heading\" id=\"D\u00eda-de-celebraci\u00f3n-no-de-tristeza\">D\u00eda de celebraci\u00f3n, no de tristeza<\/h2>\n\n\n\n<p>Para entender el origen de esta relaci\u00f3n hay que retroceder hasta la Mesoam\u00e9rica de hace miles de a\u00f1os. Algunos de los pueblos originarios organizaban fiestas para guiar a los muertos en su recorrido al&nbsp;<strong>Mictl\u00e1n, el inframundo de la mitolog\u00eda mexica.<\/strong><\/p>\n\n\n\n<figure class=\"wp-block-image\"><img decoding=\"async\" src=\"https:\/\/ichef.bbci.co.uk\/news\/640\/cpsprodpb\/C98A\/production\/_115149515_38e58082-0844-48fe-8833-d7c3a1855c89.jpg\" alt=\"Cementerio en Mexico\"\/><figcaption>Pie de foto,Las luces, colores, m\u00fasica y comida favorita de los fallecidos inundan cada a\u00f1o los cementerios de M\u00e9xico.<\/figcaption><\/figure>\n\n\n\n<p>Otros dispon\u00edan altares con ofrendas para recordar a los muertos y se colocaban cr\u00e1neos como s\u00edmbolos de la muerte y el renacimiento.<\/p>\n\n\n\n<p>Seg\u00fan una antigua leyenda, Quetzalc\u00f3atl -el dios en forma de serpiente emplumada- baj\u00f3 al inframundo y deposit\u00f3 su semen sobre unos huesos molidos para dar vida al ser humano, por lo que para aquellos pueblos<strong>&nbsp;los restos de huesos simbolizaban de cierto modo la semilla de la vida.<\/strong><\/p>\n\n\n\n<p>Porque, sin lugar a dudas, si hab\u00eda un mensaje central en estas celebraciones del culto a los muertos era la creencia de que sus almas acaban por regresar al mundo de los vivos.<\/p>\n\n\n\n<p>As\u00ed que, \u00bfpor qu\u00e9 asociar el D\u00eda de Muertos con la tristeza si, seg\u00fan la cosmovisi\u00f3n ind\u00edgena, es precisamente<strong>&nbsp;el d\u00eda en que quienes se fueron de nuestro lado nos vienen a visitar?<\/strong><\/p>\n\n\n\n<figure class=\"wp-block-image\"><img decoding=\"async\" src=\"https:\/\/ichef.bbci.co.uk\/news\/640\/cpsprodpb\/117AA\/production\/_115149517_fe0c5717-b635-42f1-9e8d-e6c7cc5f7545.jpg\" alt=\"Pan de muerto\"\/><figcaption>Pie de foto,Los mexicanos esperan ansiosos seta \u00e9poca del a\u00f1o par disfrutar del tradicional pan de muerto, que simula tener unos huesos en la parte superior.<\/figcaption><\/figure>\n\n\n\n<p>Para ellos, la muerte no era otra cosa que un s\u00edmbolo de la vida que se representa en el altar ofrecido a los difuntos.<\/p>\n\n\n\n<p>Miles de a\u00f1os despu\u00e9s, millones de hogares mexicanos siguen colocando con sumo cari\u00f1o y detalle sus altares en los que se combinan multitud de s\u00edmbolos, comida, papel picado y fotos de personas fallecidas.<\/p>\n\n\n\n<p>Es precisamente este recuerdo de quienes ya no est\u00e1n lo que permite -junto a la ayuda de las velas y de la olorosa flor de cempas\u00fachil- que<strong>&nbsp;las almas de los difuntos encuentren el camino de regreso a casa&nbsp;<\/strong>para convivir con la familia y disfrutar de los alimentos dispuestos en los altares en su honor.<\/p>\n\n\n\n<ul class=\"wp-block-list\"><li><a href=\"https:\/\/www.bbc.com\/mundo\/noticias-54756885\">Cu\u00e1l es el origen y significado de la flor de cempas\u00fachil, la reina de los altares de muertos en M\u00e9xico<\/a><\/li><\/ul>\n\n\n\n<p>\u00abEs una gran fiesta quiz\u00e1 equiparable a la Navidad de Europa. Es fiesta porque est\u00e1 ese recuerdo de los muertos que regresan. Incluso hay leyendas sobre familias que no ponen ofrenda, y los muertos vienen a recordarles que lo hagan\u00bb, dice<strong>&nbsp;Andr\u00e9s Medina,<\/strong>&nbsp;del Instituto de Investigaciones Antropol\u00f3gicas de la UNAM.<\/p>\n\n\n\n<h2 class=\"wp-block-heading\" id=\"La-influencia-espa\u00f1ola\">La influencia espa\u00f1ola<\/h2>\n\n\n\n<p>Pero la llegada de los espa\u00f1oles a M\u00e9xico influy\u00f3 radicalmente en la celebraci\u00f3n de su D\u00eda de Muertos.<\/p>\n\n\n\n<p>Por ejemplo, fueron ellos los que hicieron coincidir la fiesta de los muertos de los ind\u00edgenas&nbsp;<strong>-que duraban dos meses-<\/strong>&nbsp;con las celebraciones cat\u00f3licas del D\u00eda de Todos los Santos y los Fieles Difuntos (1 y 2 de noviembre).<\/p>\n\n\n\n<figure class=\"wp-block-image\"><img decoding=\"async\" src=\"https:\/\/ichef.bbci.co.uk\/news\/640\/cpsprodpb\/57A8\/production\/_92204422_gettyimages-619116460.jpg\" alt=\"Desfile por el D\u00eda de Muertos en Ciudad de M\u00e9xico.\"\/><figcaption>Pie de foto,Aunque el D\u00eda de Muertos en M\u00e9xico se concentra actualmente en el 1 y 2 de noviembre, las celebraciones tradicionales se prolongaban por dos meses.<\/figcaption><\/figure>\n\n\n\n<p>En la actualidad, el D\u00eda de Muertos mexicano es el resultado de una mezcla de estas dos culturas, de tradiciones precolombinas y cat\u00f3licas.<\/p>\n\n\n\n<p>Aunque a juzgar por lo diferente que son hoy en d\u00eda las celebraciones en M\u00e9xico y Espa\u00f1a, pareciera que la primera cultura pes\u00f3 mucho m\u00e1s que la segunda.<\/p>\n\n\n\n<p>Para el escritor y antrop\u00f3logo&nbsp;<strong>Claudio Lomnitz,<\/strong>&nbsp;una de las razones es que el \u00abproceso de modernizaci\u00f3n\u00bb de los rituales sobre la muerte que sucede en Europa y parte de Am\u00e9rica desde el siglo XVIII no tuvo el mismo efecto en M\u00e9xico, que ya se acercaba al final de su etapa colonial.<\/p>\n\n\n\n<p>\u00abEspa\u00f1a ya entraba en guerra en Europa y la Corona ten\u00eda problemas financieros como para preocuparse de esto\u00bb, le dice a BBC Mundo el autor de \u00abIdeas de la muerte en M\u00e9xico\u00bb.<\/p>\n\n\n\n<p>\u00abAdem\u00e1s, en M\u00e9xico la presencia de la Iglesia -sobre todo en el siglo XIX, pero tambi\u00e9n antes- era menos fuerte que en Espa\u00f1a, por lo que<strong>&nbsp;el culto popular pudo florecer mucho m\u00e1s al estar menos dominado por el clero\u00bb,<\/strong>&nbsp;agrega.<\/p>\n\n\n\n<figure class=\"wp-block-image\"><img decoding=\"async\" src=\"https:\/\/ichef.bbci.co.uk\/news\/640\/cpsprodpb\/3696\/production\/_115147931_gettyimages-1229333860.jpg\" alt=\"Un hombre con una gran monta\u00f1a de flores de cempas\u00fachil.\"\/><figcaption>Pie de foto,La flor de cempas\u00fachil no puede faltar en los altares de muertos en M\u00e9xico.<\/figcaption><\/figure>\n\n\n\n<p>Esta postura ante la celebraci\u00f3n continu\u00f3 a\u00fan despu\u00e9s de la independencia de M\u00e9xico.<\/p>\n\n\n\n<p>\u00abIncluso los liberales como Benito Ju\u00e1rez, que eran muy anticlericales y&nbsp;<strong>contrarios a estos rituales que consideraban supersticiosos,&nbsp;<\/strong>acabaron por aceptar esta celebraci\u00f3n diciendo que era una fiesta popular nacional y evitando su asociaci\u00f3n tan cercana con la Iglesia\u00bb, dice el experto.<\/p>\n\n\n\n<h2 class=\"wp-block-heading\" id=\"Lo-in\u00e9dito-de-la-celebraci\u00f3n-mexicana\">Lo in\u00e9dito de la celebraci\u00f3n mexicana<\/h2>\n\n\n\n<p>Algunas de estas tradiciones del culto a los muertos no son, sin embargo, exclusivos de M\u00e9xico: algunas tambi\u00e9n se pueden encontrar cada D\u00eda de Muertos en lugares de Bolivia, Per\u00fa, Colombia o parte de Centroam\u00e9rica, entre otros.<\/p>\n\n\n\n<p>Lo que s\u00ed hace \u00fanico el caso de M\u00e9xico es c\u00f3mo \u00abnacionaliz\u00f3\u00bb con orgullo estas costumbres como s\u00edmbolo del pa\u00eds.<\/p>\n\n\n\n<figure class=\"wp-block-image\"><img decoding=\"async\" src=\"https:\/\/ichef.bbci.co.uk\/news\/640\/cpsprodpb\/C01C\/production\/_104108194_gettyimages-967945780.jpg\" alt=\"Mural de Diego Rivera\"\/><figcaption>Pie de foto,Aunque la Catrina fue mundialmente popularizada por Diego Rivera, el origen de este personaje es la Calavera Garbancera, una figura creada por el caricaturista Jos\u00e9 Guadalupe Posada.<\/figcaption><\/figure>\n\n\n\n<p>\u00abEn otros pa\u00edses son costumbres folcl\u00f3ricas o pueden verse como algo pasado de moda. Durante a\u00f1os, se inhibi\u00f3 la celebraci\u00f3n de muertos por considerarla no moderna o contraria a los valores liberales\u00bb, dice Lomnitz.<\/p>\n\n\n\n<p>\u00abEn cambio, en M\u00e9xico la fiesta creci\u00f3 enormemente. Solo aqu\u00ed hubo una elaboraci\u00f3n cultural de&nbsp;<strong>esto como algo que reflejara el esp\u00edritu colectivo nacional,&nbsp;<\/strong>es \u00fanico en esto\u00bb.<\/p>\n\n\n\n<p>Y ese nacionalismo fue m\u00e1s exaltado a partir de un episodio clave en la historia del pa\u00eds: la Revoluci\u00f3n Mexicana.<\/p>\n\n\n\n<p>\u00abAparte de la tradici\u00f3n de los pueblos, lleg\u00f3 la promoci\u00f3n de un gobierno con af\u00e1n&nbsp;<strong>de reproducir un discurso nacionalista muy fuerte\u00bb,<\/strong>&nbsp;opina Medina, quien celebra que se siga conmemorando este d\u00eda aunque lamenta que parte de la poblaci\u00f3n no conozca realmente su significado.<\/p>\n\n\n\n<ul class=\"wp-block-list\"><li><a href=\"https:\/\/www.bbc.com\/mundo\/noticias-america-latina-46039695\">La Catrina: de d\u00f3nde viene la popular calavera que se usa en M\u00e9xico para celebrar el D\u00eda de Muertos<\/a><\/li><\/ul>\n\n\n\n<p>\u00abEn el D\u00eda de los Ni\u00f1os Muertos (1 de noviembre) hay lugares donde grupos de ni\u00f1os van de casa en casa pidiendo su calaverita como ofrenda, un dulce.&nbsp;<strong>Ellos<\/strong><strong>&nbsp;representan a&nbsp;<\/strong><strong>esos ni\u00f1os&nbsp;<\/strong><strong>muertos<\/strong>&nbsp;que regresan para esos d\u00edas, aunque quiz\u00e1 ni lo sepan y para la gente haya perdido esa idea\u00bb, le dice a BBC Mundo.<\/p>\n\n\n\n<h2 class=\"wp-block-heading\" id=\"Qu\u00e9-refleja-esto-de-los-mexicanos\">\u00bfQu\u00e9 refleja esto de los mexicanos?<\/h2>\n\n\n\n<p>Para Lomnitz, esta visi\u00f3n ante la muerte refleja la estrecha relaci\u00f3n de los mexicanos con sus difuntos. \u00abNo con la muerte en general, sino con sus fallecidos\u00bb, subraya.<\/p>\n\n\n\n<p>Y por otro lado, cree que pone de manifiesto<strong>&nbsp;una sensibilidad y sentido del humor macabro muy especial<\/strong>&nbsp;que el pa\u00eds muestra, por ejemplo, a la hora de utilizar la muerte para hacer cr\u00edticas pol\u00edtico sociales a trav\u00e9s de los textos conocidos como \u00abcalaveritas literarias\u00bb.<\/p>\n\n\n\n<ul class=\"wp-block-list\"><li><a href=\"https:\/\/www.bbc.com\/mundo\/noticias-46067186\">D\u00eda de Muertos: qu\u00e9 son las calaveras literarias y por qu\u00e9 son tan populares en M\u00e9xico<\/a><\/li><\/ul>\n\n\n\n<p>El propio&nbsp;<strong>Andr\u00e9 Bret\u00f3n,<\/strong>&nbsp;el te\u00f3rico franc\u00e9s considerado padre del surrealismo, calificaba a M\u00e9xico como la patria del humor negro por sus numerosas costumbres que concilian la vida y la muerte.<\/p>\n\n\n\n<p>Sin embargo, los expertos niegan que esta celebraci\u00f3n suponga que M\u00e9xico se burla de la muerte o que no recibe con pena y dolor cuando llega este momento de la vida.<\/p>\n\n\n\n<p>\u00abLa celebraci\u00f3n de muertos no significa que los mexicanos no tengan miedo a la muerte. M\u00e1s bien es la alegr\u00eda porque los muertos regresan. Pero creo que ha habido una malinterpretaci\u00f3n,&nbsp;<strong>una lectura superficial de nuestra fiesta\u00bb<\/strong>, explica Medina.<\/p>\n\n\n\n<figure class=\"wp-block-image\"><img decoding=\"async\" src=\"https:\/\/ichef.bbci.co.uk\/news\/640\/cpsprodpb\/10C7F\/production\/_98853786_coco5938c96b90305.jpg\" alt=\"Imagen de la pel\u00edcula &quot;Coco&quot; de Disney Pixar (Foto: Disney Pixar)\"\/><figcaption>Pie de foto,La pel\u00edcula \u00abCoco\u00bb, de Disney Pixar, populariz\u00f3 la tradici\u00f3n mexicana del D\u00eda de Muertos en medio mundo. (Foto: Disney Pixar)<\/figcaption><\/figure>\n\n\n\n<p>Esa idea en parte se tiene tambi\u00e9n en los muchos pa\u00edses en los que el D\u00eda de Muertos mexicano se ha hecho muy popular en los \u00faltimos a\u00f1os.<\/p>\n\n\n\n<p>Georgina Larruz, mexicana de 30 a\u00f1os que estudia en Rusia , le tuvo que explicar a sus alumnas de espa\u00f1ol que esa celebraci\u00f3n que conocieron en buena parte (como millones de personas en el mundo) gracias a la pel\u00edcula animada \u00abCoco\u00bb<strong>&nbsp;es mucho m\u00e1s que diversi\u00f3n<\/strong><strong>, canciones<\/strong><strong>&nbsp;y alcohol.<\/strong><\/p>\n\n\n\n<ul class=\"wp-block-list\"><li><a href=\"https:\/\/www.bbc.com\/mundo\/noticias-42034513\">C\u00f3mo es \u00abCoco\u00bb, la pel\u00edcula de Disney que se convirti\u00f3 en la m\u00e1s taquillera de la historia de M\u00e9xico<\/a><\/li><li><a href=\"https:\/\/www.bbc.com\/mundo\/noticias-42118763\">5 cosas de la pel\u00edcula \u00abCoco\u00bb que solo entender\u00e1s si eres de M\u00e9xico (y que le dar\u00e1n mucho m\u00e1s sentido si no lo eres)<\/a><\/li><\/ul>\n\n\n\n<p>\u00abEs una fiesta que nos une como comunidad, y. el hecho de yo poner aqu\u00ed mi ofrenda, a miles de kil\u00f3metros de casa, te hace sentir esa conexi\u00f3n con tu familia, con tus muertos<strong>&nbsp;y<\/strong><strong>,<\/strong><strong>&nbsp;en definitiva<\/strong><strong>,<\/strong><strong>&nbsp;con lo que eres\u00bb<\/strong>, le dice a BBC Mundo desde Mosc\u00fa.<\/p>\n\n\n\n<figure class=\"wp-block-image\"><img decoding=\"async\" src=\"https:\/\/ichef.bbci.co.uk\/news\/640\/cpsprodpb\/2D4A\/production\/_115149511_5471479f-b1ea-44fc-a465-f33565e4f0bd.jpg\" alt=\"Atar de Georgina Larruz\"\/><figcaption>Pie de foto,A Georgina le toc\u00f3 recurrir a productos rusos para elaborar su peque\u00f1o altar de muertos en su residencia estudiantil en Mosc\u00fa.<\/figcaption><\/figure>\n\n\n\n<p>Desde Ciudad de M\u00e9xico, Gabriela Luna coincide en lo satisfactorio que es pensar que hay un puente gracias al cual, los familiares fallecidos regresan este d\u00eda \u00abhonr\u00e1ndonos y acompa\u00f1\u00e1ndonos\u00bb.<\/p>\n\n\n\n<p>\u00abYa solo en virtud de eso, me parece que nosotros deber\u00edamos seguir preservando esos colores, que adem\u00e1s nos hacen a los mexicanos<strong>&nbsp;tan caracter\u00edsticos y tan \u00fanicos en el mundo\u00bb,<\/strong>&nbsp;afirma orgullosa.<\/p>\n\n\n\n<p>Tras la celebraci\u00f3n de este at\u00edpico D\u00eda de Muertos, tendr\u00e1 que pasar otro a\u00f1o hasta que los recuerdos en la memoria de los vivos en M\u00e9xico vuelvan a lograr el regreso, al menos por unas horas,\u00a0<strong>de\u00a0las almas de sus difuntos.<\/strong><\/p>\n\n\n\n<p>Fuente: https:\/\/www.bbc.com\/mundo\/noticias-54758605<\/p>\n","protected":false},"excerpt":{"rendered":"<p>MARCOS GONZ\u00c1LEZ D\u00cdAZ\/ BBC NEWS M\u00c9XICO El culto a la vida, si de verdad es profundo y total, es tambi\u00e9n [&hellip;]<\/p>\n","protected":false},"author":1,"featured_media":751,"comment_status":"open","ping_status":"open","sticky":false,"template":"","format":"standard","meta":{"site-sidebar-layout":"default","site-content-layout":"","ast-site-content-layout":"default","site-content-style":"default","site-sidebar-style":"default","ast-global-header-display":"","ast-banner-title-visibility":"","ast-main-header-display":"","ast-hfb-above-header-display":"","ast-hfb-below-header-display":"","ast-hfb-mobile-header-display":"","site-post-title":"","ast-breadcrumbs-content":"","ast-featured-img":"","footer-sml-layout":"","theme-transparent-header-meta":"","adv-header-id-meta":"","stick-header-meta":"","header-above-stick-meta":"","header-main-stick-meta":"","header-below-stick-meta":"","astra-migrate-meta-layouts":"default","ast-page-background-enabled":"default","ast-page-background-meta":{"desktop":{"background-color":"var(--ast-global-color-4)","background-image":"","background-repeat":"repeat","background-position":"center center","background-size":"auto","background-attachment":"scroll","background-type":"","background-media":"","overlay-type":"","overlay-color":"","overlay-opacity":"","overlay-gradient":""},"tablet":{"background-color":"","background-image":"","background-repeat":"repeat","background-position":"center center","background-size":"auto","background-attachment":"scroll","background-type":"","background-media":"","overlay-type":"","overlay-color":"","overlay-opacity":"","overlay-gradient":""},"mobile":{"background-color":"","background-image":"","background-repeat":"repeat","background-position":"center center","background-size":"auto","background-attachment":"scroll","background-type":"","background-media":"","overlay-type":"","overlay-color":"","overlay-opacity":"","overlay-gradient":""}},"ast-content-background-meta":{"desktop":{"background-color":"var(--ast-global-color-5)","background-image":"","background-repeat":"repeat","background-position":"center center","background-size":"auto","background-attachment":"scroll","background-type":"","background-media":"","overlay-type":"","overlay-color":"","overlay-opacity":"","overlay-gradient":""},"tablet":{"background-color":"var(--ast-global-color-5)","background-image":"","background-repeat":"repeat","background-position":"center center","background-size":"auto","background-attachment":"scroll","background-type":"","background-media":"","overlay-type":"","overlay-color":"","overlay-opacity":"","overlay-gradient":""},"mobile":{"background-color":"var(--ast-global-color-5)","background-image":"","background-repeat":"repeat","background-position":"center center","background-size":"auto","background-attachment":"scroll","background-type":"","background-media":"","overlay-type":"","overlay-color":"","overlay-opacity":"","overlay-gradient":""}},"footnotes":""},"categories":[8],"tags":[],"class_list":["post-750","post","type-post","status-publish","format-standard","has-post-thumbnail","hentry","category-noticias"],"_links":{"self":[{"href":"https:\/\/losperiodistas.com.mx\/portal\/wp-json\/wp\/v2\/posts\/750","targetHints":{"allow":["GET"]}}],"collection":[{"href":"https:\/\/losperiodistas.com.mx\/portal\/wp-json\/wp\/v2\/posts"}],"about":[{"href":"https:\/\/losperiodistas.com.mx\/portal\/wp-json\/wp\/v2\/types\/post"}],"author":[{"embeddable":true,"href":"https:\/\/losperiodistas.com.mx\/portal\/wp-json\/wp\/v2\/users\/1"}],"replies":[{"embeddable":true,"href":"https:\/\/losperiodistas.com.mx\/portal\/wp-json\/wp\/v2\/comments?post=750"}],"version-history":[{"count":1,"href":"https:\/\/losperiodistas.com.mx\/portal\/wp-json\/wp\/v2\/posts\/750\/revisions"}],"predecessor-version":[{"id":752,"href":"https:\/\/losperiodistas.com.mx\/portal\/wp-json\/wp\/v2\/posts\/750\/revisions\/752"}],"wp:featuredmedia":[{"embeddable":true,"href":"https:\/\/losperiodistas.com.mx\/portal\/wp-json\/wp\/v2\/media\/751"}],"wp:attachment":[{"href":"https:\/\/losperiodistas.com.mx\/portal\/wp-json\/wp\/v2\/media?parent=750"}],"wp:term":[{"taxonomy":"category","embeddable":true,"href":"https:\/\/losperiodistas.com.mx\/portal\/wp-json\/wp\/v2\/categories?post=750"},{"taxonomy":"post_tag","embeddable":true,"href":"https:\/\/losperiodistas.com.mx\/portal\/wp-json\/wp\/v2\/tags?post=750"}],"curies":[{"name":"wp","href":"https:\/\/api.w.org\/{rel}","templated":true}]}}