{"id":75,"date":"2017-05-02T15:37:51","date_gmt":"2017-05-02T20:37:51","guid":{"rendered":"http:\/\/losperiodistas.com.mx\/portal\/?p=75"},"modified":"2017-05-03T15:40:42","modified_gmt":"2017-05-03T20:40:42","slug":"los-ocejo-abandonaron-a-lalo","status":"publish","type":"post","link":"https:\/\/losperiodistas.com.mx\/portal\/los-ocejo-abandonaron-a-lalo\/","title":{"rendered":"\u00bfLos Ocejo abandonaron a Lalo?"},"content":{"rendered":"<p><iframe title=\"\u00bfLos Ocejo abandonaron a Lalo?\" width=\"500\" height=\"281\" src=\"https:\/\/www.youtube.com\/embed\/nElwoYvdB3g?feature=oembed\" frameborder=\"0\" allow=\"accelerometer; autoplay; clipboard-write; encrypted-media; gyroscope; picture-in-picture; web-share\" referrerpolicy=\"strict-origin-when-cross-origin\" allowfullscreen><\/iframe><\/p>\n<p>Por Jes\u00fas Manuel Hern\u00e1ndez<\/p>\n<p>De primera mano se conoce de la molestia dejada entre el grupo compacto de Eduardo Rivera P\u00e9rez por las notables ausencias en manifestaciones p\u00fablicas de apoyo ante la decisi\u00f3n del Congreso del Estado por inhabilitarlo y sancionarlo.<\/p>\n<p>Era de esperarse que Pablito Rodr\u00edguez Regordosa y Franco Rodr\u00edguez no actuaran a favor de quien en el pasado fue su amigo.<\/p>\n<p>Pero hay otras ausencias notables. Durante muchos a\u00f1os el ingeniero Jorge Ocejo fue un puntal para el equipo de Rivera, impuls\u00f3 muchas de las acciones de su grupo y trabaj\u00f3 comprometido con ese sector.<\/p>\n<p>Como muestra de amistad Eduardo Rivera llam\u00f3 a su hijo, \u00cd\u00f1igo, a hacerse cargo de un puesto administrativo durante su administraci\u00f3n.<\/p>\n<p>Los cercanos le avisaron al presidente sobre los manejos de Ocejo Rojo, pero Rivera guard\u00f3 silencio. Casos similares sucedieron con otros \u201cavisos\u201d, sobre el comportamiento de Alejandro Fabre Bandini y Amadeo Lara entre otros.<\/p>\n<p>Al inicio de la administraci\u00f3n de Rivera, Ocejo Rojo viv\u00eda en una residencia alquilada en un fraccionamiento de mediana condici\u00f3n econ\u00f3mica, despu\u00e9s construy\u00f3 una casa en el exclusivo fraccionamiento La Misi\u00f3n, residencia que no ocup\u00f3 por mucho tiempo, poco despu\u00e9s de terminar la gesti\u00f3n p\u00fablica y ante las denuncias contra la administraci\u00f3n de Rivera, \u00cd\u00f1igo Ocejo, el hijo de Jorge Ocejo, se fue a vivir fuera de M\u00e9xico.<\/p>\n<p>De ah\u00ed que hoy d\u00eda los cercanos a Lalo especulen por la ausencia de una manifestaci\u00f3n p\u00fablica de su antes protector y protegido.<\/p>\n<p>El tema viene a colaci\u00f3n por la llamada telef\u00f3nica del diputado panista unas horas antes de la votaci\u00f3n en el Congreso para invitar a Rivera a llegar a un acuerdo.<\/p>\n<p>\u00bfSer\u00e1 que Ocejo si lleg\u00f3 a un acuerdo? No ser\u00eda el \u00fanico caso, otros importantes l\u00edderes del viejo panismo tambi\u00e9n lo hicieron, el silencio es el ejemplo.<\/p>\n<p>O por lo menos, as\u00ed me lo parece.<\/p>\n<p>losperiodistas.com.mx@gmail.com<\/p>\n","protected":false},"excerpt":{"rendered":"<p>Por Jes\u00fas Manuel Hern\u00e1ndez De primera mano se conoce de la molestia dejada entre el grupo compacto de Eduardo Rivera [&hellip;]<\/p>\n","protected":false},"author":2,"featured_media":76,"comment_status":"open","ping_status":"open","sticky":false,"template":"","format":"video","meta":{"site-sidebar-layout":"default","site-content-layout":"","ast-site-content-layout":"default","site-content-style":"default","site-sidebar-style":"default","ast-global-header-display":"","ast-banner-title-visibility":"","ast-main-header-display":"","ast-hfb-above-header-display":"","ast-hfb-below-header-display":"","ast-hfb-mobile-header-display":"","site-post-title":"","ast-breadcrumbs-content":"","ast-featured-img":"","footer-sml-layout":"","theme-transparent-header-meta":"","adv-header-id-meta":"","stick-header-meta":"","header-above-stick-meta":"","header-main-stick-meta":"","header-below-stick-meta":"","astra-migrate-meta-layouts":"default","ast-page-background-enabled":"default","ast-page-background-meta":{"desktop":{"background-color":"var(--ast-global-color-4)","background-image":"","background-repeat":"repeat","background-position":"center center","background-size":"auto","background-attachment":"scroll","background-type":"","background-media":"","overlay-type":"","overlay-color":"","overlay-opacity":"","overlay-gradient":""},"tablet":{"background-color":"","background-image":"","background-repeat":"repeat","background-position":"center center","background-size":"auto","background-attachment":"scroll","background-type":"","background-media":"","overlay-type":"","overlay-color":"","overlay-opacity":"","overlay-gradient":""},"mobile":{"background-color":"","background-image":"","background-repeat":"repeat","background-position":"center center","background-size":"auto","background-attachment":"scroll","background-type":"","background-media":"","overlay-type":"","overlay-color":"","overlay-opacity":"","overlay-gradient":""}},"ast-content-background-meta":{"desktop":{"background-color":"var(--ast-global-color-5)","background-image":"","background-repeat":"repeat","background-position":"center center","background-size":"auto","background-attachment":"scroll","background-type":"","background-media":"","overlay-type":"","overlay-color":"","overlay-opacity":"","overlay-gradient":""},"tablet":{"background-color":"var(--ast-global-color-5)","background-image":"","background-repeat":"repeat","background-position":"center center","background-size":"auto","background-attachment":"scroll","background-type":"","background-media":"","overlay-type":"","overlay-color":"","overlay-opacity":"","overlay-gradient":""},"mobile":{"background-color":"var(--ast-global-color-5)","background-image":"","background-repeat":"repeat","background-position":"center center","background-size":"auto","background-attachment":"scroll","background-type":"","background-media":"","overlay-type":"","overlay-color":"","overlay-opacity":"","overlay-gradient":""}},"footnotes":""},"categories":[5],"tags":[],"class_list":["post-75","post","type-post","status-publish","format-video","has-post-thumbnail","hentry","category-por-soleares","post_format-post-format-video"],"_links":{"self":[{"href":"https:\/\/losperiodistas.com.mx\/portal\/wp-json\/wp\/v2\/posts\/75","targetHints":{"allow":["GET"]}}],"collection":[{"href":"https:\/\/losperiodistas.com.mx\/portal\/wp-json\/wp\/v2\/posts"}],"about":[{"href":"https:\/\/losperiodistas.com.mx\/portal\/wp-json\/wp\/v2\/types\/post"}],"author":[{"embeddable":true,"href":"https:\/\/losperiodistas.com.mx\/portal\/wp-json\/wp\/v2\/users\/2"}],"replies":[{"embeddable":true,"href":"https:\/\/losperiodistas.com.mx\/portal\/wp-json\/wp\/v2\/comments?post=75"}],"version-history":[{"count":1,"href":"https:\/\/losperiodistas.com.mx\/portal\/wp-json\/wp\/v2\/posts\/75\/revisions"}],"predecessor-version":[{"id":77,"href":"https:\/\/losperiodistas.com.mx\/portal\/wp-json\/wp\/v2\/posts\/75\/revisions\/77"}],"wp:featuredmedia":[{"embeddable":true,"href":"https:\/\/losperiodistas.com.mx\/portal\/wp-json\/wp\/v2\/media\/76"}],"wp:attachment":[{"href":"https:\/\/losperiodistas.com.mx\/portal\/wp-json\/wp\/v2\/media?parent=75"}],"wp:term":[{"taxonomy":"category","embeddable":true,"href":"https:\/\/losperiodistas.com.mx\/portal\/wp-json\/wp\/v2\/categories?post=75"},{"taxonomy":"post_tag","embeddable":true,"href":"https:\/\/losperiodistas.com.mx\/portal\/wp-json\/wp\/v2\/tags?post=75"}],"curies":[{"name":"wp","href":"https:\/\/api.w.org\/{rel}","templated":true}]}}