{"id":74945,"date":"2024-05-23T07:03:14","date_gmt":"2024-05-23T12:03:14","guid":{"rendered":"https:\/\/losperiodistas.com.mx\/portal\/?p=74945"},"modified":"2024-05-23T07:03:16","modified_gmt":"2024-05-23T12:03:16","slug":"opinion-en-el-sotano","status":"publish","type":"post","link":"https:\/\/losperiodistas.com.mx\/portal\/opinion-en-el-sotano\/","title":{"rendered":"Opini\u00f3n | En el s\u00f3tano"},"content":{"rendered":"\n<p><\/p>\n\n\n\n<p class=\"has-vivid-red-color has-text-color\" style=\"font-size:26px\"><strong><em>Por Fernando Manzanilla Prieto<\/em><\/strong><\/p>\n\n\n\n<p><\/p>\n\n\n\n<p>La esperanza y el anhelo de ver a Puebla destacarse por sus atributos positivos es un sentimiento compartido por todos los que habitamos en este estado. Queremos que esta tierra sea reconocida no solo por su riqueza cultural e hist\u00f3rica, sino tambi\u00e9n por una calidad de vida que haga justicia a sus habitantes.<\/p>\n\n\n\n<p>Sin embargo, los rankings recientes que eval\u00faan el desarrollo social, econ\u00f3mico y pol\u00edtico a nivel nacional y estatal presentan un panorama desalentador. En lugar de avanzar hacia una posici\u00f3n destacada, hemos observado un descenso preocupante en varios indicadores clave, lo cual sugiere que Puebla enfrenta serios desaf\u00edos que necesitan ser abordados con urgencia.<\/p>\n\n\n\n<p>Precisamente, la edici\u00f3n 2024 del \u00cdndice de Competitividad Estatal (ICE) realizado por el Instituto Mexicano para la Competitividad (IMCO) a trav\u00e9s del cual se eval\u00faan las fortalezas y debilidades de las 32 entidades de la Rep\u00fablica -midiendo indicadores como la innovaci\u00f3n y econom\u00eda, infraestructura, mercado de trabajo, sociedad y medio ambiente, estado de derecho, as\u00ed como sistema pol\u00edtico y gobiernos-, sit\u00faa a Puebla en la posici\u00f3n 28 de 32, es decir como la quinta entidad en el pa\u00eds menos competitiva.<\/p>\n\n\n\n<p>Desafortunadamente, esta tendencia negativa se ha visto exacerbada en el \u00faltimo a\u00f1o ya que, tan s\u00f3lo uno antes, en el 2023, la entidad contaba con una mejor evaluaci\u00f3n al ubicarse seis esca\u00f1os antes, en la posici\u00f3n 22; y no s\u00f3lo eso, sino que adem\u00e1s este 2024 la entidad se coloca en la peor posici\u00f3n de esta m\u00e9trica en los \u00faltimos 10 a\u00f1os. La \u00faltima vez que ocup\u00f3 una posici\u00f3n as\u00ed de baja fue en el conteo 2006, cuando estaba en la posici\u00f3n 26.<\/p>\n\n\n\n<p>Este 2024, el estado s\u00f3lo est\u00e1 por encima de Michoac\u00e1n, Chiapas, Guerrero y Oaxaca, lo cual debe mantener los focos rojos encendidos, ya que como dec\u00edan antes las abuelitas: \u201cdime con qui\u00e9n andas y te dir\u00e9 qui\u00e9n eres.<\/p>\n\n\n\n<p>Desglosando con mayor profundidad este \u00edndice, encontramos que, en t\u00e9rminos de innovaci\u00f3n y econom\u00eda, de manera general, Puebla se coloc\u00f3 en la posici\u00f3n 19 de 32, pero dentro de \u00e9ste el indicador con un desempe\u00f1o m\u00e1s bajo fue el del PIB per c\u00e1pita (en la posici\u00f3n 28 de 32) el cual fue de $156,567 pesos por habitante en la entidad cuando para la CDMX, ubicada en la primera posici\u00f3n, fue de $505,295.<\/p>\n\n\n\n<p>Desafortunadamente, este \u00edndice tambi\u00e9n evidencia en el rubro de sociedad y medio ambiente, un retroceso alarmante para la entidad la cual aparece en el lugar 30 de 32. Entre los sub \u00edndices que incluye este apartado se encuentra el de la salud, el cual refleja que solo 24% de la poblaci\u00f3n ocupada tiene acceso a servicios de salud; adem\u00e1s de que se reporta una baja disponibilidad de personal m\u00e9dico con especialidad con un 0.64 por cada mil habitantes, lo cual nos coloca en la posici\u00f3n 31 de 32 estados.<\/p>\n\n\n\n<p>En lo laboral, Puebla est\u00e1 entre los cinco estados con menor desempe\u00f1o con un 70% de la poblaci\u00f3n ocupada que se encuentra en condici\u00f3n de informalidad. As\u00ed mismo es el estado con el quinto ingreso salarial m\u00e1s bajo a nivel nacional, con un ingreso promedio de 7 mil 664 pesos al mes, lo que representa pr\u00e1cticamente el 50% de lo que recibe un trabajador al mes en Baja California Sur, que se ubica en la primera posici\u00f3n con $14,718.<\/p>\n\n\n\n<p>Pol\u00edticamente, tambi\u00e9n Puebla enfrenta numerosos desaf\u00edos que han afectado la confianza de la ciudadan\u00eda en las instituciones. Casos de corrupci\u00f3n y falta de transparencia han minado la credibilidad del gobierno y han dificultado la implementaci\u00f3n de pol\u00edticas p\u00fablicas efectivas.<\/p>\n\n\n\n<p>Precisamente, este ranking del IMCO muestra que el 88% de los ciudadanos considera que los actos de corrupci\u00f3n en Puebla son frecuentes o muy frecuentes, lo que lo posiciona en la tercera peor evaluada del pa\u00eds en este rubro. Aunado a ello, es el peor evaluado en estado de derecho (la 32 de 32 entidades) con s\u00f3lo el 33% de la participaci\u00f3n ciudadana, misma posici\u00f3n en la que coincide con el robo de veh\u00edculos, con 8 por cada mil veh\u00edculos registrados.<\/p>\n\n\n\n<p>Hoy los datos nos muestran un sombr\u00edo panorama: estamos en el subdesarrollo pol\u00edtico, econ\u00f3mico y social, pero tambi\u00e9n ante un llamado a movernos con rapidez para salir del s\u00f3tano en el que como entidad estamos sumidos.<\/p>\n\n\n\n<p>Necesitamos lograr una acci\u00f3n concertada y sostenida por parte de todos los sectores de la sociedad: gobierno, empresas, organizaciones civiles y ciudadanos, lo que en ocasiones anteriores he enmarcado como la urgente necesidad de la construcci\u00f3n de un nuevo pacto social para Puebla, con el cual no s\u00f3lo mejoraremos estos indicadores sino, sobre todo, el bienestar integral de las y los poblanos.<\/p>\n","protected":false},"excerpt":{"rendered":"<p>Por Fernando Manzanilla Prieto La esperanza y el anhelo de ver a Puebla destacarse por sus atributos positivos es un [&hellip;]<\/p>\n","protected":false},"author":1,"featured_media":72116,"comment_status":"open","ping_status":"open","sticky":false,"template":"","format":"standard","meta":{"site-sidebar-layout":"default","site-content-layout":"","ast-site-content-layout":"default","site-content-style":"default","site-sidebar-style":"default","ast-global-header-display":"","ast-banner-title-visibility":"","ast-main-header-display":"","ast-hfb-above-header-display":"","ast-hfb-below-header-display":"","ast-hfb-mobile-header-display":"","site-post-title":"","ast-breadcrumbs-content":"","ast-featured-img":"","footer-sml-layout":"","theme-transparent-header-meta":"","adv-header-id-meta":"","stick-header-meta":"","header-above-stick-meta":"","header-main-stick-meta":"","header-below-stick-meta":"","astra-migrate-meta-layouts":"default","ast-page-background-enabled":"default","ast-page-background-meta":{"desktop":{"background-color":"var(--ast-global-color-4)","background-image":"","background-repeat":"repeat","background-position":"center center","background-size":"auto","background-attachment":"scroll","background-type":"","background-media":"","overlay-type":"","overlay-color":"","overlay-opacity":"","overlay-gradient":""},"tablet":{"background-color":"","background-image":"","background-repeat":"repeat","background-position":"center center","background-size":"auto","background-attachment":"scroll","background-type":"","background-media":"","overlay-type":"","overlay-color":"","overlay-opacity":"","overlay-gradient":""},"mobile":{"background-color":"","background-image":"","background-repeat":"repeat","background-position":"center center","background-size":"auto","background-attachment":"scroll","background-type":"","background-media":"","overlay-type":"","overlay-color":"","overlay-opacity":"","overlay-gradient":""}},"ast-content-background-meta":{"desktop":{"background-color":"var(--ast-global-color-5)","background-image":"","background-repeat":"repeat","background-position":"center center","background-size":"auto","background-attachment":"scroll","background-type":"","background-media":"","overlay-type":"","overlay-color":"","overlay-opacity":"","overlay-gradient":""},"tablet":{"background-color":"var(--ast-global-color-5)","background-image":"","background-repeat":"repeat","background-position":"center center","background-size":"auto","background-attachment":"scroll","background-type":"","background-media":"","overlay-type":"","overlay-color":"","overlay-opacity":"","overlay-gradient":""},"mobile":{"background-color":"var(--ast-global-color-5)","background-image":"","background-repeat":"repeat","background-position":"center center","background-size":"auto","background-attachment":"scroll","background-type":"","background-media":"","overlay-type":"","overlay-color":"","overlay-opacity":"","overlay-gradient":""}},"footnotes":""},"categories":[24,8],"tags":[10875,25300],"class_list":["post-74945","post","type-post","status-publish","format-standard","has-post-thumbnail","hentry","category-fernando-manzanilla","category-noticias","tag-imco","tag-puebla-mal-calificado"],"_links":{"self":[{"href":"https:\/\/losperiodistas.com.mx\/portal\/wp-json\/wp\/v2\/posts\/74945","targetHints":{"allow":["GET"]}}],"collection":[{"href":"https:\/\/losperiodistas.com.mx\/portal\/wp-json\/wp\/v2\/posts"}],"about":[{"href":"https:\/\/losperiodistas.com.mx\/portal\/wp-json\/wp\/v2\/types\/post"}],"author":[{"embeddable":true,"href":"https:\/\/losperiodistas.com.mx\/portal\/wp-json\/wp\/v2\/users\/1"}],"replies":[{"embeddable":true,"href":"https:\/\/losperiodistas.com.mx\/portal\/wp-json\/wp\/v2\/comments?post=74945"}],"version-history":[{"count":1,"href":"https:\/\/losperiodistas.com.mx\/portal\/wp-json\/wp\/v2\/posts\/74945\/revisions"}],"predecessor-version":[{"id":74946,"href":"https:\/\/losperiodistas.com.mx\/portal\/wp-json\/wp\/v2\/posts\/74945\/revisions\/74946"}],"wp:featuredmedia":[{"embeddable":true,"href":"https:\/\/losperiodistas.com.mx\/portal\/wp-json\/wp\/v2\/media\/72116"}],"wp:attachment":[{"href":"https:\/\/losperiodistas.com.mx\/portal\/wp-json\/wp\/v2\/media?parent=74945"}],"wp:term":[{"taxonomy":"category","embeddable":true,"href":"https:\/\/losperiodistas.com.mx\/portal\/wp-json\/wp\/v2\/categories?post=74945"},{"taxonomy":"post_tag","embeddable":true,"href":"https:\/\/losperiodistas.com.mx\/portal\/wp-json\/wp\/v2\/tags?post=74945"}],"curies":[{"name":"wp","href":"https:\/\/api.w.org\/{rel}","templated":true}]}}