{"id":74849,"date":"2024-05-21T20:26:00","date_gmt":"2024-05-22T01:26:00","guid":{"rendered":"http:\/\/losperiodistas.com.mx\/portal\/?p=74849"},"modified":"2024-05-21T21:50:20","modified_gmt":"2024-05-22T02:50:20","slug":"cuenta-de-redes-de-trump-comparte-video-sobre-un-reich-unificado","status":"publish","type":"post","link":"https:\/\/losperiodistas.com.mx\/portal\/cuenta-de-redes-de-trump-comparte-video-sobre-un-reich-unificado\/","title":{"rendered":"Cuenta de redes sociales de Trump comparte video de campa\u00f1a sobre \u00abun Reich unificado\u00bb | Proceso"},"content":{"rendered":"\n<p><strong>El video, de 30 segundos de duraci\u00f3n, apareci\u00f3 el lunes en la cuenta de Trump en un momento en que el virtual candidato republicano a la presidencia ha enfrentado cr\u00edticas por usar un lenguaje y una ret\u00f3rica asociados con la Alemania nazi<\/strong>.<\/p>\n\n\n\n<figure class=\"wp-block-image size-large\"><img fetchpriority=\"high\" decoding=\"async\" width=\"1024\" height=\"684\" src=\"https:\/\/losperiodistas.com.mx\/portal\/wp-content\/uploads\/2024\/05\/Captura-de-pantalla-2024-05-21-204234-1024x684.png\" alt=\"\" class=\"wp-image-74850\" srcset=\"https:\/\/losperiodistas.com.mx\/portal\/wp-content\/uploads\/2024\/05\/Captura-de-pantalla-2024-05-21-204234-1024x684.png 1024w, https:\/\/losperiodistas.com.mx\/portal\/wp-content\/uploads\/2024\/05\/Captura-de-pantalla-2024-05-21-204234-300x200.png 300w, https:\/\/losperiodistas.com.mx\/portal\/wp-content\/uploads\/2024\/05\/Captura-de-pantalla-2024-05-21-204234-768x513.png 768w, https:\/\/losperiodistas.com.mx\/portal\/wp-content\/uploads\/2024\/05\/Captura-de-pantalla-2024-05-21-204234.png 1354w\" sizes=\"(max-width: 1024px) 100vw, 1024px\" \/><figcaption><strong>Trump.<\/strong> El expresidente. Foto: @TrumpDailyPosts<\/figcaption><\/figure>\n\n\n\n<p class=\"has-vivid-red-color has-text-color\">Redacci\u00f3n \/ Proceso<\/p>\n\n\n\n<p>Un video publicado en la cuenta de Donald Trump en su red social incluye referencias a un <em>\u201cReich unificado\u201d<\/em> entre titulares period\u00edsticos hipot\u00e9ticos si gana la elecci\u00f3n presidencial en noviembre.<\/p>\n\n\n\n<p>El encabezado aparece entre mensajes que destellan en la pantalla, como \u201c\u00a1\u00a1Trump gana!!\u201d y \u201c\u00a1La econom\u00eda en auge!\u201d Otros encabezados parecen ser referencias a la Primera Guerra Mundial.<\/p>\n\n\n\n<p>La palabra \u201cReich\u201d suele asociarse en gran medida con el Tercer Reich de la Alemania nazi, aunque las referencias del video compartido por Trump parecen relacionarse con la formaci\u00f3n de la moderna naci\u00f3n pangerm\u00e1nica, que unific\u00f3 a estados m\u00e1s peque\u00f1os en un solo Reich, o imperio, en 1871.<\/p>\n\n\n\n<p>El video, de 30 segundos de duraci\u00f3n, apareci\u00f3 el lunes en la cuenta de Trump en un momento en que el virtual candidato republicano a la presidencia ha enfrentado cr\u00edticas por usar un lenguaje y una ret\u00f3rica asociados con la Alemania nazi, al tiempo que trata de mostrar al presidente Joe Biden como demasiado d\u00e9bil ante el antisemitismo.<\/p>\n\n\n\n<p>El video fue publicado y compartido la tarde del lunes en la cuenta de <strong>Truth Social <\/strong>del expresidente mientras \u00e9ste se encontraba en una pausa para almorzar en su juicio por ofrecer dinero a cambio de silenciar noticias perjudiciales en su contra que se realiza en Manhattan.<\/p>\n\n\n\n<p>La ma\u00f1ana del martes, la publicaci\u00f3n que inclu\u00eda el video hab\u00eda sido eliminada.<\/p>\n\n\n\n<p><em>\u201cNo era un video de campa\u00f1a, fue creado por una cuenta aleatoria en l\u00ednea y republicado por un miembro del personal, que claramente no vio la palabra, mientras el presidente estaba en el tribunal\u201d, dij<\/em>o en un comunicado Karoline Leavitt, secretaria de prensa del equipo de campa\u00f1a de Trump.<\/p>\n\n\n\n<p>A principios de este mes, Trump dijo en un evento de recaudaci\u00f3n de fondos que Biden dirige <em>\u201cun gobierno estilo Gestapo\u201d<\/em>, refiri\u00e9ndose a la polic\u00eda secreta nazi.<\/p>\n\n\n\n<p>En el pasado, Trump us\u00f3 una ret\u00f3rica que record\u00f3 a la de Adolf Hitler cuando dijo que los inmigrantes que entran sin autorizaci\u00f3n a Estados Unidos \u201cenvenenan la sangre de nuestro pa\u00eds\u201d y llam\u00f3 \u201cgusanos\u201d a sus opositores.<\/p>\n\n\n\n<p>Fuente: <a href=\"https:\/\/www.proceso.com.mx\/internacional\/2024\/5\/21\/cuenta-de-redes-sociales-de-trump-comparte-video-de-campana-sobre-un-reich-unificado-329381.html\" target=\"_blank\" rel=\"noreferrer noopener\">Proceso<\/a><\/p>\n","protected":false},"excerpt":{"rendered":"<p>El video, de 30 segundos de duraci\u00f3n, apareci\u00f3 el lunes en la cuenta de Trump en un momento en que el virtual candidato republicano a la presidencia ha enfrentado cr\u00edticas por usar un lenguaje y una ret\u00f3rica asociados con la Alemania nazi.<\/p>\n","protected":false},"author":1,"featured_media":74850,"comment_status":"open","ping_status":"open","sticky":false,"template":"","format":"standard","meta":{"site-sidebar-layout":"default","site-content-layout":"","ast-site-content-layout":"default","site-content-style":"default","site-sidebar-style":"default","ast-global-header-display":"","ast-banner-title-visibility":"","ast-main-header-display":"","ast-hfb-above-header-display":"","ast-hfb-below-header-display":"","ast-hfb-mobile-header-display":"","site-post-title":"","ast-breadcrumbs-content":"","ast-featured-img":"","footer-sml-layout":"","theme-transparent-header-meta":"","adv-header-id-meta":"","stick-header-meta":"","header-above-stick-meta":"","header-main-stick-meta":"","header-below-stick-meta":"","astra-migrate-meta-layouts":"default","ast-page-background-enabled":"default","ast-page-background-meta":{"desktop":{"background-color":"var(--ast-global-color-4)","background-image":"","background-repeat":"repeat","background-position":"center center","background-size":"auto","background-attachment":"scroll","background-type":"","background-media":"","overlay-type":"","overlay-color":"","overlay-opacity":"","overlay-gradient":""},"tablet":{"background-color":"","background-image":"","background-repeat":"repeat","background-position":"center center","background-size":"auto","background-attachment":"scroll","background-type":"","background-media":"","overlay-type":"","overlay-color":"","overlay-opacity":"","overlay-gradient":""},"mobile":{"background-color":"","background-image":"","background-repeat":"repeat","background-position":"center center","background-size":"auto","background-attachment":"scroll","background-type":"","background-media":"","overlay-type":"","overlay-color":"","overlay-opacity":"","overlay-gradient":""}},"ast-content-background-meta":{"desktop":{"background-color":"var(--ast-global-color-5)","background-image":"","background-repeat":"repeat","background-position":"center center","background-size":"auto","background-attachment":"scroll","background-type":"","background-media":"","overlay-type":"","overlay-color":"","overlay-opacity":"","overlay-gradient":""},"tablet":{"background-color":"var(--ast-global-color-5)","background-image":"","background-repeat":"repeat","background-position":"center center","background-size":"auto","background-attachment":"scroll","background-type":"","background-media":"","overlay-type":"","overlay-color":"","overlay-opacity":"","overlay-gradient":""},"mobile":{"background-color":"var(--ast-global-color-5)","background-image":"","background-repeat":"repeat","background-position":"center center","background-size":"auto","background-attachment":"scroll","background-type":"","background-media":"","overlay-type":"","overlay-color":"","overlay-opacity":"","overlay-gradient":""}},"footnotes":""},"categories":[8],"tags":[25256,25255,10989,7955],"class_list":["post-74849","post","type-post","status-publish","format-standard","has-post-thumbnail","hentry","category-noticias","tag-alemania-nazi","tag-reich-unificado","tag-trump","tag-truth-social"],"_links":{"self":[{"href":"https:\/\/losperiodistas.com.mx\/portal\/wp-json\/wp\/v2\/posts\/74849","targetHints":{"allow":["GET"]}}],"collection":[{"href":"https:\/\/losperiodistas.com.mx\/portal\/wp-json\/wp\/v2\/posts"}],"about":[{"href":"https:\/\/losperiodistas.com.mx\/portal\/wp-json\/wp\/v2\/types\/post"}],"author":[{"embeddable":true,"href":"https:\/\/losperiodistas.com.mx\/portal\/wp-json\/wp\/v2\/users\/1"}],"replies":[{"embeddable":true,"href":"https:\/\/losperiodistas.com.mx\/portal\/wp-json\/wp\/v2\/comments?post=74849"}],"version-history":[{"count":1,"href":"https:\/\/losperiodistas.com.mx\/portal\/wp-json\/wp\/v2\/posts\/74849\/revisions"}],"predecessor-version":[{"id":74851,"href":"https:\/\/losperiodistas.com.mx\/portal\/wp-json\/wp\/v2\/posts\/74849\/revisions\/74851"}],"wp:featuredmedia":[{"embeddable":true,"href":"https:\/\/losperiodistas.com.mx\/portal\/wp-json\/wp\/v2\/media\/74850"}],"wp:attachment":[{"href":"https:\/\/losperiodistas.com.mx\/portal\/wp-json\/wp\/v2\/media?parent=74849"}],"wp:term":[{"taxonomy":"category","embeddable":true,"href":"https:\/\/losperiodistas.com.mx\/portal\/wp-json\/wp\/v2\/categories?post=74849"},{"taxonomy":"post_tag","embeddable":true,"href":"https:\/\/losperiodistas.com.mx\/portal\/wp-json\/wp\/v2\/tags?post=74849"}],"curies":[{"name":"wp","href":"https:\/\/api.w.org\/{rel}","templated":true}]}}