{"id":74839,"date":"2024-05-21T19:04:53","date_gmt":"2024-05-22T00:04:53","guid":{"rendered":"http:\/\/losperiodistas.com.mx\/portal\/?p=74839"},"modified":"2024-05-21T19:04:56","modified_gmt":"2024-05-22T00:04:56","slug":"coparmex-rompe-con-morena-ningun-candidato-quiso-dialogar-con-empresarios-e-consulta","status":"publish","type":"post","link":"https:\/\/losperiodistas.com.mx\/portal\/coparmex-rompe-con-morena-ningun-candidato-quiso-dialogar-con-empresarios-e-consulta\/","title":{"rendered":"Coparmex rompe con Morena: ning\u00fan candidato quiso dialogar con empresarios | e-consulta"},"content":{"rendered":"\n<p>El presidente de Coparmex Puebla calific\u00f3 de preocupante que a los aspirantes de Morena Puebla \u201cles cueste tanto sentarse a dialogar con quienes podr\u00edan cuestionarlos\u201d<\/p>\n\n\n\n<figure class=\"wp-block-image size-full\"><img fetchpriority=\"high\" decoding=\"async\" width=\"956\" height=\"641\" src=\"https:\/\/losperiodistas.com.mx\/portal\/wp-content\/uploads\/2024\/05\/Captura-de-pantalla-2024-05-21-175740.png\" alt=\"Coparmex-Morena\" class=\"wp-image-74840\" srcset=\"https:\/\/losperiodistas.com.mx\/portal\/wp-content\/uploads\/2024\/05\/Captura-de-pantalla-2024-05-21-175740.png 956w, https:\/\/losperiodistas.com.mx\/portal\/wp-content\/uploads\/2024\/05\/Captura-de-pantalla-2024-05-21-175740-300x201.png 300w, https:\/\/losperiodistas.com.mx\/portal\/wp-content\/uploads\/2024\/05\/Captura-de-pantalla-2024-05-21-175740-768x515.png 768w\" sizes=\"(max-width: 956px) 100vw, 956px\" \/><figcaption>Foto: e-consulta <\/figcaption><\/figure>\n\n\n\n<p class=\"has-vivid-red-color has-text-color\">Fernanda Potenciano \/ E-Consulta<\/p>\n\n\n\n<p>La <strong>Confederaci\u00f3n Patronal de la Rep\u00fablica Mexicana (Coparmex) Puebla<\/strong> se\u00f1al\u00f3 que pese a los encuentros que sostuvo el organismo con distintos <strong>candidatos<\/strong> en el estado, el gran ausente fue <strong>Morena<\/strong>, pues incluso <strong>Alejandro Armenta<\/strong>, aspirante a la gubernatura, <strong>cancel\u00f3 su participaci\u00f3n<\/strong>.<\/p>\n\n\n\n<p>En rueda de prensa <strong>Rub\u00e9n Furlong Mart\u00ednez<\/strong>, presidente de la <strong>Confederaci\u00f3n Patronal de la Rep\u00fablica Mexicana (Coparmex)<\/strong> en Puebla, se\u00f1al\u00f3 que a trav\u00e9s de <strong>\u201cDi\u00e1logos por la democracia\u201d<\/strong> 25 candidatos firmaron el acuerdo en el que la principal misi\u00f3n es comprometerse a abonar al <strong>desarrollo inclusivo en el estado<\/strong>.<\/p>\n\n\n\n<blockquote class=\"twitter-tweet\"><p lang=\"es\" dir=\"ltr\">Es preocupante que los aspirantes a puestos de elecci\u00f3n popular de <a href=\"https:\/\/twitter.com\/MorenaSi_Puebla?ref_src=twsrc%5Etfw\">@MorenaSi_Puebla<\/a> les cueste tanto sentarse a dialogar con quienes podr\u00edan cuestionarlos o disentir en algunos temas.<br><br>En <a href=\"https:\/\/twitter.com\/CoparmexPuebla?ref_src=twsrc%5Etfw\">@CoparmexPuebla<\/a> siempre estaremos abiertos al di\u00e1logo franco, respetuoso y propositivo.\u2026 <a href=\"https:\/\/t.co\/KNK8oBYnCA\">pic.twitter.com\/KNK8oBYnCA<\/a><\/p>&mdash; Rub\u00e9n Furlong Mart\u00ednez (@CoparmexPdtePue) <a href=\"https:\/\/twitter.com\/CoparmexPdtePue\/status\/1793014890707227003?ref_src=twsrc%5Etfw\">May 21, 2024<\/a><\/blockquote> <script async src=\"https:\/\/platform.twitter.com\/widgets.js\" charset=\"utf-8\"><\/script> \n\n\n\n<p>\u201cEs preocupante que los aspirantes a puestos de elecci\u00f3n popular de Morena Puebla les cueste tanto sentarse a dialogar con quienes podr\u00edan cuestionarlos o disentir en algunos temas\u201d, se\u00f1al\u00f3 el presidente de Coparmex mediante redes sociales.<\/p>\n\n\n\n<p>Adem\u00e1s, indic\u00f3 que dos candidatos a la gubernatura, <strong>Eduardo Rivera P\u00e9rez<\/strong>, por la coalici\u00f3n <strong>Mejor Rumbo para Puebla<\/strong>, y<strong> Fernando Morales<\/strong>, de <strong>Movimiento Ciudadano<\/strong>, firmaron el acuerdo. Sn embargo, <strong>Alejandro Armenta Mier<\/strong>, candidato de la coalici\u00f3n <strong>Seguimos Haciendo Historia en Puebla<\/strong>, cancel\u00f3 formalmente dialogar con la c\u00e1mara.<\/p>\n\n\n\n<p>Tambi\u00e9n recibieron a 26 candidatos, de los cuales 25 se adhirieron al acuerdo de la c\u00e1mara; entre los partidos recibidos se encuentran <strong>PAN<\/strong>, <strong>PRI<\/strong>, <strong>PRD<\/strong>, <strong>PSI<\/strong>, <strong>PT<\/strong>, <strong>PVEM<\/strong>, <strong>MC<\/strong> y <strong>Nueva Alianza<\/strong>, exceptuando a <strong>Morena<\/strong>.<\/p>\n\n\n\n<p>Se\u00f1al\u00f3 que de la <strong>coalici\u00f3n Seguimos Haciendo Historia<\/strong> se recibieron a candidatos registrados por el <strong>PVEM<\/strong> y otros dos registrados por el <strong>Partido del Trabajo<\/strong>, por ello calific\u00f3 el rechazo de Morena como <strong>motivo de preocupaci\u00f3n<\/strong>.<\/p>\n\n\n\n<p>En este contexto, Furlong Mart\u00ednez critic\u00f3 que de ganar Morena las elecciones, ser\u00e1n <strong>funcionarios que \u201cnunca vamos a ver\u201d<\/strong>, pues record\u00f3 que ya han existido gobernadores que \u201cse encierran en sus palacetes\u201d.<\/p>\n\n\n\n<h2 class=\"wp-block-heading\"><strong>Coparmex, dispuesta a organizar y financiar el segundo debate<\/strong><\/h2>\n\n\n\n<p>Sobre la idea de que la <strong>iniciativa privada<\/strong> y <strong>sociedad civil<\/strong> organicen el segundo debate, el <strong>presidente de Coparmex<\/strong> se dijo dispuesto a sumarse a la iniciativa; pero para ello los tres candidatos deb\u00edan acceder.<\/p>\n\n\n\n<p>En este sentido, se\u00f1al\u00f3 que ser\u00e1 complicado que se pueda realizar un <strong>tercer debate<\/strong> debido al tiempo restante, pero entre universidades y centros empresariales, m\u00e1s la cooperaci\u00f3n de los candidatos, este ser\u00eda posible. (MCJ)<\/p>\n\n\n\n<p>Fuente: <a href=\"https:\/\/www.e-consulta.com\/nota\/2024-05-21\/elecciones\/coparmex-rompe-con-morena-ningun-candidato-quiso-dialogar-con-empresarios\" target=\"_blank\" rel=\"noreferrer noopener\">e-consulta<\/a><\/p>\n","protected":false},"excerpt":{"rendered":"<p>El presidente de Coparmex Puebla calific\u00f3 de preocupante que a los aspirantes de Morena Puebla \u201cles cueste tanto sentarse a dialogar con quienes podr\u00edan cuestionarlos\u201d<\/p>\n","protected":false},"author":1,"featured_media":74840,"comment_status":"open","ping_status":"open","sticky":false,"template":"","format":"standard","meta":{"site-sidebar-layout":"default","site-content-layout":"","ast-site-content-layout":"default","site-content-style":"default","site-sidebar-style":"default","ast-global-header-display":"","ast-banner-title-visibility":"","ast-main-header-display":"","ast-hfb-above-header-display":"","ast-hfb-below-header-display":"","ast-hfb-mobile-header-display":"","site-post-title":"","ast-breadcrumbs-content":"","ast-featured-img":"","footer-sml-layout":"","theme-transparent-header-meta":"","adv-header-id-meta":"","stick-header-meta":"","header-above-stick-meta":"","header-main-stick-meta":"","header-below-stick-meta":"","astra-migrate-meta-layouts":"default","ast-page-background-enabled":"default","ast-page-background-meta":{"desktop":{"background-color":"var(--ast-global-color-4)","background-image":"","background-repeat":"repeat","background-position":"center center","background-size":"auto","background-attachment":"scroll","background-type":"","background-media":"","overlay-type":"","overlay-color":"","overlay-opacity":"","overlay-gradient":""},"tablet":{"background-color":"","background-image":"","background-repeat":"repeat","background-position":"center center","background-size":"auto","background-attachment":"scroll","background-type":"","background-media":"","overlay-type":"","overlay-color":"","overlay-opacity":"","overlay-gradient":""},"mobile":{"background-color":"","background-image":"","background-repeat":"repeat","background-position":"center center","background-size":"auto","background-attachment":"scroll","background-type":"","background-media":"","overlay-type":"","overlay-color":"","overlay-opacity":"","overlay-gradient":""}},"ast-content-background-meta":{"desktop":{"background-color":"var(--ast-global-color-5)","background-image":"","background-repeat":"repeat","background-position":"center center","background-size":"auto","background-attachment":"scroll","background-type":"","background-media":"","overlay-type":"","overlay-color":"","overlay-opacity":"","overlay-gradient":""},"tablet":{"background-color":"var(--ast-global-color-5)","background-image":"","background-repeat":"repeat","background-position":"center center","background-size":"auto","background-attachment":"scroll","background-type":"","background-media":"","overlay-type":"","overlay-color":"","overlay-opacity":"","overlay-gradient":""},"mobile":{"background-color":"var(--ast-global-color-5)","background-image":"","background-repeat":"repeat","background-position":"center center","background-size":"auto","background-attachment":"scroll","background-type":"","background-media":"","overlay-type":"","overlay-color":"","overlay-opacity":"","overlay-gradient":""}},"footnotes":""},"categories":[8],"tags":[6839,25253,247,6874],"class_list":["post-74839","post","type-post","status-publish","format-standard","has-post-thumbnail","hentry","category-noticias","tag-coparmex","tag-dialogos-por-la-democracia","tag-morena","tag-ruben-furlong"],"_links":{"self":[{"href":"https:\/\/losperiodistas.com.mx\/portal\/wp-json\/wp\/v2\/posts\/74839","targetHints":{"allow":["GET"]}}],"collection":[{"href":"https:\/\/losperiodistas.com.mx\/portal\/wp-json\/wp\/v2\/posts"}],"about":[{"href":"https:\/\/losperiodistas.com.mx\/portal\/wp-json\/wp\/v2\/types\/post"}],"author":[{"embeddable":true,"href":"https:\/\/losperiodistas.com.mx\/portal\/wp-json\/wp\/v2\/users\/1"}],"replies":[{"embeddable":true,"href":"https:\/\/losperiodistas.com.mx\/portal\/wp-json\/wp\/v2\/comments?post=74839"}],"version-history":[{"count":1,"href":"https:\/\/losperiodistas.com.mx\/portal\/wp-json\/wp\/v2\/posts\/74839\/revisions"}],"predecessor-version":[{"id":74841,"href":"https:\/\/losperiodistas.com.mx\/portal\/wp-json\/wp\/v2\/posts\/74839\/revisions\/74841"}],"wp:featuredmedia":[{"embeddable":true,"href":"https:\/\/losperiodistas.com.mx\/portal\/wp-json\/wp\/v2\/media\/74840"}],"wp:attachment":[{"href":"https:\/\/losperiodistas.com.mx\/portal\/wp-json\/wp\/v2\/media?parent=74839"}],"wp:term":[{"taxonomy":"category","embeddable":true,"href":"https:\/\/losperiodistas.com.mx\/portal\/wp-json\/wp\/v2\/categories?post=74839"},{"taxonomy":"post_tag","embeddable":true,"href":"https:\/\/losperiodistas.com.mx\/portal\/wp-json\/wp\/v2\/tags?post=74839"}],"curies":[{"name":"wp","href":"https:\/\/api.w.org\/{rel}","templated":true}]}}