{"id":74836,"date":"2024-05-21T18:25:22","date_gmt":"2024-05-21T23:25:22","guid":{"rendered":"http:\/\/losperiodistas.com.mx\/portal\/?p=74836"},"modified":"2024-05-21T18:25:25","modified_gmt":"2024-05-21T23:25:25","slug":"por-que-hay-un-conflicto-diplomatico-entre-argentina-y-espana","status":"publish","type":"post","link":"https:\/\/losperiodistas.com.mx\/portal\/por-que-hay-un-conflicto-diplomatico-entre-argentina-y-espana\/","title":{"rendered":"\u00bfPor qu\u00e9 hay un conflicto diplom\u00e1tico entre Argentina y Espa\u00f1a?"},"content":{"rendered":"\n<figure class=\"wp-block-image size-large\"><img fetchpriority=\"high\" decoding=\"async\" width=\"1024\" height=\"576\" src=\"https:\/\/losperiodistas.com.mx\/portal\/wp-content\/uploads\/2024\/05\/afp-milei-pedro-sanchez-1024x576.jpg\" alt=\"Espa\u00f1a y Argentina enfrentan crisis diplom\u00e1tica\" class=\"wp-image-74837\" srcset=\"https:\/\/losperiodistas.com.mx\/portal\/wp-content\/uploads\/2024\/05\/afp-milei-pedro-sanchez-1024x576.jpg 1024w, https:\/\/losperiodistas.com.mx\/portal\/wp-content\/uploads\/2024\/05\/afp-milei-pedro-sanchez-300x169.jpg 300w, https:\/\/losperiodistas.com.mx\/portal\/wp-content\/uploads\/2024\/05\/afp-milei-pedro-sanchez-768x432.jpg 768w, https:\/\/losperiodistas.com.mx\/portal\/wp-content\/uploads\/2024\/05\/afp-milei-pedro-sanchez.jpg 1200w\" sizes=\"(max-width: 1024px) 100vw, 1024px\" \/><figcaption>Espa\u00f1a y Argentina enfrentan una crisis diplom\u00e1tica. Foto: AFP<\/figcaption><\/figure>\n\n\n\n<p class=\"has-vivid-red-color has-text-color\">Alejandra Guzm\u00e1n &#8211; Agencias | UnoTV<\/p>\n\n\n\n<p>Espa\u00f1a y Argentina enfrentan una crisis diplom\u00e1tica por las cr\u00edticas de<strong> Javier Milei<\/strong>, mandatario argentino, al presidente del gobierno espa\u00f1ol y su esposa. La situaci\u00f3n se ahond\u00f3 con la retirada definitiva de la embajadora espa\u00f1ola en Buenos Aires, un \u201cdisparate\u201d a juicio del presidente argentino. <\/p>\n\n\n\n<h2 class=\"wp-block-heading\" id=\"h-los-detalles-de-la-crisis-entre-espana-y-argentina\">Los detalles de la crisis entre Espa\u00f1a y Argentina<\/h2>\n\n\n\n<p>El choque diplom\u00e1tico estall\u00f3 el domingo. Empez\u00f3 cuando <strong>Javier Milei<\/strong> se refiri\u00f3 a la <strong>esposa de Pedro S\u00e1nchez, Bego\u00f1a G\u00f3mez, <\/strong>sin identificarla, por su nombre, como una<strong> \u201cmujer corrupta\u201d<\/strong>. Las declaraciones del mandatario se dieron durante un encuentro en <strong>Madrid <\/strong>de dirigentes de extrema derecha organizado por el <strong>partido espa\u00f1ol Vox.<\/strong><\/p>\n\n\n\n<p>A finales de <strong>abril<\/strong>, un juez espa\u00f1ol abri\u00f3 una investigaci\u00f3n <strong>preliminar <\/strong>contra <strong>ella <\/strong>por <strong>sospechas <\/strong>de <strong>tr\u00e1fico de influencias <\/strong>y <strong>corrupci\u00f3n<\/strong>. Sin embargo, la <strong>Fiscal\u00eda <\/strong>pidi\u00f3 poco despu\u00e9s el <strong>archivo de la causa.<\/strong><\/p>\n\n\n\n<p>Pocas horas despu\u00e9s de que hablara el <strong>presidente de Argentina<\/strong>, el mismo domingo, <strong>Madrid <\/strong>convoc\u00f3 a consultas a su <strong>embajadora <\/strong>y le pidi\u00f3 una <strong>rectificaci\u00f3n <\/strong>al <strong>mandatario argentino<\/strong>, una solicitud que reiter\u00f3 <strong>Pedro S\u00e1nchez <\/strong>el lunes, al afirmar que <strong>\u201centre los gobiernos, los afectos son libres, pero el respeto es irrenunciable\u201d.<\/strong><\/p>\n\n\n\n<p><strong><em>\u201cNosotros no tenemos ning\u00fan deseo ni ning\u00fan inter\u00e9s en ninguna escalada (\u2026) pero es obligaci\u00f3n del gobierno defender la dignidad y la soberan\u00eda de las instituciones espa\u00f1olas\u201d, <\/em><\/strong><em>subray\u00f3 \u00a0Jos\u00e9 Manuel Albares, ministro de Asuntos Exteriores espa\u00f1ol.<\/em><\/p>\n\n\n\n<h2 class=\"wp-block-heading\" id=\"h-espana-anuncia-que-retira-definitivamente-a-su-embajadora-en-argentina\">Espa\u00f1a anuncia que retira \u201cdefinitivamente\u201d a su embajadora en Argentina<\/h2>\n\n\n\n<p>En medio de la crisis diplom\u00e1tica que viven las naciones, <strong>Espa\u00f1a <\/strong>anunci\u00f3 que retirar\u00e1 <strong>\u201cdefinitivamente\u201d <\/strong>a su <strong>embajadora <\/strong>en <strong>Argentina<\/strong>. El ministro de Asuntos Exteriores, <strong>Jos\u00e9 Manuel Albares<\/strong> dio a conocer la decisi\u00f3n.<\/p>\n\n\n\n<p><strong><em>\u201cLes anuncio que retiramos a nuestra embajadora en Buenos Aires\u201d, que ya hab\u00eda sido llamada a consultas el domingo, y que \u201cse quedar\u00e1 definitivamente en Madrid\u201d.<\/em><\/strong><\/p>\n\n\n\n<p><strong>\u201cArgentina continuar\u00e1 sin embajadora\u201d<\/strong>, subray\u00f3 Albares, quien dijo que las acusaciones de <strong>Milei <\/strong>en <strong>Madrid <\/strong>contra la esposa del presidente del gobierno espa\u00f1ol representan un caso <strong>\u201c\u00fanico en la historia de las relaciones internacionales\u201d.<\/strong><\/p>\n\n\n\n<p><strong><em>\u201cNo existen precedentes de un jefe de Estado que acuda a la capital de otro pa\u00eds, para insultar a sus instituciones y para hacer una injerencia flagrante en los asuntos internos\u201d<\/em><\/strong><em>, apunt\u00f3 el ministerio de Asuntos Exteriores.<\/em><\/p>\n\n\n\n<h2 class=\"wp-block-heading\" id=\"h-milei-califica-de-disparate-el-retirar-embajadora-espanola-de-argentina\">Milei califica de \u201cdisparate\u201d el retirar embajadora espa\u00f1ola de Argentina<\/h2>\n\n\n\n<p>El presidente argentino Javier Milei calific\u00f3 como un \u201c<strong>disparate<\/strong>\u201d la decisi\u00f3n del gobierno espa\u00f1ol de <strong>retirar <\/strong>\u201c<strong>definitivamente<\/strong>\u201d a su <strong>embajadora <\/strong>en <strong>Argentina <\/strong>y rechaz\u00f3 tomar igual medida.<\/p>\n\n\n\n<p><strong><em>\u201cEs un disparate propio de un socialista arrogante\u2026 Esto mancha la imagen internacional de Espa\u00f1a y (evidencia) lo arrogantes que son, como creerse que son el Estado y que nadie puede decirles nada\u201d, &nbsp;<\/em><\/strong><em>afirm\u00f3 Milei.<\/em><\/p>\n\n\n\n<h2 class=\"wp-block-heading\" id=\"h-acusaciones-entre-presidentes\">Acusaciones entre presidentes<\/h2>\n\n\n\n<p>El presidente de <strong>Espa\u00f1a<\/strong>, <strong>Pedro S\u00e1nchez<\/strong>, reproch\u00f3 a <strong>Javier Milei <\/strong>no estar <em>\u201ca la altura\u201d<\/em>; por su parte, el mandatario de <strong>Argentina <\/strong>se defendi\u00f3 y lo llam\u00f3 \u201ccobarde\u201d y lo acus\u00f3 de coordinar con el <strong>kirchnerismo <\/strong>un ataque en su contra.<\/p>\n\n\n\n<p>Al volver a Buenos Aires, Milei, que todav\u00eda desde Madrid se hab\u00eda mofado de la \u201cola de l\u00e1grimas socialistas\u201d, continu\u00f3 con su escalada contra S\u00e1nchez, al que tild\u00f3 de \u201ccobarde\u201d.<\/p>\n\n\n\n<p><strong><em>\u201cNo le voy a pedir disculpas bajo ning\u00fan punto de vista\u201d, dijo en una entrevista con el canal TN. \u201cEl agredido fui yo\u201d, sostuvo, al recordar que funcionarios del gobierno espa\u00f1ol lo llamaron \u201cxen\u00f3fobo, racista, ultraderechista (\u2026) negacionista de la ciencia, mis\u00f3gino\u201d.<\/em><\/strong><\/p>\n\n\n\n<p>Tambi\u00e9n consider\u00f3 que<strong> \u201cesta situaci\u00f3n est\u00e1 promovida con el kirchnerismo, est\u00e1 coordinado con el kirchnerismo\u201d y \u201ces grav\u00edsimo\u201d. \u201cNo hay dudas, (el expresidente argentino) Alberto Fern\u00e1ndez es asesor de Pedro S\u00e1nchez\u201d,<\/strong> agreg\u00f3.<\/p>\n\n\n\n<p>Fuente: <a href=\"https:\/\/www.unotv.com\/internacional\/por-que-hay-un-conflicto-diplomatico-entre-argentina-y-espana\/\" target=\"_blank\" rel=\"noreferrer noopener\">Uno TV<\/a><\/p>\n","protected":false},"excerpt":{"rendered":"<p>Espa\u00f1a y Argentina enfrentan una crisis diplom\u00e1tica por las cr\u00edticas de Javier Milei, al presidente del gobierno espa\u00f1ol y su esposa.<\/p>\n","protected":false},"author":1,"featured_media":74837,"comment_status":"open","ping_status":"open","sticky":false,"template":"","format":"standard","meta":{"site-sidebar-layout":"default","site-content-layout":"","ast-site-content-layout":"default","site-content-style":"default","site-sidebar-style":"default","ast-global-header-display":"","ast-banner-title-visibility":"","ast-main-header-display":"","ast-hfb-above-header-display":"","ast-hfb-below-header-display":"","ast-hfb-mobile-header-display":"","site-post-title":"","ast-breadcrumbs-content":"","ast-featured-img":"","footer-sml-layout":"","theme-transparent-header-meta":"","adv-header-id-meta":"","stick-header-meta":"","header-above-stick-meta":"","header-main-stick-meta":"","header-below-stick-meta":"","astra-migrate-meta-layouts":"default","ast-page-background-enabled":"default","ast-page-background-meta":{"desktop":{"background-color":"var(--ast-global-color-4)","background-image":"","background-repeat":"repeat","background-position":"center center","background-size":"auto","background-attachment":"scroll","background-type":"","background-media":"","overlay-type":"","overlay-color":"","overlay-opacity":"","overlay-gradient":""},"tablet":{"background-color":"","background-image":"","background-repeat":"repeat","background-position":"center center","background-size":"auto","background-attachment":"scroll","background-type":"","background-media":"","overlay-type":"","overlay-color":"","overlay-opacity":"","overlay-gradient":""},"mobile":{"background-color":"","background-image":"","background-repeat":"repeat","background-position":"center center","background-size":"auto","background-attachment":"scroll","background-type":"","background-media":"","overlay-type":"","overlay-color":"","overlay-opacity":"","overlay-gradient":""}},"ast-content-background-meta":{"desktop":{"background-color":"var(--ast-global-color-5)","background-image":"","background-repeat":"repeat","background-position":"center center","background-size":"auto","background-attachment":"scroll","background-type":"","background-media":"","overlay-type":"","overlay-color":"","overlay-opacity":"","overlay-gradient":""},"tablet":{"background-color":"var(--ast-global-color-5)","background-image":"","background-repeat":"repeat","background-position":"center center","background-size":"auto","background-attachment":"scroll","background-type":"","background-media":"","overlay-type":"","overlay-color":"","overlay-opacity":"","overlay-gradient":""},"mobile":{"background-color":"var(--ast-global-color-5)","background-image":"","background-repeat":"repeat","background-position":"center center","background-size":"auto","background-attachment":"scroll","background-type":"","background-media":"","overlay-type":"","overlay-color":"","overlay-opacity":"","overlay-gradient":""}},"footnotes":""},"categories":[8],"tags":[2783,25251,18083,16665],"class_list":["post-74836","post","type-post","status-publish","format-standard","has-post-thumbnail","hentry","category-noticias","tag-argentina","tag-begona-gomez","tag-javier-milei","tag-pedro-sanchez"],"_links":{"self":[{"href":"https:\/\/losperiodistas.com.mx\/portal\/wp-json\/wp\/v2\/posts\/74836","targetHints":{"allow":["GET"]}}],"collection":[{"href":"https:\/\/losperiodistas.com.mx\/portal\/wp-json\/wp\/v2\/posts"}],"about":[{"href":"https:\/\/losperiodistas.com.mx\/portal\/wp-json\/wp\/v2\/types\/post"}],"author":[{"embeddable":true,"href":"https:\/\/losperiodistas.com.mx\/portal\/wp-json\/wp\/v2\/users\/1"}],"replies":[{"embeddable":true,"href":"https:\/\/losperiodistas.com.mx\/portal\/wp-json\/wp\/v2\/comments?post=74836"}],"version-history":[{"count":1,"href":"https:\/\/losperiodistas.com.mx\/portal\/wp-json\/wp\/v2\/posts\/74836\/revisions"}],"predecessor-version":[{"id":74838,"href":"https:\/\/losperiodistas.com.mx\/portal\/wp-json\/wp\/v2\/posts\/74836\/revisions\/74838"}],"wp:featuredmedia":[{"embeddable":true,"href":"https:\/\/losperiodistas.com.mx\/portal\/wp-json\/wp\/v2\/media\/74837"}],"wp:attachment":[{"href":"https:\/\/losperiodistas.com.mx\/portal\/wp-json\/wp\/v2\/media?parent=74836"}],"wp:term":[{"taxonomy":"category","embeddable":true,"href":"https:\/\/losperiodistas.com.mx\/portal\/wp-json\/wp\/v2\/categories?post=74836"},{"taxonomy":"post_tag","embeddable":true,"href":"https:\/\/losperiodistas.com.mx\/portal\/wp-json\/wp\/v2\/tags?post=74836"}],"curies":[{"name":"wp","href":"https:\/\/api.w.org\/{rel}","templated":true}]}}