{"id":74830,"date":"2024-05-21T18:02:56","date_gmt":"2024-05-21T23:02:56","guid":{"rendered":"http:\/\/losperiodistas.com.mx\/portal\/?p=74830"},"modified":"2024-05-21T18:56:19","modified_gmt":"2024-05-21T23:56:19","slug":"casa-azul-de-frida-kahlo-niega-haber-prestado-a-madonna-ropa-y-joyas-de-la-pintora-aristegui","status":"publish","type":"post","link":"https:\/\/losperiodistas.com.mx\/portal\/casa-azul-de-frida-kahlo-niega-haber-prestado-a-madonna-ropa-y-joyas-de-la-pintora-aristegui\/","title":{"rendered":"&#8216;Casa Azul&#8217; de Frida Kahlo niega haber prestado a Madonna ropa y joyas de la pintora | Aristegui"},"content":{"rendered":"\n<p>&#8216;La colecci\u00f3n de las prendas y joyas de Frida que resguardamos, est\u00e1n sujetas a estrictas medidas de conservaci\u00f3n y son exhibidas en el museo, no siendo prestadas para uso personal&#8217;, se\u00f1al\u00f3.<\/p>\n\n\n\n<figure class=\"wp-block-image size-large\"><img fetchpriority=\"high\" decoding=\"async\" width=\"1024\" height=\"640\" src=\"https:\/\/losperiodistas.com.mx\/portal\/wp-content\/uploads\/2024\/05\/madonna-frida-kahlo-1-1024x640.jpeg\" alt=\"\" class=\"wp-image-74832\" srcset=\"https:\/\/losperiodistas.com.mx\/portal\/wp-content\/uploads\/2024\/05\/madonna-frida-kahlo-1-1024x640.jpeg 1024w, https:\/\/losperiodistas.com.mx\/portal\/wp-content\/uploads\/2024\/05\/madonna-frida-kahlo-1-300x188.jpeg 300w, https:\/\/losperiodistas.com.mx\/portal\/wp-content\/uploads\/2024\/05\/madonna-frida-kahlo-1-768x480.jpeg 768w, https:\/\/losperiodistas.com.mx\/portal\/wp-content\/uploads\/2024\/05\/madonna-frida-kahlo-1.jpeg 1200w\" sizes=\"(max-width: 1024px) 100vw, 1024px\" \/><figcaption>Fotos: IG (@madonna)<\/figcaption><\/figure>\n\n\n\n<p class=\"has-vivid-red-color has-text-color\">Redacci\u00f3n AN \/ MDS<\/p>\n\n\n\n<p>En medio de la pol\u00e9mica levantada por la cantante <strong>Madonna,<\/strong> tras publicar en su cuenta de <em>Instagram<\/em> im\u00e1genes en las que aparece supuestamente vistiendo la ropa de la pintora mexicana Frida Kahlo, <strong>el museo Casa Azul de la artista neg\u00f3 que las prendas pertenezcan a su colecci\u00f3n<\/strong>.<\/p>\n\n\n\n<p>\u201cQueremos precisar que la ropa, fotos y objetos que Madonna public\u00f3 en sus diferentes redes sociales<strong> no pertenecen o forman parte de la colecci\u00f3n de la Casa Azul\u201d,<\/strong> se\u00f1al\u00f3 en un comunicado.<\/p>\n\n\n\n<p>El museo dedicado a la vida y obra de Frida Kahlo, y que se ubica en Coyoac\u00e1n, en la casa en la que la pintora vivi\u00f3 por 36 a\u00f1os, precis\u00f3 que<strong> Madonna no visit\u00f3 el recinto durante su estancia en M\u00e9xico el pasado abril.<\/strong><\/p>\n\n\n\n<p>\u201cEs importante aclarar, que diferente a lo mencionado en algunos medios, Madonna por tiempos en su agenda, <strong>no logr\u00f3 visitar la Casa Azul en su reciente visita a M\u00e9xico,<\/strong> sin embargo tuvimos la oportunidad que sus familiares y staff pudieran disfrutar del museo\u201d, indic\u00f3.<\/p>\n\n\n\n<figure class=\"wp-block-image size-full\"><img decoding=\"async\" width=\"700\" height=\"877\" src=\"https:\/\/losperiodistas.com.mx\/portal\/wp-content\/uploads\/2024\/05\/madonna-frida-kahlo-2.jpg\" alt=\"\" class=\"wp-image-74833\" srcset=\"https:\/\/losperiodistas.com.mx\/portal\/wp-content\/uploads\/2024\/05\/madonna-frida-kahlo-2.jpg 700w, https:\/\/losperiodistas.com.mx\/portal\/wp-content\/uploads\/2024\/05\/madonna-frida-kahlo-2-239x300.jpg 239w\" sizes=\"(max-width: 700px) 100vw, 700px\" \/><figcaption>Foto: IG (@madonna)<\/figcaption><\/figure>\n\n\n\n<p><em>\u201cLa colecci\u00f3n de las prendas y joyas de Frida que resguardamos, est\u00e1n sujetas a estrictas medidas de conservaci\u00f3n y son exhibidas en el museo,<strong> no siendo prestadas para uso personal.<\/strong> Estas pol\u00edticas aseguran que el legado de Frida Kahlo se preserve intacto para las futuras generaciones\u201d<\/em>, apunt\u00f3 el museo.<\/p>\n\n\n\n<p>Sin embargo, se\u00f1al\u00f3 que es motivo de orgullo el que la cantante<strong> \u201cencuentre inspiraci\u00f3n en Frida Kahlo<\/strong> y lo comparta en sus plataformas, lo que sin duda ayuda a difundir la riqueza de la cultura mexicana\u201d.<\/p>\n\n\n\n<p>El museo expres\u00f3 su gratitud a Madonna <strong>\u201cpor su dedicaci\u00f3n en celebrar y perpetuar el legado de Frida.<\/strong> La profunda admiraci\u00f3n de la cantante por Frida resalta la relevancia continua de la artista y tambi\u00e9n subraya c\u00f3mo su influencia trasciende culturas y fronteras, inspirando a admiradores globales\u201d<\/p>\n\n\n\n<p><em><strong>\u201cApreciamos la comprensi\u00f3n de todos nuestros visitantes y medios de comunicaci\u00f3n,<\/strong> y reiteramos nuestro compromiso con la protecci\u00f3n y la promoci\u00f3n del patrimonio cultural que Frida represent\u00f3\u201d<\/em>, finaliza el texto.<\/p>\n\n\n\n<figure class=\"wp-block-image size-full\"><img decoding=\"async\" width=\"700\" height=\"877\" src=\"https:\/\/losperiodistas.com.mx\/portal\/wp-content\/uploads\/2024\/05\/madonna-frida-kahlo-3.jpg\" alt=\"\" class=\"wp-image-74834\" srcset=\"https:\/\/losperiodistas.com.mx\/portal\/wp-content\/uploads\/2024\/05\/madonna-frida-kahlo-3.jpg 700w, https:\/\/losperiodistas.com.mx\/portal\/wp-content\/uploads\/2024\/05\/madonna-frida-kahlo-3-239x300.jpg 239w\" sizes=\"(max-width: 700px) 100vw, 700px\" \/><figcaption>Foto: IG (@madonna)<\/figcaption><\/figure>\n\n\n\n<p>Y es que Madonna asegur\u00f3 que visit\u00f3 el museo de Frida y que se prob\u00f3 la ropa y las joyas de la artista. <em><strong>\u201cUn hermoso recuerdo visitar la casa familiar de mi eterna musa, Frida Kahlo,<\/strong> en la Ciudad de M\u00e9xico Para m\u00ed fue m\u00e1gico probarme su ropa y sus joyas, leer sus diarios y cartas y mirar fotograf\u00edas que nunca antes hab\u00eda visto\u201d<\/em>, public\u00f3 en<em> Instagram<\/em> en horas recientes, en un mensaje acompa\u00f1ado de varias fotograf\u00edas.<\/p>\n\n\n\n<p>Usuarios de redes sociales criticaron el que se hubiese permitido a la cantante utilizar la<strong> ropa y art\u00edculos pertenecientes a Kahlo.<\/strong><\/p>\n\n\n\n<p>Sin embargo, no es el \u00fanico museo dedicado a la memoria de la artista que se encuentra en la capital, tambi\u00e9n est\u00e1 el <strong>Museo Casa Estudio Diego Rivera y Frida Kahlo,<\/strong> ubicado en la colonia San \u00c1ngel Inn de la alcald\u00eda \u00c1lvaro Obreg\u00f3n, y que, a decir de las autoridades de Cultura, se encontraba en rehabilitaci\u00f3n en esas fechas.<\/p>\n\n\n\n<p><strong>Se desconoce si la visita se efectu\u00f3 en este recinto,<\/strong> que est\u00e1 a cargo del Instituto Nacional de Bellas Artes y Literatura (INBAL). Hasta el momento la instituci\u00f3n no ha emitido un comunicado sobre el tema.<\/p>\n\n\n\n<p>Fuente: <a href=\"https:\/\/aristeguinoticias.com\/2105\/kiosko\/casa-azul-de-frida-kahlo-niega-haber-prestado-a-madonna-ropa-y-joyas-de-la-pintora\/\" target=\"_blank\" rel=\"noreferrer noopener\">Aristegui Noticias<\/a><\/p>\n","protected":false},"excerpt":{"rendered":"<p>&#8216;La colecci\u00f3n de las prendas y joyas de Frida que resguardamos, est\u00e1n sujetas a estrictas medidas de conservaci\u00f3n y son exhibidas en el museo, no siendo prestadas para uso personal&#8217;, se\u00f1al\u00f3.<\/p>\n","protected":false},"author":1,"featured_media":74831,"comment_status":"open","ping_status":"open","sticky":false,"template":"","format":"standard","meta":{"site-sidebar-layout":"default","site-content-layout":"","ast-site-content-layout":"default","site-content-style":"default","site-sidebar-style":"default","ast-global-header-display":"","ast-banner-title-visibility":"","ast-main-header-display":"","ast-hfb-above-header-display":"","ast-hfb-below-header-display":"","ast-hfb-mobile-header-display":"","site-post-title":"","ast-breadcrumbs-content":"","ast-featured-img":"","footer-sml-layout":"","theme-transparent-header-meta":"","adv-header-id-meta":"","stick-header-meta":"","header-above-stick-meta":"","header-main-stick-meta":"","header-below-stick-meta":"","astra-migrate-meta-layouts":"default","ast-page-background-enabled":"default","ast-page-background-meta":{"desktop":{"background-color":"var(--ast-global-color-4)","background-image":"","background-repeat":"repeat","background-position":"center center","background-size":"auto","background-attachment":"scroll","background-type":"","background-media":"","overlay-type":"","overlay-color":"","overlay-opacity":"","overlay-gradient":""},"tablet":{"background-color":"","background-image":"","background-repeat":"repeat","background-position":"center center","background-size":"auto","background-attachment":"scroll","background-type":"","background-media":"","overlay-type":"","overlay-color":"","overlay-opacity":"","overlay-gradient":""},"mobile":{"background-color":"","background-image":"","background-repeat":"repeat","background-position":"center center","background-size":"auto","background-attachment":"scroll","background-type":"","background-media":"","overlay-type":"","overlay-color":"","overlay-opacity":"","overlay-gradient":""}},"ast-content-background-meta":{"desktop":{"background-color":"var(--ast-global-color-5)","background-image":"","background-repeat":"repeat","background-position":"center center","background-size":"auto","background-attachment":"scroll","background-type":"","background-media":"","overlay-type":"","overlay-color":"","overlay-opacity":"","overlay-gradient":""},"tablet":{"background-color":"var(--ast-global-color-5)","background-image":"","background-repeat":"repeat","background-position":"center center","background-size":"auto","background-attachment":"scroll","background-type":"","background-media":"","overlay-type":"","overlay-color":"","overlay-opacity":"","overlay-gradient":""},"mobile":{"background-color":"var(--ast-global-color-5)","background-image":"","background-repeat":"repeat","background-position":"center center","background-size":"auto","background-attachment":"scroll","background-type":"","background-media":"","overlay-type":"","overlay-color":"","overlay-opacity":"","overlay-gradient":""}},"footnotes":""},"categories":[8],"tags":[25252,2459,5555],"class_list":["post-74830","post","type-post","status-publish","format-standard","has-post-thumbnail","hentry","category-noticias","tag-casa-azul","tag-frida-kahlo","tag-madonna"],"_links":{"self":[{"href":"https:\/\/losperiodistas.com.mx\/portal\/wp-json\/wp\/v2\/posts\/74830","targetHints":{"allow":["GET"]}}],"collection":[{"href":"https:\/\/losperiodistas.com.mx\/portal\/wp-json\/wp\/v2\/posts"}],"about":[{"href":"https:\/\/losperiodistas.com.mx\/portal\/wp-json\/wp\/v2\/types\/post"}],"author":[{"embeddable":true,"href":"https:\/\/losperiodistas.com.mx\/portal\/wp-json\/wp\/v2\/users\/1"}],"replies":[{"embeddable":true,"href":"https:\/\/losperiodistas.com.mx\/portal\/wp-json\/wp\/v2\/comments?post=74830"}],"version-history":[{"count":1,"href":"https:\/\/losperiodistas.com.mx\/portal\/wp-json\/wp\/v2\/posts\/74830\/revisions"}],"predecessor-version":[{"id":74835,"href":"https:\/\/losperiodistas.com.mx\/portal\/wp-json\/wp\/v2\/posts\/74830\/revisions\/74835"}],"wp:featuredmedia":[{"embeddable":true,"href":"https:\/\/losperiodistas.com.mx\/portal\/wp-json\/wp\/v2\/media\/74831"}],"wp:attachment":[{"href":"https:\/\/losperiodistas.com.mx\/portal\/wp-json\/wp\/v2\/media?parent=74830"}],"wp:term":[{"taxonomy":"category","embeddable":true,"href":"https:\/\/losperiodistas.com.mx\/portal\/wp-json\/wp\/v2\/categories?post=74830"},{"taxonomy":"post_tag","embeddable":true,"href":"https:\/\/losperiodistas.com.mx\/portal\/wp-json\/wp\/v2\/tags?post=74830"}],"curies":[{"name":"wp","href":"https:\/\/api.w.org\/{rel}","templated":true}]}}