{"id":74826,"date":"2024-05-21T17:48:37","date_gmt":"2024-05-21T22:48:37","guid":{"rendered":"http:\/\/losperiodistas.com.mx\/portal\/?p=74826"},"modified":"2024-05-21T17:51:59","modified_gmt":"2024-05-21T22:51:59","slug":"residentes-de-amalucan-piden-no-talar-arboles-por-distribuidor-vial","status":"publish","type":"post","link":"https:\/\/losperiodistas.com.mx\/portal\/residentes-de-amalucan-piden-no-talar-arboles-por-distribuidor-vial\/","title":{"rendered":"Residentes de Amalucan piden no talar \u00e1rboles para construir distribuidor vial | Publimetro"},"content":{"rendered":"\n<p>Ciudadanos pidieron reconsiderar la tala de \u00e1rboles ante la contingencia ambiental que se vive<\/p>\n\n\n\n<figure class=\"wp-block-image size-large\"><img fetchpriority=\"high\" decoding=\"async\" width=\"1024\" height=\"625\" src=\"https:\/\/losperiodistas.com.mx\/portal\/wp-content\/uploads\/2024\/05\/Captura-de-pantalla-2024-05-21-163439-1024x625.png\" alt=\"Tala de \u00e1rboles en Amalucan\" class=\"wp-image-74827\" srcset=\"https:\/\/losperiodistas.com.mx\/portal\/wp-content\/uploads\/2024\/05\/Captura-de-pantalla-2024-05-21-163439-1024x625.png 1024w, https:\/\/losperiodistas.com.mx\/portal\/wp-content\/uploads\/2024\/05\/Captura-de-pantalla-2024-05-21-163439-300x183.png 300w, https:\/\/losperiodistas.com.mx\/portal\/wp-content\/uploads\/2024\/05\/Captura-de-pantalla-2024-05-21-163439-768x469.png 768w, https:\/\/losperiodistas.com.mx\/portal\/wp-content\/uploads\/2024\/05\/Captura-de-pantalla-2024-05-21-163439.png 1353w\" sizes=\"(max-width: 1024px) 100vw, 1024px\" \/><figcaption>MANIFESTACI\u00d3N La ciudadana inici\u00f3 una campa\u00f1a en el camell\u00f3n del entronque de Amalucan para salvar a m\u00e1s de 15 \u00e1rboles. FOTO: Especial <\/figcaption><\/figure>\n\n\n\n<p class=\"has-vivid-red-color has-text-color\">Por Ilse Contreras \/ Publimetro<\/p>\n\n\n\n<p>Residentes de la<strong> zona de Amalucan<\/strong> colocaron carteles <strong>en defensa de \u00e1rboles <\/strong>marcados para presuntamente ser talados por obras del Distribuidor Vial Ej\u00e9rcito de Oriente; piden a las autoridades detener esta acci\u00f3n ante la contingencia ambiental que se vive.<\/p>\n\n\n\n<p>La usuaria de Facebook Laura Contreras comparti\u00f3 un video donde se aprecian lonas amarradas a los \u00e1rboles del entronque con mensajes como <strong>\u201cNo me mates\u201d y \u201cCirculaci\u00f3n sin deforestaci\u00f3n\u201d<\/strong>.<\/p>\n\n\n\n<p><em>\u201cSe da mayor importancia a tener un nuevo puente vehicular que al ox\u00edgeno que generan los \u00e1rboles, as\u00ed es la triste y desesperante historia que se est\u00e1 presentando\u201d, <\/em>esas fueron las palabras que Contreras comparti\u00f3 en una publicaci\u00f3n de su<strong> muro de Facebook,<\/strong> debido a que seg\u00fan menciona,<em> \u201cson m\u00e1s de 10 \u00e1rboles marcados para su derrumbe\u201d<\/em>.<\/p>\n\n\n\n<iframe src=\"https:\/\/www.facebook.com\/plugins\/video.php?height=476&#038;href=https%3A%2F%2Fwww.facebook.com%2Flau.contreras.1884%2Fvideos%2F1435524920663298%2F&#038;show_text=false&#038;width=267&#038;t=0\" width=\"267\" height=\"476\" style=\"border:none;overflow:hidden\" scrolling=\"no\" frameborder=\"0\" allowfullscreen=\"true\" allow=\"autoplay; clipboard-write; encrypted-media; picture-in-picture; web-share\" allowFullScreen=\"true\"><\/iframe>\n\n\n\n<p>La ciudadana, junto con otros vecinos iniciaron una campa\u00f1a en el camell\u00f3n del entronque de Amalucan para<strong> salvar a m\u00e1s de 15 \u00e1rboles<\/strong> que se encuentran en esta zona y que en riesgo de ser talados debido, se\u00f1al\u00f3, a la mala log\u00edstica de arquitectos encargados del proyecto.<\/p>\n\n\n\n<p>Por ello, pidi\u00f3 a las autoridades reconsiderar este \u201cecocidio\u201d, debido a que con las <strong>altas temperaturas que se registran <\/strong>en el estado y la capital, es un error talar \u00e1rboles, sobre todo si no es necesario para el desarrollo de la obra p\u00fablica.<\/p>\n\n\n\n<blockquote class=\"wp-block-quote is-style-large is-layout-flow wp-block-quote-is-layout-flow\"><p>\u201cOjal\u00e1 que nos demos cuenta que la situaci\u00f3n ambiental est\u00e1 cada d\u00eda peor, si cada uno de nosotros hiciera una peque\u00f1a acci\u00f3n, el planeta dar\u00eda grandes cambios\u201d, expres\u00f3 la ciudadana.<\/p><cite>Laura Contreras<\/cite><\/blockquote>\n\n\n\n<p>Destac\u00f3 que los \u00e1rboles de la zona <strong>son el hogar de varias aves <\/strong>que se resguardan por la noche, tienen su nidos y son parte del ciclo de la vida.<\/p>\n\n\n\n<p>Los habitantes se\u00f1alaron que la mayor\u00eda de los \u00e1rboles son<strong> fresnos, eucapiltos y ficus<\/strong> que tienen una vida mayor a 10 a\u00f1os, por lo que han alcanzado una altura importante para la producci\u00f3n de ox\u00edgeno y absorci\u00f3n de di\u00f3xido de carbono que producen los veh\u00edculos que transitan y ayudan a regular la temperatura de la zona.<\/p>\n\n\n\n<p>Fuente: <a href=\"https:\/\/www.publimetro.com.mx\/puebla\/2024\/05\/21\/habitantes-piden-detener-tala-de-arboles-por-obras-de-distribuidor-vial\/\" target=\"_blank\" rel=\"noreferrer noopener\">Publimetro<\/a><\/p>\n","protected":false},"excerpt":{"rendered":"<p>Ciudadanos pidieron reconsiderar la tala de \u00e1rboles ante la contingencia ambiental que se vive<\/p>\n","protected":false},"author":1,"featured_media":74827,"comment_status":"open","ping_status":"open","sticky":false,"template":"","format":"standard","meta":{"site-sidebar-layout":"default","site-content-layout":"","ast-site-content-layout":"default","site-content-style":"default","site-sidebar-style":"default","ast-global-header-display":"","ast-banner-title-visibility":"","ast-main-header-display":"","ast-hfb-above-header-display":"","ast-hfb-below-header-display":"","ast-hfb-mobile-header-display":"","site-post-title":"","ast-breadcrumbs-content":"","ast-featured-img":"","footer-sml-layout":"","theme-transparent-header-meta":"","adv-header-id-meta":"","stick-header-meta":"","header-above-stick-meta":"","header-main-stick-meta":"","header-below-stick-meta":"","astra-migrate-meta-layouts":"default","ast-page-background-enabled":"default","ast-page-background-meta":{"desktop":{"background-color":"var(--ast-global-color-4)","background-image":"","background-repeat":"repeat","background-position":"center center","background-size":"auto","background-attachment":"scroll","background-type":"","background-media":"","overlay-type":"","overlay-color":"","overlay-opacity":"","overlay-gradient":""},"tablet":{"background-color":"","background-image":"","background-repeat":"repeat","background-position":"center center","background-size":"auto","background-attachment":"scroll","background-type":"","background-media":"","overlay-type":"","overlay-color":"","overlay-opacity":"","overlay-gradient":""},"mobile":{"background-color":"","background-image":"","background-repeat":"repeat","background-position":"center center","background-size":"auto","background-attachment":"scroll","background-type":"","background-media":"","overlay-type":"","overlay-color":"","overlay-opacity":"","overlay-gradient":""}},"ast-content-background-meta":{"desktop":{"background-color":"var(--ast-global-color-5)","background-image":"","background-repeat":"repeat","background-position":"center center","background-size":"auto","background-attachment":"scroll","background-type":"","background-media":"","overlay-type":"","overlay-color":"","overlay-opacity":"","overlay-gradient":""},"tablet":{"background-color":"var(--ast-global-color-5)","background-image":"","background-repeat":"repeat","background-position":"center center","background-size":"auto","background-attachment":"scroll","background-type":"","background-media":"","overlay-type":"","overlay-color":"","overlay-opacity":"","overlay-gradient":""},"mobile":{"background-color":"var(--ast-global-color-5)","background-image":"","background-repeat":"repeat","background-position":"center center","background-size":"auto","background-attachment":"scroll","background-type":"","background-media":"","overlay-type":"","overlay-color":"","overlay-opacity":"","overlay-gradient":""}},"footnotes":""},"categories":[8],"tags":[25248,25249,25250,6740],"class_list":["post-74826","post","type-post","status-publish","format-standard","has-post-thumbnail","hentry","category-noticias","tag-amalucan","tag-distribuidor-vial-ejercito-de-oriente","tag-laura-contreras","tag-tala-de-arboles"],"_links":{"self":[{"href":"https:\/\/losperiodistas.com.mx\/portal\/wp-json\/wp\/v2\/posts\/74826","targetHints":{"allow":["GET"]}}],"collection":[{"href":"https:\/\/losperiodistas.com.mx\/portal\/wp-json\/wp\/v2\/posts"}],"about":[{"href":"https:\/\/losperiodistas.com.mx\/portal\/wp-json\/wp\/v2\/types\/post"}],"author":[{"embeddable":true,"href":"https:\/\/losperiodistas.com.mx\/portal\/wp-json\/wp\/v2\/users\/1"}],"replies":[{"embeddable":true,"href":"https:\/\/losperiodistas.com.mx\/portal\/wp-json\/wp\/v2\/comments?post=74826"}],"version-history":[{"count":2,"href":"https:\/\/losperiodistas.com.mx\/portal\/wp-json\/wp\/v2\/posts\/74826\/revisions"}],"predecessor-version":[{"id":74829,"href":"https:\/\/losperiodistas.com.mx\/portal\/wp-json\/wp\/v2\/posts\/74826\/revisions\/74829"}],"wp:featuredmedia":[{"embeddable":true,"href":"https:\/\/losperiodistas.com.mx\/portal\/wp-json\/wp\/v2\/media\/74827"}],"wp:attachment":[{"href":"https:\/\/losperiodistas.com.mx\/portal\/wp-json\/wp\/v2\/media?parent=74826"}],"wp:term":[{"taxonomy":"category","embeddable":true,"href":"https:\/\/losperiodistas.com.mx\/portal\/wp-json\/wp\/v2\/categories?post=74826"},{"taxonomy":"post_tag","embeddable":true,"href":"https:\/\/losperiodistas.com.mx\/portal\/wp-json\/wp\/v2\/tags?post=74826"}],"curies":[{"name":"wp","href":"https:\/\/api.w.org\/{rel}","templated":true}]}}