{"id":74821,"date":"2024-05-21T15:17:54","date_gmt":"2024-05-21T20:17:54","guid":{"rendered":"https:\/\/losperiodistas.com.mx\/portal\/?p=74821"},"modified":"2024-05-21T15:17:57","modified_gmt":"2024-05-21T20:17:57","slug":"que-pasara-con-checo-perez-red-bull-rechaza-contrapropuesta-del-mexicano-por-quedarse-dos-temporadas-mas-vanguardiamx","status":"publish","type":"post","link":"https:\/\/losperiodistas.com.mx\/portal\/que-pasara-con-checo-perez-red-bull-rechaza-contrapropuesta-del-mexicano-por-quedarse-dos-temporadas-mas-vanguardiamx\/","title":{"rendered":"\u00bfQu\u00e9 pasar\u00e1 con Checo P\u00e9rez?, Red Bull rechaza contrapropuesta del mexicano por quedarse dos temporadas m\u00e1s | VanguardiaMx"},"content":{"rendered":"\n<p><\/p>\n\n\n\n<h2 class=\"wp-block-heading\">Las negociaciones entre el corredor mexicano y la escuder\u00eda austriaca no van por buen camino, ya que ninguno de los dos lados se ha puesto de acuerdo<\/h2>\n\n\n\n<figure class=\"wp-block-image size-large\"><img fetchpriority=\"high\" decoding=\"async\" width=\"1024\" height=\"579\" src=\"https:\/\/losperiodistas.com.mx\/portal\/wp-content\/uploads\/2024\/05\/Captura-de-Pantalla-2024-05-21-a-las-14.12.12-1024x579.jpg\" alt=\"\" class=\"wp-image-74822\" srcset=\"https:\/\/losperiodistas.com.mx\/portal\/wp-content\/uploads\/2024\/05\/Captura-de-Pantalla-2024-05-21-a-las-14.12.12-1024x579.jpg 1024w, https:\/\/losperiodistas.com.mx\/portal\/wp-content\/uploads\/2024\/05\/Captura-de-Pantalla-2024-05-21-a-las-14.12.12-300x170.jpg 300w, https:\/\/losperiodistas.com.mx\/portal\/wp-content\/uploads\/2024\/05\/Captura-de-Pantalla-2024-05-21-a-las-14.12.12-768x434.jpg 768w, https:\/\/losperiodistas.com.mx\/portal\/wp-content\/uploads\/2024\/05\/Captura-de-Pantalla-2024-05-21-a-las-14.12.12-1536x869.jpg 1536w, https:\/\/losperiodistas.com.mx\/portal\/wp-content\/uploads\/2024\/05\/Captura-de-Pantalla-2024-05-21-a-las-14.12.12.jpg 1538w\" sizes=\"(max-width: 1024px) 100vw, 1024px\" \/><figcaption>Sergio \u201cCheco\u201d P\u00e9rez, viene de un fin de semana para el olvido en el que tuvo problemas para lograr buenos resultados tanto en la clasificaci\u00f3n como en la carrera.\u00a0FOTO: ESPECIAL<\/figcaption><\/figure>\n\n\n\n<p class=\"has-vivid-red-color has-text-color has-medium-font-size\"><strong><a href=\"https:\/\/vanguardia.com.mx\/autor\/-\/meta\/carlos-jara-madrid\">CARLOS JARA MADRID<\/a> \/ VanguardiaMX<\/strong><\/p>\n\n\n\n<p>Las negociaciones entre\u00a0<strong>Red Bull Racing\u00a0<\/strong>y\u00a0<strong>Sergio P\u00e9rez<\/strong>, no ir\u00edan por un buen camino y se encontrar\u00edan estancadas, por diferentes motivas y discrepancias que han existido entre ellos.<\/p>\n\n\n\n<p>Aunque la escuder\u00eda de Austria busca que el mexicano siga con ellos, y P\u00e9rez quiere seguir con RB, ambo no han concretado un acuerdo que los beneficie.<a href=\"https:\/\/www.seedtag.com\/?utm_source=seedtag_publisher&amp;utm_medium=seedtag_tag&amp;utm_campaign=tag\" target=\"_blank\" rel=\"noreferrer noopener\"><\/a><\/p>\n\n\n\n<p><strong>Red Bull\u00a0<\/strong>ya le present\u00f3 un contrato de renovaci\u00f3n al mexicano, por continuar con ellos una temporada m\u00e1s, es decir, correr la temporada 2025 de la\u00a0<strong><a href=\"https:\/\/www.instagram.com\/f1\/\">F\u00f3rmula 1<\/a><\/strong>, sin embargo, esta oferta no convenci\u00f3 al piloto tapat\u00edo.<\/p>\n\n\n\n<figure class=\"wp-block-embed is-type-rich is-provider-twitter wp-block-embed-twitter\"><div class=\"wp-block-embed__wrapper\">\nhttps:\/\/twitter.com\/FOXSportsMX\/status\/1792686279538176155?ref_src=twsrc%5Etfw%7Ctwcamp%5Etweetembed%7Ctwterm%5E1792686279538176155%7Ctwgr%5Ee377ff71028db7038afc27e97d18059d6c50a47e%7Ctwcon%5Es1_c10&#038;ref_url=https%3A%2F%2Fvanguardia.com.mx%2Fdeportes%2Fque-pasara-con-checo-perez-red-bull-rechaza-contrapropuesta-del-mexicano-por-quedarse-dos-temporadas-mas-CA12032110\n<\/div><\/figure>\n\n\n\n<p><strong>CHECO P\u00c9REZ PRESENTA CONTRAPROPUESTA A SU ESCUDER\u00cdA<\/strong><\/p>\n\n\n\n<p>Al rechazar la oferta recibida por&nbsp;<strong>RB<\/strong>, el mexicano de 34 a\u00f1os, envi\u00f3 una contrapropuesta, donde ped\u00eda que su renovaci\u00f3n fuera por dos temporadas m\u00e1s, hasta el a\u00f1o 2026, cabe recordar que en ese a\u00f1o se espera un gran cambio en el reglamento de la&nbsp;<strong>F1<\/strong>.<\/p>\n\n\n\n<p>Sin embargo, la escuder\u00eda de la\u00a0<strong>F\u00f3rmula 1<\/strong>, rechazo rotundamente la propuesta realizada por\u00a0<strong><a href=\"https:\/\/www.instagram.com\/schecoperez\/?hl=es\">Checo<\/a><\/strong>, pues no ven viable renovar dos a\u00f1os m\u00e1s a un piloto que ya tiene casi 35 a\u00f1os.<\/p>\n\n\n\n<p>Fuente: <a href=\"https:\/\/vanguardia.com.mx\/deportes\/que-pasara-con-checo-perez-red-bull-rechaza-contrapropuesta-del-mexicano-por-quedarse-dos-temporadas-mas-CA12032110\">https:\/\/vanguardia.com.mx\/deportes\/que-pasara-con-checo-perez-red-bull-rechaza-contrapropuesta-del-mexicano-por-quedarse-dos-temporadas-mas-CA12032110<\/a><\/p>\n","protected":false},"excerpt":{"rendered":"<p>Las negociaciones entre el corredor mexicano y la escuder\u00eda austriaca no van por buen camino, ya que ninguno de los [&hellip;]<\/p>\n","protected":false},"author":1,"featured_media":74822,"comment_status":"open","ping_status":"open","sticky":false,"template":"","format":"standard","meta":{"site-sidebar-layout":"default","site-content-layout":"","ast-site-content-layout":"default","site-content-style":"default","site-sidebar-style":"default","ast-global-header-display":"","ast-banner-title-visibility":"","ast-main-header-display":"","ast-hfb-above-header-display":"","ast-hfb-below-header-display":"","ast-hfb-mobile-header-display":"","site-post-title":"","ast-breadcrumbs-content":"","ast-featured-img":"","footer-sml-layout":"","theme-transparent-header-meta":"","adv-header-id-meta":"","stick-header-meta":"","header-above-stick-meta":"","header-main-stick-meta":"","header-below-stick-meta":"","astra-migrate-meta-layouts":"default","ast-page-background-enabled":"default","ast-page-background-meta":{"desktop":{"background-color":"var(--ast-global-color-4)","background-image":"","background-repeat":"repeat","background-position":"center center","background-size":"auto","background-attachment":"scroll","background-type":"","background-media":"","overlay-type":"","overlay-color":"","overlay-opacity":"","overlay-gradient":""},"tablet":{"background-color":"","background-image":"","background-repeat":"repeat","background-position":"center center","background-size":"auto","background-attachment":"scroll","background-type":"","background-media":"","overlay-type":"","overlay-color":"","overlay-opacity":"","overlay-gradient":""},"mobile":{"background-color":"","background-image":"","background-repeat":"repeat","background-position":"center center","background-size":"auto","background-attachment":"scroll","background-type":"","background-media":"","overlay-type":"","overlay-color":"","overlay-opacity":"","overlay-gradient":""}},"ast-content-background-meta":{"desktop":{"background-color":"var(--ast-global-color-5)","background-image":"","background-repeat":"repeat","background-position":"center center","background-size":"auto","background-attachment":"scroll","background-type":"","background-media":"","overlay-type":"","overlay-color":"","overlay-opacity":"","overlay-gradient":""},"tablet":{"background-color":"var(--ast-global-color-5)","background-image":"","background-repeat":"repeat","background-position":"center center","background-size":"auto","background-attachment":"scroll","background-type":"","background-media":"","overlay-type":"","overlay-color":"","overlay-opacity":"","overlay-gradient":""},"mobile":{"background-color":"var(--ast-global-color-5)","background-image":"","background-repeat":"repeat","background-position":"center center","background-size":"auto","background-attachment":"scroll","background-type":"","background-media":"","overlay-type":"","overlay-color":"","overlay-opacity":"","overlay-gradient":""}},"footnotes":""},"categories":[8],"tags":[276,466],"class_list":["post-74821","post","type-post","status-publish","format-standard","has-post-thumbnail","hentry","category-noticias","tag-checo-perez","tag-red-bull"],"_links":{"self":[{"href":"https:\/\/losperiodistas.com.mx\/portal\/wp-json\/wp\/v2\/posts\/74821","targetHints":{"allow":["GET"]}}],"collection":[{"href":"https:\/\/losperiodistas.com.mx\/portal\/wp-json\/wp\/v2\/posts"}],"about":[{"href":"https:\/\/losperiodistas.com.mx\/portal\/wp-json\/wp\/v2\/types\/post"}],"author":[{"embeddable":true,"href":"https:\/\/losperiodistas.com.mx\/portal\/wp-json\/wp\/v2\/users\/1"}],"replies":[{"embeddable":true,"href":"https:\/\/losperiodistas.com.mx\/portal\/wp-json\/wp\/v2\/comments?post=74821"}],"version-history":[{"count":1,"href":"https:\/\/losperiodistas.com.mx\/portal\/wp-json\/wp\/v2\/posts\/74821\/revisions"}],"predecessor-version":[{"id":74823,"href":"https:\/\/losperiodistas.com.mx\/portal\/wp-json\/wp\/v2\/posts\/74821\/revisions\/74823"}],"wp:featuredmedia":[{"embeddable":true,"href":"https:\/\/losperiodistas.com.mx\/portal\/wp-json\/wp\/v2\/media\/74822"}],"wp:attachment":[{"href":"https:\/\/losperiodistas.com.mx\/portal\/wp-json\/wp\/v2\/media?parent=74821"}],"wp:term":[{"taxonomy":"category","embeddable":true,"href":"https:\/\/losperiodistas.com.mx\/portal\/wp-json\/wp\/v2\/categories?post=74821"},{"taxonomy":"post_tag","embeddable":true,"href":"https:\/\/losperiodistas.com.mx\/portal\/wp-json\/wp\/v2\/tags?post=74821"}],"curies":[{"name":"wp","href":"https:\/\/api.w.org\/{rel}","templated":true}]}}