{"id":74818,"date":"2024-05-21T15:04:59","date_gmt":"2024-05-21T20:04:59","guid":{"rendered":"https:\/\/losperiodistas.com.mx\/portal\/?p=74818"},"modified":"2024-05-21T15:05:01","modified_gmt":"2024-05-21T20:05:01","slug":"el-universo-de-harry-potter-tendra-su-propio-reality-de-cocina-comer","status":"publish","type":"post","link":"https:\/\/losperiodistas.com.mx\/portal\/el-universo-de-harry-potter-tendra-su-propio-reality-de-cocina-comer\/","title":{"rendered":"El universo de Harry Potter tendr\u00e1 su propio reality de cocina | Comer"},"content":{"rendered":"\n<h2 class=\"wp-block-heading\"><\/h2>\n\n\n\n<h2 class=\"has-medium-font-size wp-block-heading\">El certamen \u2018Magos de la reposter\u00eda\u2019 se rodar\u00e1 en los escenarios originales de las pel\u00edculas y ser\u00e1 presentado por dos de los personajes m\u00e1s queridos de la saga<\/h2>\n\n\n\n<h2 class=\"wp-block-heading\"><\/h2>\n\n\n\n<figure class=\"wp-block-image size-full\"><img fetchpriority=\"high\" decoding=\"async\" width=\"948\" height=\"465\" src=\"https:\/\/losperiodistas.com.mx\/portal\/wp-content\/uploads\/2024\/05\/664c6b43332f3.jpeg\" alt=\"\" class=\"wp-image-74819\" srcset=\"https:\/\/losperiodistas.com.mx\/portal\/wp-content\/uploads\/2024\/05\/664c6b43332f3.jpeg 948w, https:\/\/losperiodistas.com.mx\/portal\/wp-content\/uploads\/2024\/05\/664c6b43332f3-300x147.jpeg 300w, https:\/\/losperiodistas.com.mx\/portal\/wp-content\/uploads\/2024\/05\/664c6b43332f3-768x377.jpeg 768w\" sizes=\"(max-width: 948px) 100vw, 948px\" \/><figcaption>Fotograma de Harry Potter&nbsp;Warner Bros<\/figcaption><\/figure>\n\n\n\n<p class=\"has-vivid-red-color has-text-color has-medium-font-size\"><strong>CAMILA BERALDI<\/strong> <strong>\/ COMER<\/strong><\/p>\n\n\n\n<p>BARCELONA<\/p>\n\n\n\n<p>Los postres que integran el universo culinario de\u00a0<a href=\"https:\/\/www.youtube.com\/watch?v=ZgrCZVjPg9g\" target=\"_blank\" rel=\"noreferrer noopener\">Harry Potter<\/a>\u00a0han merecido siempre un cap\u00edtulo aparte. Desde las ranas de chocolate y las grageas \u2018Bertie Bott\u2019 (disponibles en absolutamente todos los sabores), hasta la ic\u00f3nica tarta de chocolate con la que Hagrid sorprende al protagonista en su cumplea\u00f1os al comienzo de la historia. Este a\u00f1o, las dulces recetas se expanden m\u00e1s all\u00e1 de los libros y las pel\u00edculas con la llegada de un nuevo programa de cocina inspirado en la saga. El certamen\u00a0<em><a href=\"https:\/\/www.wizardingworld.com\/es\/news\/harry-potter-wizards-of-baking-coming-soon\" target=\"_blank\" rel=\"noreferrer noopener\">Harry Potter: Wizards of Baking<\/a><\/em>\u00a0(magos de la reposter\u00eda) pondr\u00e1 a prueba a un grupo de pasteleros que competir\u00e1 para crear delicias dignas de ser servidas en un banquete de\u00a0<em>Hogwarts<\/em>.<\/p>\n\n\n\n<figure class=\"wp-block-embed is-type-video is-provider-youtube wp-block-embed-youtube wp-embed-aspect-16-9 wp-has-aspect-ratio\"><div class=\"wp-block-embed__wrapper\">\n<iframe title=\"Harry Potter: Wizards of Baking | Food Network &amp; Max\" width=\"500\" height=\"281\" src=\"https:\/\/www.youtube.com\/embed\/VR3z5Oyn4A4?feature=oembed\" frameborder=\"0\" allow=\"accelerometer; autoplay; clipboard-write; encrypted-media; gyroscope; picture-in-picture; web-share\" referrerpolicy=\"strict-origin-when-cross-origin\" allowfullscreen><\/iframe>\n<\/div><\/figure>\n\n\n\n<p>Las creaciones de los&nbsp;<em>muggles<\/em>&nbsp;estar\u00e1n supervisadas por dos hechiceros expertos: los hermanos Fred y George Weasley, (interpretados por James y Oliver Phelps). Los gemelos actuar\u00e1n como maestros de ceremonias de la competici\u00f3n, que se grabar\u00e1 en los&nbsp;<a href=\"https:\/\/www.wbstudiotour.co.uk\/es\/\" rel=\"noreferrer noopener\" target=\"_blank\">estudios&nbsp;<em>Warner Bros<\/em><\/a>&nbsp;en Inglaterra, en los mismos escenarios en los que se rodaron las pel\u00edculas protagonizadas por Daniel Radcliff. El gran comedor, el and\u00e9n 9 3\u20444, la Madriguera y el banco de&nbsp;<em>Gringotts&nbsp;<\/em>son algunos de los espacios que servir\u00e1n de tel\u00f3n de fondo para inspirar la creatividad de los pasteleros que participan del certamen.<\/p>\n\n\n\n<figure class=\"wp-block-image\"><img decoding=\"async\" src=\"https:\/\/www.lavanguardia.com\/files\/content_image_mobile_filter\/uploads\/2024\/05\/21\/664c6861dda25.png\" alt=\"Fotograma de Harry Potter y la c\u00e1mara secreta\"\/><figcaption>Fotograma de Harry Potter y la c\u00e1mara secreta&nbsp;Warner Bros<\/figcaption><\/figure>\n\n\n\n<h2 class=\"wp-block-heading\">En HBO Max<\/h2>\n\n\n\n<h3 class=\"wp-block-heading\">El estreno est\u00e1 programado para la pr\u00f3xima temporada navide\u00f1a<\/h3>\n\n\n\n<p>Pr\u00f3ximamente se dar\u00e1n a conocer m\u00e1s detalles sobre la serie, incluidos otros jueces, estrellas invitadas y posibles ex alumnos de Hogwarts, que regresaran a la pantalla para probar las delicias. El programa se emitir\u00e1 en la cadena Food Network y tambi\u00e9n podr\u00e1 verse en streaming a trav\u00e9s de HBO Max.<\/p>\n\n\n\n<figure class=\"wp-block-image\"><img decoding=\"async\" src=\"https:\/\/www.lavanguardia.com\/files\/content_image_mobile_filter\/uploads\/2024\/05\/21\/664c699f40580.jpeg\" alt=\"Magdalenas decoradas con una 'snitch' dorada, objeto caracter\u00edstico de la saga de Harry Potter\"\/><figcaption>Magdalenas decoradas con una &#8216;snitch&#8217; dorada, objeto caracter\u00edstico de la saga de Harry Potter&nbsp;Getty Images\/iStockphoto<\/figcaption><\/figure>\n\n\n\n<p>A lo largo de los a\u00f1os, la comida de Harry Potter ha inspirado la publicaci\u00f3n paralela de libros dedicados exclusivamente a las recetas de la saga. Miles de fan\u00e1ticos comparten a diario en redes sociales su propia versi\u00f3n de los platillos y dan vida a nuevas creaciones inspiradas en la historia.<\/p>\n\n\n\n<p>El estreno de\u00a0<em>Harry Potter: Wizards of Baking<\/em>\u00a0est\u00e1 programado para la temporada navide\u00f1a, justo a tiempo para saborear una deliciosa tarta de melaza (la favorita de Harry) o disfrutar del tradicional pud\u00edn flameante, protagonista del fest\u00edn de Navidad en Hogwarts. Como dice el director, Albus Dumbledore: \u201c\u00a1Que comience el banquete!\u201d<\/p>\n\n\n\n<p>Fuente: <a href=\"https:\/\/www.lavanguardia.com\/comer\/al-dia\/20240521\/9661414\/universo-harry-potter-tendra-propio-reality-cocina-pasteleria-magos.html\">https:\/\/www.lavanguardia.com\/comer\/al-dia\/20240521\/9661414\/universo-harry-potter-tendra-propio-reality-cocina-pasteleria-magos.html<\/a><\/p>\n","protected":false},"excerpt":{"rendered":"<p>El certamen \u2018Magos de la reposter\u00eda\u2019 se rodar\u00e1 en los escenarios originales de las pel\u00edculas y ser\u00e1 presentado por dos [&hellip;]<\/p>\n","protected":false},"author":1,"featured_media":74819,"comment_status":"open","ping_status":"open","sticky":false,"template":"","format":"standard","meta":{"site-sidebar-layout":"default","site-content-layout":"","ast-site-content-layout":"default","site-content-style":"default","site-sidebar-style":"default","ast-global-header-display":"","ast-banner-title-visibility":"","ast-main-header-display":"","ast-hfb-above-header-display":"","ast-hfb-below-header-display":"","ast-hfb-mobile-header-display":"","site-post-title":"","ast-breadcrumbs-content":"","ast-featured-img":"","footer-sml-layout":"","theme-transparent-header-meta":"","adv-header-id-meta":"","stick-header-meta":"","header-above-stick-meta":"","header-main-stick-meta":"","header-below-stick-meta":"","astra-migrate-meta-layouts":"default","ast-page-background-enabled":"default","ast-page-background-meta":{"desktop":{"background-color":"var(--ast-global-color-4)","background-image":"","background-repeat":"repeat","background-position":"center center","background-size":"auto","background-attachment":"scroll","background-type":"","background-media":"","overlay-type":"","overlay-color":"","overlay-opacity":"","overlay-gradient":""},"tablet":{"background-color":"","background-image":"","background-repeat":"repeat","background-position":"center center","background-size":"auto","background-attachment":"scroll","background-type":"","background-media":"","overlay-type":"","overlay-color":"","overlay-opacity":"","overlay-gradient":""},"mobile":{"background-color":"","background-image":"","background-repeat":"repeat","background-position":"center center","background-size":"auto","background-attachment":"scroll","background-type":"","background-media":"","overlay-type":"","overlay-color":"","overlay-opacity":"","overlay-gradient":""}},"ast-content-background-meta":{"desktop":{"background-color":"var(--ast-global-color-5)","background-image":"","background-repeat":"repeat","background-position":"center center","background-size":"auto","background-attachment":"scroll","background-type":"","background-media":"","overlay-type":"","overlay-color":"","overlay-opacity":"","overlay-gradient":""},"tablet":{"background-color":"var(--ast-global-color-5)","background-image":"","background-repeat":"repeat","background-position":"center center","background-size":"auto","background-attachment":"scroll","background-type":"","background-media":"","overlay-type":"","overlay-color":"","overlay-opacity":"","overlay-gradient":""},"mobile":{"background-color":"var(--ast-global-color-5)","background-image":"","background-repeat":"repeat","background-position":"center center","background-size":"auto","background-attachment":"scroll","background-type":"","background-media":"","overlay-type":"","overlay-color":"","overlay-opacity":"","overlay-gradient":""}},"footnotes":""},"categories":[8],"tags":[5490,25247],"class_list":["post-74818","post","type-post","status-publish","format-standard","has-post-thumbnail","hentry","category-noticias","tag-harry-potter","tag-magos-de-la-reposteria"],"_links":{"self":[{"href":"https:\/\/losperiodistas.com.mx\/portal\/wp-json\/wp\/v2\/posts\/74818","targetHints":{"allow":["GET"]}}],"collection":[{"href":"https:\/\/losperiodistas.com.mx\/portal\/wp-json\/wp\/v2\/posts"}],"about":[{"href":"https:\/\/losperiodistas.com.mx\/portal\/wp-json\/wp\/v2\/types\/post"}],"author":[{"embeddable":true,"href":"https:\/\/losperiodistas.com.mx\/portal\/wp-json\/wp\/v2\/users\/1"}],"replies":[{"embeddable":true,"href":"https:\/\/losperiodistas.com.mx\/portal\/wp-json\/wp\/v2\/comments?post=74818"}],"version-history":[{"count":1,"href":"https:\/\/losperiodistas.com.mx\/portal\/wp-json\/wp\/v2\/posts\/74818\/revisions"}],"predecessor-version":[{"id":74820,"href":"https:\/\/losperiodistas.com.mx\/portal\/wp-json\/wp\/v2\/posts\/74818\/revisions\/74820"}],"wp:featuredmedia":[{"embeddable":true,"href":"https:\/\/losperiodistas.com.mx\/portal\/wp-json\/wp\/v2\/media\/74819"}],"wp:attachment":[{"href":"https:\/\/losperiodistas.com.mx\/portal\/wp-json\/wp\/v2\/media?parent=74818"}],"wp:term":[{"taxonomy":"category","embeddable":true,"href":"https:\/\/losperiodistas.com.mx\/portal\/wp-json\/wp\/v2\/categories?post=74818"},{"taxonomy":"post_tag","embeddable":true,"href":"https:\/\/losperiodistas.com.mx\/portal\/wp-json\/wp\/v2\/tags?post=74818"}],"curies":[{"name":"wp","href":"https:\/\/api.w.org\/{rel}","templated":true}]}}