{"id":7476,"date":"2021-04-30T08:58:35","date_gmt":"2021-04-30T13:58:35","guid":{"rendered":"http:\/\/losperiodistas.com.mx\/portal\/?p=7476"},"modified":"2021-04-30T08:58:36","modified_gmt":"2021-04-30T13:58:36","slug":"1-3-millones-de-mexicanos-no-recibiran-a-tiempo-segunda-dosis-de-vacuna-covid-de-sinovac-salud-el-financiero","status":"publish","type":"post","link":"https:\/\/losperiodistas.com.mx\/portal\/1-3-millones-de-mexicanos-no-recibiran-a-tiempo-segunda-dosis-de-vacuna-covid-de-sinovac-salud-el-financiero\/","title":{"rendered":"1.3 millones de mexicanos no recibir\u00e1n a tiempo segunda dosis de vacuna COVID de Sinovac: Salud | El Financiero"},"content":{"rendered":"\n<p style=\"font-size:18px\"><em>La dependencia indic\u00f3 que se superar\u00e1 el intervalo recomendado de 35 d\u00edas entre la aplicaci\u00f3n de las dosis.<\/em><\/p>\n\n\n\n<figure class=\"wp-block-image size-large\"><img fetchpriority=\"high\" decoding=\"async\" width=\"1024\" height=\"737\" src=\"https:\/\/losperiodistas.com.mx\/portal\/wp-content\/uploads\/2021\/04\/Captura-de-Pantalla-2021-04-30-a-las-8.57.13-1024x737.jpg\" alt=\"\" class=\"wp-image-7477\" srcset=\"https:\/\/losperiodistas.com.mx\/portal\/wp-content\/uploads\/2021\/04\/Captura-de-Pantalla-2021-04-30-a-las-8.57.13-1024x737.jpg 1024w, https:\/\/losperiodistas.com.mx\/portal\/wp-content\/uploads\/2021\/04\/Captura-de-Pantalla-2021-04-30-a-las-8.57.13-300x216.jpg 300w, https:\/\/losperiodistas.com.mx\/portal\/wp-content\/uploads\/2021\/04\/Captura-de-Pantalla-2021-04-30-a-las-8.57.13-768x553.jpg 768w, https:\/\/losperiodistas.com.mx\/portal\/wp-content\/uploads\/2021\/04\/Captura-de-Pantalla-2021-04-30-a-las-8.57.13-1536x1106.jpg 1536w, https:\/\/losperiodistas.com.mx\/portal\/wp-content\/uploads\/2021\/04\/Captura-de-Pantalla-2021-04-30-a-las-8.57.13.jpg 1844w\" sizes=\"(max-width: 1024px) 100vw, 1024px\" \/><\/figure>\n\n\n\n<p><\/p>\n\n\n\n<p class=\"has-vivid-cyan-blue-color has-text-color has-medium-font-size\">AP \/ EL FINANCIERO<\/p>\n\n\n\n<p>El retraso en<strong>&nbsp;la entrega de 1.5 millones de vacunas de la empresa china Sinovac<\/strong>&nbsp;implicar\u00e1 que casi 1.3 millones de mexicanos no recibir\u00e1n su segunda dosis a tiempo, inform\u00f3 la Secretar\u00eda de Salud.<\/p>\n\n\n\n<p>Sin embargo, agreg\u00f3 que la demora de la segunda dosis,&nbsp;<strong>m\u00e1s all\u00e1 del intervalo recomendado de 35 d\u00edas entre ambas aplicaciones<\/strong>, no afectar\u00e1 la efectividad de la vacuna.<\/p>\n\n\n\n<p>Casi un mill\u00f3n de personas necesitar\u00e1n su segunda dosis para la primera semana de mayo; casi 300 mil m\u00e1s la requerir\u00e1n en las semanas posteriores.<\/p>\n\n\n\n<p>La Secretar\u00eda de Salud no dijo cu\u00e1ndo espera la llegada del lote retrasado de vacunas, pero se\u00f1al\u00f3 que est\u00e1 en conversaciones con Sinovac para que la compa\u00f1\u00eda lo env\u00ede<strong>&nbsp;lo m\u00e1s pronto posible<\/strong>.<\/p>\n\n\n\n<p>La dependencia no explic\u00f3 los motivos de la demora. M\u00e9xico ha aplicado hasta ahora 17.3 millones de dosis de cinco vacunas diferentes.<\/p>\n\n\n\n<p>El pa\u00eds tambi\u00e9n ha padecido demoras significativas en sus propias acciones&nbsp;<strong>para envasar dosis de la vacuna COVID de AstraZeneca<\/strong>&nbsp;exportada a granel desde una planta en Argentina.<\/p>\n\n\n\n<p>M\u00e9xico acumula casi 216 mil 500 muertes confirmadas relacionadas con el virus SARS-CoV-2, pero realiza tan pocas pruebas que muchas personas mueren sin haber sido examinadas.<\/p>\n\n\n\n<p>Una revisi\u00f3n gubernamental preliminar de las actas de defunci\u00f3n deja entrever que el exceso de muertes atribuibles al COVID-19 es ahora de m\u00e1s de 346 mil 500.<\/p>\n\n\n\n<p>Fuente: https:\/\/www.elfinanciero.com.mx\/nacional\/2021\/04\/30\/13-millones-de-mexicanos-no-recibiran-a-tiempo-segunda-dosis-de-vacuna-covid-de-sinovac\/<\/p>\n","protected":false},"excerpt":{"rendered":"<p>La dependencia indic\u00f3 que se superar\u00e1 el intervalo recomendado de 35 d\u00edas entre la aplicaci\u00f3n de las dosis. AP \/ [&hellip;]<\/p>\n","protected":false},"author":1,"featured_media":7477,"comment_status":"open","ping_status":"open","sticky":false,"template":"","format":"standard","meta":{"site-sidebar-layout":"default","site-content-layout":"","ast-site-content-layout":"default","site-content-style":"default","site-sidebar-style":"default","ast-global-header-display":"","ast-banner-title-visibility":"","ast-main-header-display":"","ast-hfb-above-header-display":"","ast-hfb-below-header-display":"","ast-hfb-mobile-header-display":"","site-post-title":"","ast-breadcrumbs-content":"","ast-featured-img":"","footer-sml-layout":"","theme-transparent-header-meta":"","adv-header-id-meta":"","stick-header-meta":"","header-above-stick-meta":"","header-main-stick-meta":"","header-below-stick-meta":"","astra-migrate-meta-layouts":"default","ast-page-background-enabled":"default","ast-page-background-meta":{"desktop":{"background-color":"var(--ast-global-color-4)","background-image":"","background-repeat":"repeat","background-position":"center center","background-size":"auto","background-attachment":"scroll","background-type":"","background-media":"","overlay-type":"","overlay-color":"","overlay-opacity":"","overlay-gradient":""},"tablet":{"background-color":"","background-image":"","background-repeat":"repeat","background-position":"center center","background-size":"auto","background-attachment":"scroll","background-type":"","background-media":"","overlay-type":"","overlay-color":"","overlay-opacity":"","overlay-gradient":""},"mobile":{"background-color":"","background-image":"","background-repeat":"repeat","background-position":"center center","background-size":"auto","background-attachment":"scroll","background-type":"","background-media":"","overlay-type":"","overlay-color":"","overlay-opacity":"","overlay-gradient":""}},"ast-content-background-meta":{"desktop":{"background-color":"var(--ast-global-color-5)","background-image":"","background-repeat":"repeat","background-position":"center center","background-size":"auto","background-attachment":"scroll","background-type":"","background-media":"","overlay-type":"","overlay-color":"","overlay-opacity":"","overlay-gradient":""},"tablet":{"background-color":"var(--ast-global-color-5)","background-image":"","background-repeat":"repeat","background-position":"center center","background-size":"auto","background-attachment":"scroll","background-type":"","background-media":"","overlay-type":"","overlay-color":"","overlay-opacity":"","overlay-gradient":""},"mobile":{"background-color":"var(--ast-global-color-5)","background-image":"","background-repeat":"repeat","background-position":"center center","background-size":"auto","background-attachment":"scroll","background-type":"","background-media":"","overlay-type":"","overlay-color":"","overlay-opacity":"","overlay-gradient":""}},"footnotes":""},"categories":[8],"tags":[1269],"class_list":["post-7476","post","type-post","status-publish","format-standard","has-post-thumbnail","hentry","category-noticias","tag-vacuna-sinovac-retraso"],"_links":{"self":[{"href":"https:\/\/losperiodistas.com.mx\/portal\/wp-json\/wp\/v2\/posts\/7476","targetHints":{"allow":["GET"]}}],"collection":[{"href":"https:\/\/losperiodistas.com.mx\/portal\/wp-json\/wp\/v2\/posts"}],"about":[{"href":"https:\/\/losperiodistas.com.mx\/portal\/wp-json\/wp\/v2\/types\/post"}],"author":[{"embeddable":true,"href":"https:\/\/losperiodistas.com.mx\/portal\/wp-json\/wp\/v2\/users\/1"}],"replies":[{"embeddable":true,"href":"https:\/\/losperiodistas.com.mx\/portal\/wp-json\/wp\/v2\/comments?post=7476"}],"version-history":[{"count":1,"href":"https:\/\/losperiodistas.com.mx\/portal\/wp-json\/wp\/v2\/posts\/7476\/revisions"}],"predecessor-version":[{"id":7478,"href":"https:\/\/losperiodistas.com.mx\/portal\/wp-json\/wp\/v2\/posts\/7476\/revisions\/7478"}],"wp:featuredmedia":[{"embeddable":true,"href":"https:\/\/losperiodistas.com.mx\/portal\/wp-json\/wp\/v2\/media\/7477"}],"wp:attachment":[{"href":"https:\/\/losperiodistas.com.mx\/portal\/wp-json\/wp\/v2\/media?parent=7476"}],"wp:term":[{"taxonomy":"category","embeddable":true,"href":"https:\/\/losperiodistas.com.mx\/portal\/wp-json\/wp\/v2\/categories?post=7476"},{"taxonomy":"post_tag","embeddable":true,"href":"https:\/\/losperiodistas.com.mx\/portal\/wp-json\/wp\/v2\/tags?post=7476"}],"curies":[{"name":"wp","href":"https:\/\/api.w.org\/{rel}","templated":true}]}}