{"id":7473,"date":"2021-04-30T08:35:03","date_gmt":"2021-04-30T13:35:03","guid":{"rendered":"http:\/\/losperiodistas.com.mx\/portal\/?p=7473"},"modified":"2021-04-30T08:35:05","modified_gmt":"2021-04-30T13:35:05","slug":"cientos-de-migrantes-deportados-de-ee-uu-estan-varados-en-mexico-dw","status":"publish","type":"post","link":"https:\/\/losperiodistas.com.mx\/portal\/cientos-de-migrantes-deportados-de-ee-uu-estan-varados-en-mexico-dw\/","title":{"rendered":"Cientos de migrantes deportados de EE.UU. est\u00e1n varados en M\u00e9xico | DW"},"content":{"rendered":"\n<p style=\"font-size:18px\"><em>La ONG M\u00e9dicos sin Fronteras advirti\u00f3 que los indocumentados carecen de servicios b\u00e1sicos y est\u00e1n vulnerables al secuestro y la violencia.<\/em><\/p>\n\n\n\n<figure class=\"wp-block-image size-large\"><img fetchpriority=\"high\" decoding=\"async\" width=\"1024\" height=\"579\" src=\"https:\/\/losperiodistas.com.mx\/portal\/wp-content\/uploads\/2021\/04\/Captura-de-Pantalla-2021-04-30-a-las-8.31.16-1024x579.jpg\" alt=\"\" class=\"wp-image-7474\" srcset=\"https:\/\/losperiodistas.com.mx\/portal\/wp-content\/uploads\/2021\/04\/Captura-de-Pantalla-2021-04-30-a-las-8.31.16-1024x579.jpg 1024w, https:\/\/losperiodistas.com.mx\/portal\/wp-content\/uploads\/2021\/04\/Captura-de-Pantalla-2021-04-30-a-las-8.31.16-300x170.jpg 300w, https:\/\/losperiodistas.com.mx\/portal\/wp-content\/uploads\/2021\/04\/Captura-de-Pantalla-2021-04-30-a-las-8.31.16-768x434.jpg 768w, https:\/\/losperiodistas.com.mx\/portal\/wp-content\/uploads\/2021\/04\/Captura-de-Pantalla-2021-04-30-a-las-8.31.16.jpg 1404w\" sizes=\"(max-width: 1024px) 100vw, 1024px\" \/><\/figure>\n\n\n\n<p class=\"has-vivid-cyan-blue-color has-text-color has-medium-font-size\">DW<\/p>\n\n\n\n<p>Cientos de personas deportadas de Estados Unidos a M\u00e9xico, en su mayor\u00eda mujeres y ni\u00f1os, se encuentran varadas en Reynosa, en el norte\u00f1o estado de Tamaulipas, debido al T\u00edtulo 42, alert\u00f3 este jueves (29.04.2021) la ONG M\u00e9dicos sin Fronteras.<\/p>\n\n\n\n<p>\u00ab(Los migrantes est\u00e1n) vulnerables al secuestro y la violencia y sin bienes b\u00e1sicos de primera necesidad como agua potable, refugio, as\u00ed como servicios sociales o de salud\u00bb, dijo la organizaci\u00f3n en un comunicado.<\/p>\n\n\n\n<p>Durante la Administraci\u00f3n de Donald Trump, los Centros para el Control y la Prevenci\u00f3n de Enfermedades de EE.UU. (CDC, en ingl\u00e9s) emitieron, en marzo de 2020, el T\u00edtulo 42 como parte de la respuesta del gobierno a la pandemia del COVID-19.\u00a0<\/p>\n\n\n\n<figure class=\"wp-block-embed is-type-rich is-provider-twitter wp-block-embed-twitter\"><div class=\"wp-block-embed__wrapper\">\n<blockquote class=\"twitter-tweet\" data-width=\"500\" data-dnt=\"true\"><p lang=\"es\" dir=\"ltr\">En el \u00faltimo mes, aument\u00f3 la cantidad de personas deportadas a Reynosa; hasta hace unos d\u00edas, hab\u00eda unas 400 en la plaza p\u00fablica. La mayor\u00eda son migrantes que cruzaron a los EE.UU. y fueron deportados directamente a M\u00e9xico bajo el T\u00edtulo 42.<a href=\"https:\/\/t.co\/xcWpmLaspz\">https:\/\/t.co\/xcWpmLaspz<\/a><\/p>&mdash; M\u00e9dicos Sin Fronteras M\u00e9xico (@MSF_Mexico) <a href=\"https:\/\/twitter.com\/MSF_Mexico\/status\/1387909519120867335?ref_src=twsrc%5Etfw\">April 29, 2021<\/a><\/blockquote><script async src=\"https:\/\/platform.twitter.com\/widgets.js\" charset=\"utf-8\"><\/script>\n<\/div><\/figure>\n\n\n\n<p>Esta disposici\u00f3n se\u00f1ala que la Oficina de Aduanas y Protecci\u00f3n Fronteriza (CBP, en ingl\u00e9s) puede devolver por la fuerza a trav\u00e9s de la frontera a migrantes que hayan entrado de forma irregular a Estados Unidos, sin darles la oportunidad de solicitar asilo o protecci\u00f3n.<\/p>\n\n\n\n<p>Seg\u00fan MSF, el grupo compuesto principalmente por familias de Honduras, Guatemala y El Salvador se encuentra en la Plaza de la Rep\u00fablica de Reynosa, ubicaci\u00f3n muy cercana a la frontera con Estados Unidos. <\/p>\n\n\n\n<h2 class=\"wp-block-heading\">El gran reto para Estados Unidos<\/h2>\n\n\n\n<p><strong><\/strong><\/p>\n\n\n\n<p>El organismo indic\u00f3 que est\u00e1 proporcionando m\u00e1s de 150 servicios m\u00e9dicos, psicol\u00f3gicos sociales y de promoci\u00f3n de la salud en un d\u00eda.<\/p>\n\n\n\n<p>Durante el \u00faltimo mes, la cantidad de personas deportadas a Reynosa ha seguido aumentando y, seg\u00fan reportaron, hasta hace unos d\u00edas, hab\u00eda aproximadamente 400 personas en la plaza p\u00fablica.<\/p>\n\n\n\n<p>De estos, la mayor\u00eda son migrantes que cruzaron a Estados Unidos y fueron deportados directamente a M\u00e9xico bajo el T\u00edtulo 42, \u00abuna pol\u00edtica perniciosa y discriminatoria de la era Trump que ha continuado bajo la Administraci\u00f3n de (Joe) Biden\u00bb, dijo MSF.<\/p>\n\n\n\n<p>Desde marzo de 2020, el gobierno de EE.UU. ha llevado a cabo m\u00e1s de 618.000 deportaciones bajo el T\u00edtulo 42 y solo en marzo de 2021 m\u00e1s de 104.000 personas fueron deportadas, detallaron.<\/p>\n\n\n\n<p>gs (efe, afp)<\/p>\n\n\n\n<p>Fuente: https:\/\/www.dw.com\/es\/cientos-de-migrantes-deportados-de-eeuu-est%C3%A1n-varados-en-m%C3%A9xico\/a-57383106<\/p>\n","protected":false},"excerpt":{"rendered":"<p>La ONG M\u00e9dicos sin Fronteras advirti\u00f3 que los indocumentados carecen de servicios b\u00e1sicos y est\u00e1n vulnerables al secuestro y la [&hellip;]<\/p>\n","protected":false},"author":1,"featured_media":7474,"comment_status":"open","ping_status":"open","sticky":false,"template":"","format":"standard","meta":{"site-sidebar-layout":"default","site-content-layout":"","ast-site-content-layout":"default","site-content-style":"default","site-sidebar-style":"default","ast-global-header-display":"","ast-banner-title-visibility":"","ast-main-header-display":"","ast-hfb-above-header-display":"","ast-hfb-below-header-display":"","ast-hfb-mobile-header-display":"","site-post-title":"","ast-breadcrumbs-content":"","ast-featured-img":"","footer-sml-layout":"","theme-transparent-header-meta":"","adv-header-id-meta":"","stick-header-meta":"","header-above-stick-meta":"","header-main-stick-meta":"","header-below-stick-meta":"","astra-migrate-meta-layouts":"default","ast-page-background-enabled":"default","ast-page-background-meta":{"desktop":{"background-color":"var(--ast-global-color-4)","background-image":"","background-repeat":"repeat","background-position":"center center","background-size":"auto","background-attachment":"scroll","background-type":"","background-media":"","overlay-type":"","overlay-color":"","overlay-opacity":"","overlay-gradient":""},"tablet":{"background-color":"","background-image":"","background-repeat":"repeat","background-position":"center center","background-size":"auto","background-attachment":"scroll","background-type":"","background-media":"","overlay-type":"","overlay-color":"","overlay-opacity":"","overlay-gradient":""},"mobile":{"background-color":"","background-image":"","background-repeat":"repeat","background-position":"center center","background-size":"auto","background-attachment":"scroll","background-type":"","background-media":"","overlay-type":"","overlay-color":"","overlay-opacity":"","overlay-gradient":""}},"ast-content-background-meta":{"desktop":{"background-color":"var(--ast-global-color-5)","background-image":"","background-repeat":"repeat","background-position":"center center","background-size":"auto","background-attachment":"scroll","background-type":"","background-media":"","overlay-type":"","overlay-color":"","overlay-opacity":"","overlay-gradient":""},"tablet":{"background-color":"var(--ast-global-color-5)","background-image":"","background-repeat":"repeat","background-position":"center center","background-size":"auto","background-attachment":"scroll","background-type":"","background-media":"","overlay-type":"","overlay-color":"","overlay-opacity":"","overlay-gradient":""},"mobile":{"background-color":"var(--ast-global-color-5)","background-image":"","background-repeat":"repeat","background-position":"center center","background-size":"auto","background-attachment":"scroll","background-type":"","background-media":"","overlay-type":"","overlay-color":"","overlay-opacity":"","overlay-gradient":""}},"footnotes":""},"categories":[8],"tags":[1268,1267],"class_list":["post-7473","post","type-post","status-publish","format-standard","has-post-thumbnail","hentry","category-noticias","tag-deportdos-reynosa-mexico","tag-medicos-sin-fronteras-mexico"],"_links":{"self":[{"href":"https:\/\/losperiodistas.com.mx\/portal\/wp-json\/wp\/v2\/posts\/7473","targetHints":{"allow":["GET"]}}],"collection":[{"href":"https:\/\/losperiodistas.com.mx\/portal\/wp-json\/wp\/v2\/posts"}],"about":[{"href":"https:\/\/losperiodistas.com.mx\/portal\/wp-json\/wp\/v2\/types\/post"}],"author":[{"embeddable":true,"href":"https:\/\/losperiodistas.com.mx\/portal\/wp-json\/wp\/v2\/users\/1"}],"replies":[{"embeddable":true,"href":"https:\/\/losperiodistas.com.mx\/portal\/wp-json\/wp\/v2\/comments?post=7473"}],"version-history":[{"count":1,"href":"https:\/\/losperiodistas.com.mx\/portal\/wp-json\/wp\/v2\/posts\/7473\/revisions"}],"predecessor-version":[{"id":7475,"href":"https:\/\/losperiodistas.com.mx\/portal\/wp-json\/wp\/v2\/posts\/7473\/revisions\/7475"}],"wp:featuredmedia":[{"embeddable":true,"href":"https:\/\/losperiodistas.com.mx\/portal\/wp-json\/wp\/v2\/media\/7474"}],"wp:attachment":[{"href":"https:\/\/losperiodistas.com.mx\/portal\/wp-json\/wp\/v2\/media?parent=7473"}],"wp:term":[{"taxonomy":"category","embeddable":true,"href":"https:\/\/losperiodistas.com.mx\/portal\/wp-json\/wp\/v2\/categories?post=7473"},{"taxonomy":"post_tag","embeddable":true,"href":"https:\/\/losperiodistas.com.mx\/portal\/wp-json\/wp\/v2\/tags?post=7473"}],"curies":[{"name":"wp","href":"https:\/\/api.w.org\/{rel}","templated":true}]}}