{"id":747,"date":"2020-11-01T07:39:56","date_gmt":"2020-11-01T13:39:56","guid":{"rendered":"http:\/\/losperiodistas.com.mx\/portal\/?p=747"},"modified":"2020-11-01T07:39:56","modified_gmt":"2020-11-01T13:39:56","slug":"coronavirus-en-mexico-ahora-suman-91753-muertos-y-924962-contagios","status":"publish","type":"post","link":"https:\/\/losperiodistas.com.mx\/portal\/coronavirus-en-mexico-ahora-suman-91753-muertos-y-924962-contagios\/","title":{"rendered":"Coronavirus en M\u00e9xico: ahora suman 91,753 muertos y 924,962 contagios"},"content":{"rendered":"\n<p><em>Debido al luto nacional este d\u00eda las autoridades sanitarias no presentaron la habitual conferencia vespertina, no obstante, los datos actualizados s\u00ed fueron presentados<\/em><\/p>\n\n\n\n<p class=\"has-vivid-cyan-blue-color has-text-color has-medium-font-size\">INFOBAE<\/p>\n\n\n\n<p>Este 31 de octubre, d\u00eda 154 de la Nueva Normalidad, la Secretar\u00eda de Salud (SSa), inform\u00f3 que ya suman<strong>&nbsp;91,753 defunciones&nbsp;<\/strong>confirmadas&nbsp;<strong>en M\u00e9xico por coronavirus (COVID-19)&nbsp;<\/strong>y que hay<strong>&nbsp;924,962 contagios<\/strong>&nbsp;acumulados.<\/p>\n\n\n\n<p>La Ciudad de M\u00e9xico y el Estado de M\u00e9xico son las entidades con mayor n\u00famero de<strong>&nbsp;casos activos<\/strong>&nbsp;estimados (con fecha de inicio de los \u00faltimos 14 d\u00edas por el \u00edndice de positividad, por entidad y semana epidemiol\u00f3gica). A nivel nacional&nbsp;<strong>se calculan 53,838 contagios.<\/strong><\/p>\n\n\n\n<p>Hay m\u00e1s de 2,000<strong>&nbsp;defunciones sospechosas<\/strong>&nbsp;que podr\u00edan sumarse al total en las pr\u00f3ximas horas. Tambi\u00e9n contabilizaron<strong>&nbsp;1,120,362 casos negativos<\/strong>, 358,175 sospechosos totales y pacientes 667, 659&nbsp;<strong>recuperados&nbsp;<\/strong>de un total de 2,286,284 pruebas realizadas.<img fetchpriority=\"high\" decoding=\"async\" alt=\"M\u00e9xico lidera la mayor\u00eda de contagios y decesos (Foto: ALFREDO ESTRELLA \/ AFP)\" height=\"4024\" src=\"https:\/\/www.infobae.com\/new-resizer\/kqknCQWAktrdvr6hWfCsmd-cZnE=\/420x280\/filters:format(jpg):quality(85)\/\/cloudfront-us-east-1.images.arcpublishing.com\/infobae\/7ATEXIM6GNETRC5MGJ4DDMQV2Y.jpg\" width=\"6048\">M\u00e9xico lidera la mayor\u00eda de contagios y decesos (Foto: ALFREDO ESTRELLA \/ AFP)<\/p>\n\n\n\n<p>De acuerdo a la dependencia en la distribuci\u00f3n por sexo en los casos acumulados hay un&nbsp;<strong>predomino del 51% en hombres<\/strong>. La mediana de edad en general es de 43 a\u00f1os.<\/p>\n\n\n\n<p>Las 10 primeras entidades que acumulan el mayor n\u00famero de casos son: Ciudad de M\u00e9xico, Estado de M\u00e9xico, Nuevo Le\u00f3n, Guanajuato, Sonora, Veracruz, Puebla, Tabasco, Jalisco y Coahuila que en conjunto conforman cerca de dos tercios (62%) de todos los casos del pa\u00eds. Cabe apuntar que&nbsp;<strong>la Ciudad de M\u00e9xico contin\u00faa registrando la mayor parte de los casos acumulados del pa\u00eds&nbsp;<\/strong>y representa por si sola el 18% de todos los contagios.<\/p>\n\n\n\n<p><strong>La capital del pa\u00eds es la entidad con mayor n\u00famero de casos activos<\/strong>, seguida de Nuevo Le\u00f3n Guanajuato, Coahuila, Durango que ascendi\u00f3 una posici\u00f3n el d\u00eda de hoy, Estado de M\u00e9xico, Jalisco, Quer\u00e9taro y Zacatecas. Todas estas entidades con m\u00e1s de 1,000 casos activos y que en su conjunto concentran el 66% de los casos activos del pa\u00eds.<\/p>\n\n\n\n<p>Adem\u00e1s<strong>, los registros de defunciones tambi\u00e9n apuntan que la Ciudad de M\u00e9xico concentra<\/strong>&nbsp;<strong>la mayor carga de casos,&nbsp;<\/strong>y que hay un predomino del 64% en hombres. La mediana de edad en este rubro es de 63 a\u00f1os.<img decoding=\"async\" alt=\"La mediana de edad de decesos es de 63 a\u00f1os (Foto: REUTERS\/Jose Luis Gonzalez)\" height=\"3122\" src=\"https:\/\/www.infobae.com\/new-resizer\/RsN0awfitjCv4TJD3l8dRT87pNA=\/420x280\/filters:format(jpg):quality(85)\/\/cloudfront-us-east-1.images.arcpublishing.com\/infobae\/RAS4FDMC3VHWVRMYYQCRFOLN4A.jpg\" width=\"4615\">La mediana de edad de decesos es de 63 a\u00f1os (Foto: REUTERS\/Jose Luis Gonzalez)<\/p>\n\n\n\n<p>En el panorama internacional, los datos de la Organizaci\u00f3n Mundial de la Salud (<strong>OMS<\/strong>) se\u00f1alan que hay 45,428,731 casos confirmados (535,928 casos nuevos) y 1,185,721 defunciones (7,246 nuevas defunciones). En tanto, la tasa de letalidad global es del 2.6 por ciento.<\/p>\n\n\n\n<p>De acuerdo a la organizaci\u00f3n sanitaria internacional,<strong>&nbsp;en la regi\u00f3n de las Americas se concentra el mayor n\u00famero de casos, con 20,311,678<\/strong>; en el segundo lugar se encuentra Europa con 10,803,232 casos; el tercer puesto lo ocupa Asia Sudoriental con 9,196,384 casos.<\/p>\n\n\n\n<p>Los puestos cuarto, quinto y sexto, lo ocupan el Mediterr\u00e1neo Oriental (3,067,038), \u00c1frica (1,319,279) y el Pac\u00edfico Occidental (730,379), respectivamente.<img decoding=\"async\" alt=\"Del 31 de octubre al 2 de noviembre habr\u00e1 luto nacional (Foto: REUTERS\/Henry Romero)\" height=\"3541\" src=\"https:\/\/www.infobae.com\/new-resizer\/FcyNmGnLVERXnQa5TFqnAfR6w04=\/420x280\/filters:format(jpg):quality(85)\/\/cloudfront-us-east-1.images.arcpublishing.com\/infobae\/RSZI5AMKNW4BZBD3ZRMJ7GLCGM.jpg\" width=\"5318\">Del 31 de octubre al 2 de noviembre habr\u00e1 luto nacional (Foto: REUTERS\/Henry Romero)<\/p>\n\n\n\n<p>Cabe recordar que las autoridades<strong>&nbsp;declararon luto nacional por quienes han fallecido a causa del coronavirus<\/strong>&nbsp;en M\u00e9xico, el cual durar\u00e1 tres d\u00edas, a partir de este 31 de octubre y hasta el 2 de noviembre, regresando a la nueva normalidad a partir del 3 de noviembre.<\/p>\n\n\n\n<p>Bajo este marco, el presidente Andr\u00e9s Manuel L\u00f3pez Obrador, encabez\u00f3 este s\u00e1bado la inauguraci\u00f3n de la ofrenda denominada \u201c<strong>Una flor para cada alma<\/strong>\u201d, colocada en el patio central de Palacio Nacional para honrar a los m\u00e1s de 91,000 fallecidos hasta este d\u00eda.<\/p>\n\n\n\n<p><strong>\u201cA partir de hoy se inician tres d\u00edas de luto nacional dedicados a recordar a todos nuestros difuntos, en especial a quienes han perdido la vida a causa de la pandemia del Covid-19\u201d, dijo el ejecutivo federal esta tarde.<\/strong><\/p>\n\n\n\n<p>Fuente: https:\/\/www.infobae.com\/america\/mexico\/2020\/11\/01\/coronavirus-en-mexico-ahora-suman-91753-muertos-y-924962-contagios\/<\/p>\n","protected":false},"excerpt":{"rendered":"<p>Debido al luto nacional este d\u00eda las autoridades sanitarias no presentaron la habitual conferencia vespertina, no obstante, los datos actualizados [&hellip;]<\/p>\n","protected":false},"author":1,"featured_media":748,"comment_status":"open","ping_status":"open","sticky":false,"template":"","format":"standard","meta":{"site-sidebar-layout":"default","site-content-layout":"","ast-site-content-layout":"default","site-content-style":"default","site-sidebar-style":"default","ast-global-header-display":"","ast-banner-title-visibility":"","ast-main-header-display":"","ast-hfb-above-header-display":"","ast-hfb-below-header-display":"","ast-hfb-mobile-header-display":"","site-post-title":"","ast-breadcrumbs-content":"","ast-featured-img":"","footer-sml-layout":"","theme-transparent-header-meta":"","adv-header-id-meta":"","stick-header-meta":"","header-above-stick-meta":"","header-main-stick-meta":"","header-below-stick-meta":"","astra-migrate-meta-layouts":"default","ast-page-background-enabled":"default","ast-page-background-meta":{"desktop":{"background-color":"var(--ast-global-color-4)","background-image":"","background-repeat":"repeat","background-position":"center center","background-size":"auto","background-attachment":"scroll","background-type":"","background-media":"","overlay-type":"","overlay-color":"","overlay-opacity":"","overlay-gradient":""},"tablet":{"background-color":"","background-image":"","background-repeat":"repeat","background-position":"center center","background-size":"auto","background-attachment":"scroll","background-type":"","background-media":"","overlay-type":"","overlay-color":"","overlay-opacity":"","overlay-gradient":""},"mobile":{"background-color":"","background-image":"","background-repeat":"repeat","background-position":"center center","background-size":"auto","background-attachment":"scroll","background-type":"","background-media":"","overlay-type":"","overlay-color":"","overlay-opacity":"","overlay-gradient":""}},"ast-content-background-meta":{"desktop":{"background-color":"var(--ast-global-color-5)","background-image":"","background-repeat":"repeat","background-position":"center center","background-size":"auto","background-attachment":"scroll","background-type":"","background-media":"","overlay-type":"","overlay-color":"","overlay-opacity":"","overlay-gradient":""},"tablet":{"background-color":"var(--ast-global-color-5)","background-image":"","background-repeat":"repeat","background-position":"center center","background-size":"auto","background-attachment":"scroll","background-type":"","background-media":"","overlay-type":"","overlay-color":"","overlay-opacity":"","overlay-gradient":""},"mobile":{"background-color":"var(--ast-global-color-5)","background-image":"","background-repeat":"repeat","background-position":"center center","background-size":"auto","background-attachment":"scroll","background-type":"","background-media":"","overlay-type":"","overlay-color":"","overlay-opacity":"","overlay-gradient":""}},"footnotes":""},"categories":[8],"tags":[],"class_list":["post-747","post","type-post","status-publish","format-standard","has-post-thumbnail","hentry","category-noticias"],"_links":{"self":[{"href":"https:\/\/losperiodistas.com.mx\/portal\/wp-json\/wp\/v2\/posts\/747","targetHints":{"allow":["GET"]}}],"collection":[{"href":"https:\/\/losperiodistas.com.mx\/portal\/wp-json\/wp\/v2\/posts"}],"about":[{"href":"https:\/\/losperiodistas.com.mx\/portal\/wp-json\/wp\/v2\/types\/post"}],"author":[{"embeddable":true,"href":"https:\/\/losperiodistas.com.mx\/portal\/wp-json\/wp\/v2\/users\/1"}],"replies":[{"embeddable":true,"href":"https:\/\/losperiodistas.com.mx\/portal\/wp-json\/wp\/v2\/comments?post=747"}],"version-history":[{"count":1,"href":"https:\/\/losperiodistas.com.mx\/portal\/wp-json\/wp\/v2\/posts\/747\/revisions"}],"predecessor-version":[{"id":749,"href":"https:\/\/losperiodistas.com.mx\/portal\/wp-json\/wp\/v2\/posts\/747\/revisions\/749"}],"wp:featuredmedia":[{"embeddable":true,"href":"https:\/\/losperiodistas.com.mx\/portal\/wp-json\/wp\/v2\/media\/748"}],"wp:attachment":[{"href":"https:\/\/losperiodistas.com.mx\/portal\/wp-json\/wp\/v2\/media?parent=747"}],"wp:term":[{"taxonomy":"category","embeddable":true,"href":"https:\/\/losperiodistas.com.mx\/portal\/wp-json\/wp\/v2\/categories?post=747"},{"taxonomy":"post_tag","embeddable":true,"href":"https:\/\/losperiodistas.com.mx\/portal\/wp-json\/wp\/v2\/tags?post=747"}],"curies":[{"name":"wp","href":"https:\/\/api.w.org\/{rel}","templated":true}]}}