{"id":74643,"date":"2024-05-19T20:31:33","date_gmt":"2024-05-20T01:31:33","guid":{"rendered":"https:\/\/losperiodistas.com.mx\/portal\/?p=74643"},"modified":"2024-05-19T20:31:35","modified_gmt":"2024-05-20T01:31:35","slug":"lopez-obrador-concluye-en-acapulco-gira-por-entidades-adscritas-al-imss-bienestar-excelsior","status":"publish","type":"post","link":"https:\/\/losperiodistas.com.mx\/portal\/lopez-obrador-concluye-en-acapulco-gira-por-entidades-adscritas-al-imss-bienestar-excelsior\/","title":{"rendered":"L\u00f3pez Obrador concluye en Acapulco gira por entidades adscritas al IMSS-Bienestar | EXCELSIOR"},"content":{"rendered":"\n<h2 class=\"has-medium-font-size wp-block-heading\">Vamos a cumplir el compromiso de tener en septiembre el mejor sistema de salud p\u00fablica del mundo, afirm\u00f3 el presidente Andr\u00e9s Manuel L\u00f3pez Obrador.<\/h2>\n\n\n\n<p><\/p>\n\n\n\n<figure class=\"wp-block-image\"><img decoding=\"async\" src=\"https:\/\/cdn2.excelsior.com.mx\/800x600\/filters:format(jpg):quality(75)\/media\/pictures\/2024\/05\/19\/3118358.jpg\" alt=\"El presidente Andr\u00e9s Manuel L\u00f3pez Obrador\"\/><figcaption>Foto: Especial<\/figcaption><\/figure>\n\n\n\n<p class=\"has-vivid-red-color has-text-color has-medium-font-size\"><small><strong>ISABEL GONZ\u00c1LEZ AGUIRRE\u00a0\/ EXCELSIOR<\/strong><\/small><a href=\"https:\/\/twitter.com\/intent\/tweet?url=https:\/\/www.excelsior.com.mx\/nacional\/amlo-concluye-en-acapulco-gira-por-entidades-adscritas-al-imss-bienestar\/1652849&amp;text=Mira,%20estoy%20leyendo:%20L%C3%B3pez%20Obrador%20concluye%20en%20Acapulco%20gira%20por%20entidades%20adscritas%20al%20IMSS-Bienestar&amp;via=Exc%C3%A9lsior\" target=\"_blank\" rel=\"noreferrer noopener\"><\/a><\/p>\n\n\n\n<p><\/p>\n\n\n\n<p>El presidente de M\u00e9xico,&nbsp;<strong>Andr\u00e9s Manuel L\u00f3pez Obrador,<\/strong>&nbsp;concluy\u00f3 en&nbsp;<strong>Acapulco, Guerrero<\/strong>, la primera parte de una gira por las entidades adscritas al&nbsp;<strong>IMSS-Bienestar.<\/strong><\/p>\n\n\n\n<p>Desde su cuenta en la red su uso X, el mandatario federal ratific\u00f3 su compromiso de dejar un sistema a la altura de muchos pa\u00edses en el mundo.<\/p>\n\n\n\n<p><strong>Te puede interesar:&nbsp;<a href=\"https:\/\/www.excelsior.com.mx\/nacional\/violencia-chiapas-se-concentra-una-region-enfrentamiento-grupos-amlo\/1652541\" target=\"_blank\" rel=\"noreferrer noopener\">Violencia en Chiapas se concentra en una regi\u00f3n por pugna entre 2 grupos: L\u00f3pez Obrador&nbsp;<\/a><\/strong><\/p>\n\n\n\n<p>Se\u00f1al\u00f3 que \u201cma\u00f1ana continuamos en Hidalgo y por la tarde nos reuniremos con gobernadores de salud del plan IMSS Bienestar\u201d.<\/p>\n\n\n\n<p>Vamos a cumplir el compromiso de tener en septiembre el mejor sistema de salud p\u00fablica del mundo: m\u00e9dicos generales, de lunes a domingo, en 11 mil centros de salud; especialistas en 635 hospitales; 100 por ciento de abasto de medicamentos, estudios, intervenciones quir\u00fargicas y todo de manera universal y gratuita\u201d, destac\u00f3 en su mensaje en redes.<\/p>\n\n\n\n<figure class=\"wp-block-embed is-type-rich is-provider-twitter wp-block-embed-twitter\"><div class=\"wp-block-embed__wrapper\">\n<blockquote class=\"twitter-tweet\" data-width=\"500\" data-dnt=\"true\"><p lang=\"es\" dir=\"ltr\">En Acapulco concluimos la gira de salud por nueve estados. Ma\u00f1ana continuamos en Hidalgo y por la tarde nos reuniremos con gobernadores del plan IMSS Bienestar. Vamos a cumplir el compromiso de tener en septiembre el mejor sistema de salud p\u00fablica del mundo: m\u00e9dicos generales, de\u2026 <a href=\"https:\/\/t.co\/qnK3eTCQ40\">pic.twitter.com\/qnK3eTCQ40<\/a><\/p>&mdash; Andr\u00e9s Manuel (@lopezobrador_) <a href=\"https:\/\/twitter.com\/lopezobrador_\/status\/1792299965559054597?ref_src=twsrc%5Etfw\">May 19, 2024<\/a><\/blockquote><script async src=\"https:\/\/platform.twitter.com\/widgets.js\" charset=\"utf-8\"><\/script>\n<\/div><\/figure>\n\n\n\n<p>Fuente: <a href=\"https:\/\/www.excelsior.com.mx\/nacional\/amlo-concluye-en-acapulco-gira-por-entidades-adscritas-al-imss-bienestar\/1652849\">https:\/\/www.excelsior.com.mx\/nacional\/amlo-concluye-en-acapulco-gira-por-entidades-adscritas-al-imss-bienestar\/1652849<\/a><\/p>\n","protected":false},"excerpt":{"rendered":"<p>Vamos a cumplir el compromiso de tener en septiembre el mejor sistema de salud p\u00fablica del mundo, afirm\u00f3 el presidente [&hellip;]<\/p>\n","protected":false},"author":1,"featured_media":74644,"comment_status":"open","ping_status":"open","sticky":false,"template":"","format":"standard","meta":{"site-sidebar-layout":"default","site-content-layout":"","ast-site-content-layout":"default","site-content-style":"default","site-sidebar-style":"default","ast-global-header-display":"","ast-banner-title-visibility":"","ast-main-header-display":"","ast-hfb-above-header-display":"","ast-hfb-below-header-display":"","ast-hfb-mobile-header-display":"","site-post-title":"","ast-breadcrumbs-content":"","ast-featured-img":"","footer-sml-layout":"","theme-transparent-header-meta":"","adv-header-id-meta":"","stick-header-meta":"","header-above-stick-meta":"","header-main-stick-meta":"","header-below-stick-meta":"","astra-migrate-meta-layouts":"default","ast-page-background-enabled":"default","ast-page-background-meta":{"desktop":{"background-color":"var(--ast-global-color-4)","background-image":"","background-repeat":"repeat","background-position":"center center","background-size":"auto","background-attachment":"scroll","background-type":"","background-media":"","overlay-type":"","overlay-color":"","overlay-opacity":"","overlay-gradient":""},"tablet":{"background-color":"","background-image":"","background-repeat":"repeat","background-position":"center center","background-size":"auto","background-attachment":"scroll","background-type":"","background-media":"","overlay-type":"","overlay-color":"","overlay-opacity":"","overlay-gradient":""},"mobile":{"background-color":"","background-image":"","background-repeat":"repeat","background-position":"center center","background-size":"auto","background-attachment":"scroll","background-type":"","background-media":"","overlay-type":"","overlay-color":"","overlay-opacity":"","overlay-gradient":""}},"ast-content-background-meta":{"desktop":{"background-color":"var(--ast-global-color-5)","background-image":"","background-repeat":"repeat","background-position":"center center","background-size":"auto","background-attachment":"scroll","background-type":"","background-media":"","overlay-type":"","overlay-color":"","overlay-opacity":"","overlay-gradient":""},"tablet":{"background-color":"var(--ast-global-color-5)","background-image":"","background-repeat":"repeat","background-position":"center center","background-size":"auto","background-attachment":"scroll","background-type":"","background-media":"","overlay-type":"","overlay-color":"","overlay-opacity":"","overlay-gradient":""},"mobile":{"background-color":"var(--ast-global-color-5)","background-image":"","background-repeat":"repeat","background-position":"center center","background-size":"auto","background-attachment":"scroll","background-type":"","background-media":"","overlay-type":"","overlay-color":"","overlay-opacity":"","overlay-gradient":""}},"footnotes":""},"categories":[8],"tags":[199,16149],"class_list":["post-74643","post","type-post","status-publish","format-standard","has-post-thumbnail","hentry","category-noticias","tag-amlo","tag-imss-bienestar"],"_links":{"self":[{"href":"https:\/\/losperiodistas.com.mx\/portal\/wp-json\/wp\/v2\/posts\/74643","targetHints":{"allow":["GET"]}}],"collection":[{"href":"https:\/\/losperiodistas.com.mx\/portal\/wp-json\/wp\/v2\/posts"}],"about":[{"href":"https:\/\/losperiodistas.com.mx\/portal\/wp-json\/wp\/v2\/types\/post"}],"author":[{"embeddable":true,"href":"https:\/\/losperiodistas.com.mx\/portal\/wp-json\/wp\/v2\/users\/1"}],"replies":[{"embeddable":true,"href":"https:\/\/losperiodistas.com.mx\/portal\/wp-json\/wp\/v2\/comments?post=74643"}],"version-history":[{"count":1,"href":"https:\/\/losperiodistas.com.mx\/portal\/wp-json\/wp\/v2\/posts\/74643\/revisions"}],"predecessor-version":[{"id":74645,"href":"https:\/\/losperiodistas.com.mx\/portal\/wp-json\/wp\/v2\/posts\/74643\/revisions\/74645"}],"wp:featuredmedia":[{"embeddable":true,"href":"https:\/\/losperiodistas.com.mx\/portal\/wp-json\/wp\/v2\/media\/74644"}],"wp:attachment":[{"href":"https:\/\/losperiodistas.com.mx\/portal\/wp-json\/wp\/v2\/media?parent=74643"}],"wp:term":[{"taxonomy":"category","embeddable":true,"href":"https:\/\/losperiodistas.com.mx\/portal\/wp-json\/wp\/v2\/categories?post=74643"},{"taxonomy":"post_tag","embeddable":true,"href":"https:\/\/losperiodistas.com.mx\/portal\/wp-json\/wp\/v2\/tags?post=74643"}],"curies":[{"name":"wp","href":"https:\/\/api.w.org\/{rel}","templated":true}]}}