{"id":74636,"date":"2024-05-19T19:28:50","date_gmt":"2024-05-20T00:28:50","guid":{"rendered":"http:\/\/losperiodistas.com.mx\/portal\/?p=74636"},"modified":"2024-05-19T20:34:03","modified_gmt":"2024-05-20T01:34:03","slug":"meghan-y-harry-celebran-sexto-aniversario-de-bodas","status":"publish","type":"post","link":"https:\/\/losperiodistas.com.mx\/portal\/meghan-y-harry-celebran-sexto-aniversario-de-bodas\/","title":{"rendered":"Meghan Markle y el pr\u00edncipe Harry celebran su sexto aniversario de boda tras su viaje a \u00c1frica | Infobae"},"content":{"rendered":"\n<p>La pareja real regres\u00f3 a California luego de su breve paso por Nigeria.<\/p>\n\n\n\n<figure class=\"wp-block-image size-large\"><img fetchpriority=\"high\" decoding=\"async\" width=\"1024\" height=\"577\" src=\"https:\/\/losperiodistas.com.mx\/portal\/wp-content\/uploads\/2024\/05\/Captura-de-pantalla-2024-05-19-181707-1024x577.png\" alt=\"Meghan y Harry, aniversario\" class=\"wp-image-74637\" srcset=\"https:\/\/losperiodistas.com.mx\/portal\/wp-content\/uploads\/2024\/05\/Captura-de-pantalla-2024-05-19-181707-1024x577.png 1024w, https:\/\/losperiodistas.com.mx\/portal\/wp-content\/uploads\/2024\/05\/Captura-de-pantalla-2024-05-19-181707-300x169.png 300w, https:\/\/losperiodistas.com.mx\/portal\/wp-content\/uploads\/2024\/05\/Captura-de-pantalla-2024-05-19-181707-768x433.png 768w, https:\/\/losperiodistas.com.mx\/portal\/wp-content\/uploads\/2024\/05\/Captura-de-pantalla-2024-05-19-181707.png 1241w\" sizes=\"(max-width: 1024px) 100vw, 1024px\" \/><figcaption>Meghan Markle y el Pr\u00edncipe Harry celebraron su sexto aniversario de bodas tras regresar de una visita de tres d\u00edas a Nigeria en mayo (Cr\u00e9ditos: Jane Barlow &#8211; WPA Pool\/Getty Images)<\/figcaption><\/figure>\n\n\n\n<p><\/p>\n\n\n\n<p class=\"has-vivid-red-color has-text-color has-medium-font-size\"><strong>ALEJANDRO SALDA\u00d1A \/ INFOBAE<\/strong><\/p>\n\n\n\n<p><strong>Meghan Markle<\/strong>\u00a0y el\u00a0<strong>Pr\u00edncipe Harry<\/strong>\u00a0conmemoraron su sexto aniversario de bodas este domingo tras regresar a California despu\u00e9s de una breve visita a Nigeria. La famosa pareja real, conocida como los Duques de Sussex, se casaron en una ceremonia real en la misma fecha, en 2018, en la Capilla de San Jorge, del el Castillo de Windsor.<\/p>\n\n\n\n<p>En aquella ocasi\u00f3n, la ceremonia real cont\u00f3 con la asistencia de familiares y amigos de la pareja, incluidos la&nbsp;<strong>Reina Isabel II<\/strong>, el&nbsp;<strong>Pr\u00edncipe Felipe<\/strong>, el&nbsp;<strong>Rey Carlos<\/strong>, la futura&nbsp;<strong>Reina Consorte Camila<\/strong>, el&nbsp;<strong>Pr\u00edncipe William<\/strong>&nbsp;y&nbsp;<strong>Kate Middleton<\/strong>. La madre de Meghan, Doria Ragland, tambi\u00e9n estuvo presente y sali\u00f3 de la iglesia del brazo del nuevo suegro de su hija, quien la acompa\u00f1\u00f3 al altar durante la ceremonia.<\/p>\n\n\n\n<figure class=\"wp-block-image size-large\"><img decoding=\"async\" width=\"1024\" height=\"627\" src=\"https:\/\/losperiodistas.com.mx\/portal\/wp-content\/uploads\/2024\/05\/Captura-de-pantalla-2024-05-19-182035-1024x627.png\" alt=\"\" class=\"wp-image-74638\" srcset=\"https:\/\/losperiodistas.com.mx\/portal\/wp-content\/uploads\/2024\/05\/Captura-de-pantalla-2024-05-19-182035-1024x627.png 1024w, https:\/\/losperiodistas.com.mx\/portal\/wp-content\/uploads\/2024\/05\/Captura-de-pantalla-2024-05-19-182035-300x184.png 300w, https:\/\/losperiodistas.com.mx\/portal\/wp-content\/uploads\/2024\/05\/Captura-de-pantalla-2024-05-19-182035-768x470.png 768w, https:\/\/losperiodistas.com.mx\/portal\/wp-content\/uploads\/2024\/05\/Captura-de-pantalla-2024-05-19-182035.png 1240w\" sizes=\"(max-width: 1024px) 100vw, 1024px\" \/><figcaption>Meghan y Harry se casaron el 19 de mayo de 2018 en la Capilla de San Jorge en el Castillo de Windsor, con la asistencia de familiares y amigos cercanos. (Cr\u00e9ditos: Max Mumby\/Indigo\/Getty Images)<\/figcaption><\/figure>\n\n\n\n<p>Despu\u00e9s de la ceremonia religiosa,&nbsp;<strong>Meghan y Harry<\/strong>&nbsp;pasearon en un carruaje tirado por caballos por Windsor para saludar a la multitud congregada en las calles. Posteriormente, celebraron una recepci\u00f3n en el Sal\u00f3n de San Jorge del castillo, y m\u00e1s tarde, en una recepci\u00f3n nocturna, Meghan visti\u00f3 un elegante vestido dise\u00f1ado por&nbsp;<strong>Stella McCartney<\/strong>&nbsp;y Harry un esmoquin.<\/p>\n\n\n\n<p>En el documental \u201cHarry y Meghan,\u201d lanzado por Netflix en diciembre de 2022, la pareja comparti\u00f3 fotos in\u00e9ditas de la boda, incluidos momentos de su primer baile como esposos al ritmo de \u201cLand of 1,000 Dances\u201d de Wilson Pickett.<\/p>\n\n\n\n<p><strong>\u201cSolo quer\u00eda que la m\u00fasica fuera divertida. Incluso nuestro primer baile\u201d<\/strong>, coment\u00f3 Meghan en el documental. Seg\u00fan una fuente citada por&nbsp;<em>PEOPLE<\/em>&nbsp;en ese momento, \u201cFue una gran fiesta de baile, todos se soltaron y se divirtieron mucho. Fue&nbsp;<strong>una noche divertida y para nada formal<\/strong>\u201d.<\/p>\n\n\n\n<figure class=\"wp-block-image size-large\"><img decoding=\"async\" width=\"1024\" height=\"763\" src=\"https:\/\/losperiodistas.com.mx\/portal\/wp-content\/uploads\/2024\/05\/Captura-de-pantalla-2024-05-19-182213-1024x763.png\" alt=\"\" class=\"wp-image-74639\" srcset=\"https:\/\/losperiodistas.com.mx\/portal\/wp-content\/uploads\/2024\/05\/Captura-de-pantalla-2024-05-19-182213-1024x763.png 1024w, https:\/\/losperiodistas.com.mx\/portal\/wp-content\/uploads\/2024\/05\/Captura-de-pantalla-2024-05-19-182213-300x223.png 300w, https:\/\/losperiodistas.com.mx\/portal\/wp-content\/uploads\/2024\/05\/Captura-de-pantalla-2024-05-19-182213-768x572.png 768w, https:\/\/losperiodistas.com.mx\/portal\/wp-content\/uploads\/2024\/05\/Captura-de-pantalla-2024-05-19-182213.png 1117w\" sizes=\"(max-width: 1024px) 100vw, 1024px\" \/><figcaption>En su documental de Netflix, \u00abHarry y Meghan\u00bb, la pareja revel\u00f3 fotos in\u00e9ditas de su boda y de su primer baile al ritmo de \u00abLand of 1,000 Dances\u00bb (Cr\u00e9ditos: Netflix)<\/figcaption><\/figure>\n\n\n\n<p>El libro \u201cFinding Freedom\u201d detalla c\u00f3mo Meghan y el Pr\u00edncipe Harry celebraron su primer aniversario de manera discreta en 2019 con una comida en compa\u00f1\u00eda de Doria Ragland, quien hab\u00eda viajado al Reino Unido para conocer a su nieto, el Pr\u00edncipe Archie, nacido el 6 de mayo de 2019.&nbsp;<strong>\u201cEn el aniversario de su primer a\u00f1o de matrimonio, Harry y Meghan disfrutaron de un tradicional almuerzo dominical con Doria, su \u00faltima comida antes de regresar a Los \u00c1ngeles\u201d<\/strong>, escribieron los autores Omid Scobie y Carolyn Durand.<\/p>\n\n\n\n<p>El pr\u00edncipe Harry tambi\u00e9n sorprendi\u00f3 a Meghan con un&nbsp;<strong>anillo de eternidad<\/strong>&nbsp;que fue dise\u00f1ado por la joyera de las estrellas&nbsp;<strong>Lorraine Schwartz<\/strong>, una de las favoritas de Meghan, y que ella luci\u00f3 en el desfile <em>\u201cTrooping the Colour\u201d<\/em> el mes siguiente a la vista de varias c\u00e1maras y medios de prensa. Los Duques de Sussex, padres tambi\u00e9n de la Princesa Lilibet de 2 a\u00f1os, intercambian regalos basados en tradiciones para sus aniversarios de boda.<\/p>\n\n\n\n<p><strong>\u201cAman poner su propio toque en los regalos de aniversario tradicionales\u201d<\/strong>, coment\u00f3 una fuente previamente a&nbsp;<em>People.<\/em>&nbsp;\u201cEl primer aniversario fue de papel, y Meghan escribi\u00f3 el discurso de su boda y lo enmarc\u00f3 para \u00e9l.\u201d En su segundo aniversario en 2020, poco despu\u00e9s de mudarse a California tras dejar de ser miembros activos de la familia real, \u201cambos se dieron regalos basados en \u2018algod\u00f3n\u2019. Sin duda, fue un&nbsp;<strong>gesto muy creativo y rom\u00e1ntico<\/strong>&nbsp;como todos sus regalos mutuos.\u201d<\/p>\n\n\n\n<figure class=\"wp-block-image size-large\"><img loading=\"lazy\" decoding=\"async\" width=\"1024\" height=\"769\" src=\"https:\/\/losperiodistas.com.mx\/portal\/wp-content\/uploads\/2024\/05\/Captura-de-pantalla-2024-05-19-182352-1024x769.png\" alt=\"\" class=\"wp-image-74640\" srcset=\"https:\/\/losperiodistas.com.mx\/portal\/wp-content\/uploads\/2024\/05\/Captura-de-pantalla-2024-05-19-182352-1024x769.png 1024w, https:\/\/losperiodistas.com.mx\/portal\/wp-content\/uploads\/2024\/05\/Captura-de-pantalla-2024-05-19-182352-300x225.png 300w, https:\/\/losperiodistas.com.mx\/portal\/wp-content\/uploads\/2024\/05\/Captura-de-pantalla-2024-05-19-182352-768x577.png 768w, https:\/\/losperiodistas.com.mx\/portal\/wp-content\/uploads\/2024\/05\/Captura-de-pantalla-2024-05-19-182352.png 1117w\" sizes=\"(max-width: 1024px) 100vw, 1024px\" \/><figcaption>Este mes, los Duques de Sussex visitaron Nigeria por proyectos de salud mental de la Fundaci\u00f3n Archewell y para promover los Juegos Invictus. (Cr\u00e9ditos: Courtney AFRICA \/ POOL \/ AFP)<\/figcaption><\/figure>\n\n\n\n<p>Este mes, Meghan y Harry viajaron a Nigeria para promover las&nbsp;<strong>iniciativas de salud mental de su Fundaci\u00f3n Archewell y los Juegos Invictus<\/strong>, a los que Nigeria se uni\u00f3 por primera vez el a\u00f1o pasado. \u201c<em>Estoy muy contento con el crecimiento de Invictus y de incluir a Nigeria,\u201d<\/em> declar\u00f3 Harry a PEOPLE. \u201cSabes lo que&nbsp;<strong>\u00c1frica<\/strong>&nbsp;significa para m\u00ed a lo largo de los a\u00f1os. Es un&nbsp;<strong>lugar muy, muy especial<\/strong>, y poder incluir a Nigeria ahora [en Invictus], me hace muy feliz.\u201d<\/p>\n\n\n\n<p>Para Meghan, el viaje tuvo un significado especial al acercarla a sus ra\u00edces. En 2022, descubri\u00f3 a trav\u00e9s de un test de genealog\u00eda que posee un 43% de ascendencia nigeriana.&nbsp;<strong>\u201cFue incre\u00edblemente memorable y especial\u201d<\/strong>, coment\u00f3 Meghan sobre su tiempo en Nigeria. <em>\u201cEse es el mejor souvenir que podemos llevar con nosotros: todos los recuerdos que hemos creado.\u201d<\/em><\/p>\n\n\n\n<figure class=\"wp-block-image size-large\"><img loading=\"lazy\" decoding=\"async\" width=\"1024\" height=\"682\" src=\"https:\/\/losperiodistas.com.mx\/portal\/wp-content\/uploads\/2024\/05\/Captura-de-pantalla-2024-05-19-182454-1024x682.png\" alt=\"\" class=\"wp-image-74641\" srcset=\"https:\/\/losperiodistas.com.mx\/portal\/wp-content\/uploads\/2024\/05\/Captura-de-pantalla-2024-05-19-182454-1024x682.png 1024w, https:\/\/losperiodistas.com.mx\/portal\/wp-content\/uploads\/2024\/05\/Captura-de-pantalla-2024-05-19-182454-300x200.png 300w, https:\/\/losperiodistas.com.mx\/portal\/wp-content\/uploads\/2024\/05\/Captura-de-pantalla-2024-05-19-182454-768x511.png 768w, https:\/\/losperiodistas.com.mx\/portal\/wp-content\/uploads\/2024\/05\/Captura-de-pantalla-2024-05-19-182454.png 1116w\" sizes=\"(max-width: 1024px) 100vw, 1024px\" \/><figcaption>Meghan descubri\u00f3 en 2022 que tiene un 43% de ascendencia nigeriana, lo que hizo que su reciente viaje a Nigeria fuera especialmente memorable. (Cr\u00e9ditos: Facundo Arrizabalaga\/Pool via REUTERS)<\/figcaption><\/figure>\n\n\n\n<p>La pareja espera m\u00e1s oportunidades de viaje para seguir avanzando en sus iniciativas. <em>\u201cHay solo tanto que uno puede hacer desde casa y por Zoom, as\u00ed que estamos deseando viajar m\u00e1s porque el trabajo importa. Ya sea en la Fundaci\u00f3n Archewell, en Invictus o en cualquiera de nuestras otras causas, siempre habr\u00e1 razones para conocer a las personas en el centro de nuestro trabajo,\u201d<\/em> expres\u00f3 el Pr\u00edncipe Harry.<\/p>\n\n\n\n<p>Fuente: <a href=\"https:\/\/www.infobae.com\/entretenimiento\/2024\/05\/19\/meghan-markle-y-el-principe-harry-celebraron-su-sexto-aniversario-de-boda-tras-su-viaje-a-africa\/\" target=\"_blank\" rel=\"noreferrer noopener\">Infobae<\/a><\/p>\n","protected":false},"excerpt":{"rendered":"<p>La pareja real regres\u00f3 a California luego de su breve paso por Nigeria<\/p>\n","protected":false},"author":1,"featured_media":74637,"comment_status":"open","ping_status":"open","sticky":false,"template":"","format":"standard","meta":{"site-sidebar-layout":"default","site-content-layout":"","ast-site-content-layout":"default","site-content-style":"default","site-sidebar-style":"default","ast-global-header-display":"","ast-banner-title-visibility":"","ast-main-header-display":"","ast-hfb-above-header-display":"","ast-hfb-below-header-display":"","ast-hfb-mobile-header-display":"","site-post-title":"","ast-breadcrumbs-content":"","ast-featured-img":"","footer-sml-layout":"","theme-transparent-header-meta":"","adv-header-id-meta":"","stick-header-meta":"","header-above-stick-meta":"","header-main-stick-meta":"","header-below-stick-meta":"","astra-migrate-meta-layouts":"default","ast-page-background-enabled":"default","ast-page-background-meta":{"desktop":{"background-color":"var(--ast-global-color-4)","background-image":"","background-repeat":"repeat","background-position":"center center","background-size":"auto","background-attachment":"scroll","background-type":"","background-media":"","overlay-type":"","overlay-color":"","overlay-opacity":"","overlay-gradient":""},"tablet":{"background-color":"","background-image":"","background-repeat":"repeat","background-position":"center center","background-size":"auto","background-attachment":"scroll","background-type":"","background-media":"","overlay-type":"","overlay-color":"","overlay-opacity":"","overlay-gradient":""},"mobile":{"background-color":"","background-image":"","background-repeat":"repeat","background-position":"center center","background-size":"auto","background-attachment":"scroll","background-type":"","background-media":"","overlay-type":"","overlay-color":"","overlay-opacity":"","overlay-gradient":""}},"ast-content-background-meta":{"desktop":{"background-color":"var(--ast-global-color-5)","background-image":"","background-repeat":"repeat","background-position":"center center","background-size":"auto","background-attachment":"scroll","background-type":"","background-media":"","overlay-type":"","overlay-color":"","overlay-opacity":"","overlay-gradient":""},"tablet":{"background-color":"var(--ast-global-color-5)","background-image":"","background-repeat":"repeat","background-position":"center center","background-size":"auto","background-attachment":"scroll","background-type":"","background-media":"","overlay-type":"","overlay-color":"","overlay-opacity":"","overlay-gradient":""},"mobile":{"background-color":"var(--ast-global-color-5)","background-image":"","background-repeat":"repeat","background-position":"center center","background-size":"auto","background-attachment":"scroll","background-type":"","background-media":"","overlay-type":"","overlay-color":"","overlay-opacity":"","overlay-gradient":""}},"footnotes":""},"categories":[8],"tags":[25178,14188,14187,230],"class_list":["post-74636","post","type-post","status-publish","format-standard","has-post-thumbnail","hentry","category-noticias","tag-aniversario","tag-duques-de-sussex","tag-meghan-markle","tag-principe-harry"],"_links":{"self":[{"href":"https:\/\/losperiodistas.com.mx\/portal\/wp-json\/wp\/v2\/posts\/74636","targetHints":{"allow":["GET"]}}],"collection":[{"href":"https:\/\/losperiodistas.com.mx\/portal\/wp-json\/wp\/v2\/posts"}],"about":[{"href":"https:\/\/losperiodistas.com.mx\/portal\/wp-json\/wp\/v2\/types\/post"}],"author":[{"embeddable":true,"href":"https:\/\/losperiodistas.com.mx\/portal\/wp-json\/wp\/v2\/users\/1"}],"replies":[{"embeddable":true,"href":"https:\/\/losperiodistas.com.mx\/portal\/wp-json\/wp\/v2\/comments?post=74636"}],"version-history":[{"count":2,"href":"https:\/\/losperiodistas.com.mx\/portal\/wp-json\/wp\/v2\/posts\/74636\/revisions"}],"predecessor-version":[{"id":74647,"href":"https:\/\/losperiodistas.com.mx\/portal\/wp-json\/wp\/v2\/posts\/74636\/revisions\/74647"}],"wp:featuredmedia":[{"embeddable":true,"href":"https:\/\/losperiodistas.com.mx\/portal\/wp-json\/wp\/v2\/media\/74637"}],"wp:attachment":[{"href":"https:\/\/losperiodistas.com.mx\/portal\/wp-json\/wp\/v2\/media?parent=74636"}],"wp:term":[{"taxonomy":"category","embeddable":true,"href":"https:\/\/losperiodistas.com.mx\/portal\/wp-json\/wp\/v2\/categories?post=74636"},{"taxonomy":"post_tag","embeddable":true,"href":"https:\/\/losperiodistas.com.mx\/portal\/wp-json\/wp\/v2\/tags?post=74636"}],"curies":[{"name":"wp","href":"https:\/\/api.w.org\/{rel}","templated":true}]}}