{"id":74611,"date":"2024-05-19T15:16:21","date_gmt":"2024-05-19T20:16:21","guid":{"rendered":"https:\/\/losperiodistas.com.mx\/portal\/?p=74611"},"modified":"2024-05-19T15:16:23","modified_gmt":"2024-05-19T20:16:23","slug":"las-mayores-campanas-de-desinformacion-las-han-protagonizado-los-presidentes-el-confidencial","status":"publish","type":"post","link":"https:\/\/losperiodistas.com.mx\/portal\/las-mayores-campanas-de-desinformacion-las-han-protagonizado-los-presidentes-el-confidencial\/","title":{"rendered":"\u00abLas mayores campa\u00f1as de desinformaci\u00f3n las han protagonizado los presidentes\u00bb | El Confidencial"},"content":{"rendered":"\n<h2 class=\"has-light-green-cyan-background-color has-background has-medium-font-size wp-block-heading\">Organizaciones como el Instituto Reuters llevan tiempo advirtiendo sobre el retroceso que est\u00e1 sufriendo la libertad de prensa en el mundo, tambi\u00e9n en las democracias consolidadas<\/h2>\n\n\n\n<p><\/p>\n\n\n\n<figure class=\"wp-block-image size-large\"><img fetchpriority=\"high\" decoding=\"async\" width=\"1024\" height=\"768\" src=\"https:\/\/losperiodistas.com.mx\/portal\/wp-content\/uploads\/2024\/05\/f.elconfidencial.com_original_e93_b51_77f_e93b5177f9fde0cc10a9153f5d7e9957-1024x768.jpg\" alt=\"\" class=\"wp-image-74612\" srcset=\"https:\/\/losperiodistas.com.mx\/portal\/wp-content\/uploads\/2024\/05\/f.elconfidencial.com_original_e93_b51_77f_e93b5177f9fde0cc10a9153f5d7e9957-1024x768.jpg 1024w, https:\/\/losperiodistas.com.mx\/portal\/wp-content\/uploads\/2024\/05\/f.elconfidencial.com_original_e93_b51_77f_e93b5177f9fde0cc10a9153f5d7e9957-300x225.jpg 300w, https:\/\/losperiodistas.com.mx\/portal\/wp-content\/uploads\/2024\/05\/f.elconfidencial.com_original_e93_b51_77f_e93b5177f9fde0cc10a9153f5d7e9957-768x576.jpg 768w, https:\/\/losperiodistas.com.mx\/portal\/wp-content\/uploads\/2024\/05\/f.elconfidencial.com_original_e93_b51_77f_e93b5177f9fde0cc10a9153f5d7e9957.jpg 1200w\" sizes=\"(max-width: 1024px) 100vw, 1024px\" \/><figcaption>El director del Instituto Reuters para el Estudio del Periodismo de la Universidad de Oxford, Rasmus Kleis. (Cedida)<\/figcaption><\/figure>\n\n\n\n<p class=\"has-vivid-red-color has-text-color has-medium-font-size\"><strong>\u00c1ngel Villarino \/ El Confidencial<\/strong><\/p>\n\n\n\n<p><strong>Rasmus Kleis Nielsen<\/strong>&nbsp;es profesor de Comunicaci\u00f3n Pol\u00edtica y director del&nbsp;<a href=\"https:\/\/reutersinstitute.politics.ox.ac.uk\/\" target=\"_blank\" rel=\"noreferrer noopener\">Instituto Reuters para el Estudio del Periodismo<\/a>, un centro de investigaci\u00f3n abierto por la Universidad de Oxford en 2006 para analizar la situaci\u00f3n del periodismo en todo el mundo y los&nbsp;<strong>desaf\u00edos pol\u00edticos, tecnol\u00f3gicos y jur\u00eddicos<\/strong>&nbsp;a los que se enfrenta la libertad de informaci\u00f3n. Es una de las organizaciones con m\u00e1s recursos e independencia para comisionar informes de expertos y cogerle la temperatura a la profesi\u00f3n. Hablamos durante una hora por videoconferencia.<\/p>\n\n\n\n<p><strong>PREGUNTA. Las organizaciones que os dedic\u00e1is a esto llev\u00e1is al menos diez a\u00f1os alertando de las crecientes restricciones a la libertad de prensa en casi todo el mundo, incluidas muchas democracias establecidas. El diagn\u00f3stico sale parecido desde todos los \u00e1ngulos, desde&nbsp;<a href=\"https:\/\/www.elconfidencial.com\/espana\/2024-05-03\/reporteros-sin-fronteras-clima-politico-libertad-prensa-espana_3877057\/\">Reporteros Sin Fronteras (Francia)<\/a>,&nbsp;<a href=\"https:\/\/freedomhouse.org\/report\/freedom-and-media\/2019\/media-freedom-downward-spiral\" target=\"_blank\" rel=\"noreferrer noopener\">Freedom House (Estados Unidos)<\/a>, pasando por&nbsp;<a href=\"https:\/\/reutersinstitute.politics.ox.ac.uk\/news\/press-freedom-and-media-censorship-0\" target=\"_blank\" rel=\"noreferrer noopener\">vosotros (Reino Unido)<\/a>. \u00bfCu\u00e1les son los factores que contribuyen a este deterioro? \u00bfY en qu\u00e9 pa\u00edses o grupos de pa\u00edses las cosas est\u00e1n peor?<\/strong><\/p>\n\n\n\n<p>RESPUESTA. Creo que hay dos asuntos fundamentales. Por una parte, estamos viendo que algunos l\u00edderes que cuentan con un amplio apoyo popular llegan al poder y, una vez all\u00ed, comienzan a desmantelar sistem\u00e1ticamente los controles y equilibrios que salvaguardan la estabilidad institucional. Al principio no es tan evidente. Luego, con el tiempo, erosionan la capacidad de las personas para desafiar al gobierno a trav\u00e9s de elecciones libres y justas. Por ce\u00f1irnos a pa\u00edses democr\u00e1ticos, en Europa hemos visto problemas muy serios al respecto en&nbsp;<a href=\"https:\/\/www.elconfidencial.com\/mundo\/2024-02-07\/bruselas-abre-un-nuevo-frente-en-su-guerra-con-orban-por-una-polemica_3826123\/\">Hungr\u00eda<\/a>, en Polonia\u2026 En otras latitudes ha sido m\u00e1s r\u00e1pido, por ejemplo, en varios pa\u00edses de Am\u00e9rica Latina. Hay que permanecer vigilante porque el proceso no se lleva a cabo mediante un derrocamiento de la democracia. No estamos hablando de un golpe de Estado, ni de un golpe fuerte. No estamos hablando de que el ej\u00e9rcito entre y anuncie a la naci\u00f3n que han formado un gobierno militar. Es diferente a como suced\u00eda en el siglo XX. Se trata, a menudo, de personas que son elegidas democr\u00e1ticamente y que luego desmantelan progresivamente los sistemas que han usado para llegar al poder. Estos problemas, desafortunadamente, son muy pronunciados incluso dentro de la Uni\u00f3n Europea. Y una vez que un pa\u00eds consigue ser&nbsp;<a href=\"https:\/\/www.elconfidencial.com\/mundo\/2024-03-02\/el-dolor-de-la-expansion-esta-la-ue-preparada-para-aceptar-nuevos-miembros_3840198\/\">miembro de la Uni\u00f3n Europea<\/a>, las herramientas para detener a estos l\u00edderes ya son muy limitadas.<\/p>\n\n\n\n<p>TE PUEDE INTERESAR<a href=\"https:\/\/www.elconfidencial.com\/espana\/2024-05-03\/reporteros-sin-fronteras-clima-politico-libertad-prensa-espana_3877057\/\">Reporteros Sin Fronteras avisa: las presiones pol\u00edticas amenazan la libertad de prensa en Espa\u00f1a<\/a>Lino Vargas<\/p>\n\n\n\n<p><strong>P. Dec\u00edas que hay dos factores. \u00bfCu\u00e1l es el segundo?<\/strong><\/p>\n\n\n\n<p>R. Es lo que yo llamo&nbsp;<a href=\"https:\/\/www.elconfidencial.com\/espana\/madrid\/2024-01-18\/efecto-rebote-vox-censura-obra-teatral-sinonimo-exito_3813757\/\">censura de las masas<\/a>, donde grupos que no tienen por qu\u00e9 ser pol\u00edticos intentan sistem\u00e1ticamente acosar e intimidar a personas que no les gustan y con las que no est\u00e1n de acuerdo. Lanzan material desagradable, terrible y odioso, incluso amenazas de violencia. Esto es particularmente com\u00fan cuando se trata de mujeres, que a menudo son atacadas durante campa\u00f1as que pueden ser muy mis\u00f3ginas. En muchos pa\u00edses tambi\u00e9n hay un componente racial o religioso muy fuerte. Se somete a las v\u00edctimas a experiencias tan desagradables y aterradoras que acaban optando por no usar su derecho a expresarse.<\/p>\n\n\n\n<p><strong>P. Supongo que est\u00e1s al tanto de la situaci\u00f3n que hemos vivido en Espa\u00f1a recientemente. \u00bfCrees que la desinformaci\u00f3n puede convertirse en un arma, en una excusa para introducir leyes o medidas m\u00e1s estrictas, para poner en peligro la libertad de prensa?<\/strong><\/p>\n\n\n\n<p>R. Creo que este es un riesgo muy real. Y pienso que estamos en un momento muy preocupante, en un contexto de recesi\u00f3n democr\u00e1tica y de amenaza real a los derechos fundamentales. Esto est\u00e1 ocurriendo incluso en democracias liberales hist\u00f3ricamente estables. Hay gobiernos hablando de recurrir a prohibiciones y medidas restrictivas, a veces contra&nbsp;<a href=\"https:\/\/www.elconfidencial.com\/mundo\/2024-03-21\/rusia-desde-dentro-rusos-entender-putin-pausa_3851402\/\">medios de comunicaci\u00f3n extranjeros<\/a>, a veces para combatir protestas, a veces guerras lejanas, a veces asuntos dom\u00e9sticos. Y todo ello sin entrar en lo que est\u00e1 pasando en pa\u00edses m\u00e1s autoritarios. Necesitamos recordar que el derecho a la libre expresi\u00f3n es un derecho humano b\u00e1sico, que involucra tanto el derecho a expresarse como el derecho a informarse libremente. Nos respaldan d\u00e9cadas de jurisprudencia en Europa. Como ciudadanos, tenemos derecho a acceder a la informaci\u00f3n, incluso si es impactante, ofensiva, perturbadora o discutible. Por inc\u00f3moda que sea la informaci\u00f3n, cualquier restricci\u00f3n que se plantee tiene que estar muy justificada por la ley y claramente descrita. \u00bfCu\u00e1l es la base legal y el objetivo para restringir el acceso de los ciudadanos a la informaci\u00f3n? El criterio no puede ser que algo no le guste a alguien. Hay muchos expertos legales y organizaciones de derechos que muestran su preocupaci\u00f3n por esta especie de p\u00e1nico a la libertad de expresi\u00f3n que se est\u00e1 abriendo camino.<\/p>\n\n\n\n<p>Como ciudadanos, tenemos derecho a acceder a la informaci\u00f3n, incluso si es impactante, ofensiva, perturbadora o discutible<\/p>\n\n\n\n<p><strong>P. De hecho, ya existen muchas leyes en todos los pa\u00edses que limitan la libertad de expresi\u00f3n cuando, por ejemplo, entra en colisi\u00f3n con otros derechos, como el derecho al honor. Los tribunales atienden demandas al respecto todos los d\u00edas.<\/strong><\/p>\n\n\n\n<p>R. Es cierto. Existen restricciones legales amparadas bajo la Convenci\u00f3n Europea de Derechos Humanos. Es m\u00e1s, en varios pa\u00edses europeos todav\u00eda hay leyes vigentes lamentables, que limitan algunos aspectos de la libertad de expresi\u00f3n y que son anteriores a la Convenci\u00f3n Europea de Derechos Humanos. Por ejemplo, las leyes contra la blasfemia o leyes problem\u00e1ticas pensadas para no ofender a jefes de Estado. La mayor\u00eda no se aplican, pero ah\u00ed est\u00e1n en los textos y podr\u00edan ser usadas. Hemos visto intentos preocupantes de usar algunas de estas leyes para silenciar las voces cr\u00edticas. En cualquier caso, durante los \u00faltimos 50 a\u00f1os ha habido un esfuerzo concertado por actores pol\u00edticos, legales y organizaciones de derechos que han alzado la voz cuando los estados han decidido limitar los derechos fundamentales. Por eso la capacidad del estado ha estado limitada y sujeta a supervisi\u00f3n y escrutinio. Te pongo un ejemplo reciente: el gobierno franc\u00e9s intent\u00f3 prohibir las protestas contra la guerra israel\u00ed en Gaza despu\u00e9s del&nbsp;<a href=\"https:\/\/www.elconfidencial.com\/mundo\/2023-10-31\/trampa-israel-por-que-ataque-hamas-salvaje_3764573\/\">ataque terrorista del 7 de octubre<\/a>. Pero luego la decisi\u00f3n fue anulada por los tribunales franceses.<\/p>\n\n\n\n<p>TE PUEDE INTERESAR<a href=\"https:\/\/www.elconfidencial.com\/mundo\/2024-01-13\/juez-obliga-trump-pagar-the-new-york-times_3810552\/\">Trump, obligado a pagar casi 364.000 euros a The New York Times y tres periodistas<\/a>EFE<\/p>\n\n\n\n<p><strong>P. Adem\u00e1s de las limitaciones formales o legales, hay ataques directos, a veces&nbsp;<em>ad hominem<\/em>, que amenazan la capacidad de un periodista o un medio para seguir haciendo su trabajo.<\/strong><\/p>\n\n\n\n<p>R. Los gobiernos no pueden hacer lo que quieran. Hay l\u00edmites. Y creo que est\u00e1n traspasando algunos de esos l\u00edmites. A veces es solo&nbsp;<a href=\"https:\/\/blogs.elconfidencial.com\/espana\/apuntes-de-liderazgo\/2022-12-18\/retorica-seductores_3541179\">ret\u00f3rica<\/a>, pero si examinas m\u00e1s de cerca lo que est\u00e1n diciendo te das cuenta de que es bastante problem\u00e1tico. Muchos periodistas han estado a la vanguardia de la lucha por los derechos de los ciudadanos. Y estos derechos no son solo para los periodistas, sino tambi\u00e9n para el p\u00fablico. Cuando un pol\u00edtico sugiere nuevas restricciones, o utiliza la ret\u00f3rica para ejercer presi\u00f3n, siempre nos dicen que es por nuestro bien. As\u00ed es como funciona siempre, \u00bfverdad? Siempre es para proteger a los ni\u00f1os o para proteger a los adultos. Parece que los pol\u00edticos no creen que seamos capaces de protegernos a nosotros mismos.<\/p>\n\n\n\n<p><strong>P. Se produce una paradoja con la desinformaci\u00f3n que no es f\u00e1cil comprender si no te dedicas a esto. Y es que la desinformaci\u00f3n es un problema que los gobiernos no pueden atajar sin acabar provocando otro problema mayor.<\/strong><\/p>\n\n\n\n<p>R. Creo que tienes raz\u00f3n. Es importante reconocer que hay situaciones en las que, como ciudadanos, queremos que el gobierno act\u00fae, pero que no act\u00fae directamente. Yo fui parte del Grupo de Expertos de Alto Nivel de la Uni\u00f3n Europea sobre Desinformaci\u00f3n en Internet, y el informe que publicamos en 2018 fue muy claro al alertar de que hay muchas cosas que los gobiernos pueden hacer para ayudar a proteger a la sociedad contra la desinformaci\u00f3n. Por ejemplo, creando instituciones m\u00e1s robustas y resilientes que puedan ayudar a los ciudadanos a formarse su propia opini\u00f3n. Sin embargo, debido a que&nbsp;<a href=\"https:\/\/blogs.elconfidencial.com\/espana\/segundo-parrafo\/2024-05-04\/el-verdadero-peligro-de-la-desinformacion_3877715\/\">la desinformaci\u00f3n a menudo involucra a pol\u00edticos<\/a>, este intervencionismo puede ser utilizado como excusa para socavar las libertades civiles. Por eso la mejor manera de abordarlo es de forma indirecta.<\/p>\n\n\n\n<p><strong>P. \u00bfPero c\u00f3mo?<\/strong><\/p>\n\n\n\n<p>R. El gobierno puede apoyar a verificadores de hechos independientes, puede apoyar&nbsp;<a href=\"https:\/\/www.cnmc.es\/sites\/default\/files\/4476208.pdf\" target=\"_blank\" rel=\"noreferrer noopener\">iniciativas de alfabetizaci\u00f3n medi\u00e1tica<\/a>&nbsp;o investigaciones realmente independientes. Por poner un paralelismo, si los gobiernos quieren proteger el derecho fundamental a la libertad de religi\u00f3n, crear una iglesia estatal no es la mejor idea, \u00bfverdad? Pues igual. Yo creo que estos valores han sido compartidos durante mucho tiempo por el espectro pol\u00edtico, tanto conservador como progresista, en gran parte de Europa. De hecho, la gente est\u00e1 muy orgullosa de haber construido sociedades donde se limita el papel del estado para evitar experiencias pasadas como el fascismo o el comunismo sovi\u00e9tico. \u00c9ramos muy conscientes de que la mayor amenaza a la libertad a menudo es el propio estado.<\/p>\n\n\n\n<p>Parece que los pol\u00edticos no creen que seamos capaces de protegernos a nosotros mismos<\/p>\n\n\n\n<p><strong>P. Se produce otra circunstancia y es que muchas veces son los propios pol\u00edticos, o los aparatos de sus partidos, quienes introducen narrativas falsas, inciertas, descontextualizadas, con tonos propagand\u00edsticos muy virulentos. A menudo utilizan incluso campa\u00f1as de bots o estrategias agresivas en redes. Otras veces desinforman al negarse a responder preguntas b\u00e1sicas o limitar el acceso a fuentes.<\/strong><\/p>\n\n\n\n<p>R. Quiero dejar muy claro que estoy convencido de que las formas m\u00e1s transcendentales de desinformaci\u00f3n en nuestras sociedades provienen generalmente de la \u00e9lite dom\u00e9stica. Muy a menudo son actores pol\u00edticos, otras veces son l\u00edderes comunitarios o religiosos. Lo vimos muy claramente durante la pandemia. Las mayores campa\u00f1as de desinformaci\u00f3n las han protagonizado&nbsp;<a href=\"https:\/\/www.elconfidencial.com\/mundo\/2021-08-02\/vacuna-eeuu-partido-republicano-trump_3205252\/\">presidentes que negaban la gravedad de la pandemia<\/a>, que negaban la eficacia de las vacunas, o que promov\u00edan tratamientos falsos que no eran realmente tratamientos sino invenciones absurdas. Otras veces eran l\u00edderes religiosos o comunitarios que abrazaban reclamos igualmente falsos, enga\u00f1osos y da\u00f1inos. Al mismo tiempo, creo que es realmente importante reconocer que el hecho de que algunos miembros de la \u00e9lite mientan no significa que todos mientan todo el tiempo.<\/p>\n\n\n\n<p><strong>P. Claro, porque esa p\u00e9rdida de confianza es parte del problema tambi\u00e9n.<\/strong><\/p>\n\n\n\n<p>R. A eso me refiero. Es el reverso de la misma moneda, porque el riesgo es que acabemos sumergidos en tales profundidades de cinismo que ya no sepamos si podemos confiar en alguien. Esto es un gran desaf\u00edo para los ciudadanos, pero tambi\u00e9n para los periodistas y los investigadores. Es m\u00e1s f\u00e1cil decir algo que averiguar si eso que se ha dicho es realmente cierto. Las frases van m\u00e1s deprisa que la verificaci\u00f3n de su autenticidad. Y hay tal volumen de discursos pol\u00edticos, de contenidos, etc\u00e9tera, que los periodistas no tienen recursos para verificar cada cosa que pasa o que se dice. Muchos pol\u00edticos astutos han aprendido a&nbsp;<a href=\"https:\/\/blogs.elconfidencial.com\/espana\/notebook\/2024-04-30\/sanchez-autocrata-mentiras_3875774\/\">mentir sin enga\u00f1ar<\/a>&nbsp;de manera demostrable. Por ejemplo, mediante la omisi\u00f3n. Por ejemplo, mediante la generalidad. Por ejemplo, mediante la insinuaci\u00f3n.<\/p>\n\n\n\n<p><strong>P. Percibimos la desinformaci\u00f3n como un problema contempor\u00e1neo, pero tendemos a olvidar la cantidad de veces que se ha usado a lo largo de la historia para justificar guerras, para eliminar rivales, para arruinar reputaciones, etc\u00e9tera.<\/strong><\/p>\n\n\n\n<p>R. Hay tres razones principales para que esto ocurra. Primero, ahora tenemos mucha m\u00e1s informaci\u00f3n de todo tipo, tanto \u00fatil como in\u00fatil, tanto factual como falsa. Hay mucho m\u00e1s contenido y el problema es m\u00e1s visible. Segundo, han aparecido grandes empresas que juegan un papel clave en la distribuci\u00f3n de esta incre\u00edble abundancia de contenido. Me refiero a motores de b\u00fasqueda, redes sociales, plataformas de video, etc\u00e9tera, que dependen de algoritmos para decidir qu\u00e9 mostrar y cu\u00e1ndo mostrarlo. Estos&nbsp;<a href=\"https:\/\/www.elconfidencial.com\/tecnologia\/2024-04-24\/riscanvi-algoritmo-cataluna-prisiones-presos-inteligencia-artificial_3871170\/\">algoritmos&nbsp;<\/a>promueven opiniones fuertes, partidistas, algunas muy creativas hasta el punto de ser extravagantes. Y tambi\u00e9n promueven mucha desinformaci\u00f3n. Vale la pena recordar que la mayor\u00eda son empresas extranjeras, generalmente estadounidenses. Esto tiene muchos efectos positivos, pero tambi\u00e9n han permitido que se propague con m\u00e1s rapidez la desinformaci\u00f3n.<\/p>\n\n\n\n<p>TE PUEDE INTERESAR<a href=\"https:\/\/www.elconfidencial.com\/espana\/2023-09-14\/fiscalia-rechaza-revisar-entrevista-ternera-amparada-libertad-prensa_3735060\/\">La Fiscal\u00eda rechaza revisar la entrevista a Ternera, amparada por la libertad de prensa<\/a>EFE<\/p>\n\n\n\n<p><strong>P. \u00bfY la tercera raz\u00f3n?<\/strong><\/p>\n\n\n\n<p>R. Los pol\u00edticos centristas que pensaban que el fin de la&nbsp;<a href=\"https:\/\/blogs.elconfidencial.com\/espana\/mientras-tanto\/2024-04-14\/iran-israel-tension-eeuu-rusia-misiles_3865979\/pass_6c37816cbc3e8f8b49d9c1a1550294a6\/?_overwrite=true&amp;random_ec=1713022490526\">Guerra Fr\u00eda<\/a>&nbsp;era el fin de la historia y que vivir\u00edamos para siempre en un mundo de desacuerdos moderados y gentiles entre centro-izquierda y centro-derecha, se han encontrado en un mundo donde muchas personas est\u00e1n votando a partidos heterodoxos, partidos que ellos consideran completamente desconcertantes y ofensivos. Y adem\u00e1s no les gusta perder frente a ellos. Esto crea un ambiente propicio para que algunos populistas utilicen la idea de la desinformaci\u00f3n y traten de conseguir el efecto contrario, desacreditando a figuras o instituciones que forman parte del&nbsp;<em>establishment<\/em>. En ese sentido, atacar a los periodistas y sus medios es una t\u00e9cnica muy repetida. Estos l\u00edderes te dicen que conf\u00edes en ellos y no en medios que est\u00e1n en connivencia con pol\u00edticos del sistema, con bancos del sistema, etc\u00e9tera.<\/p>\n\n\n\n<p><strong>P. Es un arma que acaban utilizando todos.<\/strong><\/p>\n\n\n\n<p>R. Claro, porque a su vez tenemos figuras del&nbsp;<em>establishment&nbsp;<\/em>centrista que buscan nuevas razones para justificar sus&nbsp;<a href=\"https:\/\/www.elconfidencial.com\/espana\/cataluna\/2024-05-13\/aragones-dimite-tras-desastre-electoral_3882606\/\">fracasos electorales<\/a>. Y muchos se sienten atra\u00eddos por la idea de que sus problemas se deben a la desinformaci\u00f3n en lugar de pensar que quiz\u00e1 no han hecho bien su trabajo y que la gente est\u00e1 buscando un cambio.<\/p>\n\n\n\n<p><strong>P. \u00bfPero es m\u00e1s f\u00e1cil enga\u00f1ar a una naci\u00f3n ahora que hace un siglo?<\/strong><\/p>\n\n\n\n<p>R. En una sociedad libre, creo que es casi imposible enga\u00f1ar a toda una naci\u00f3n. Es imposible hoy en d\u00eda, y posiblemente tambi\u00e9n lo era hace 100 a\u00f1os. Pero no creo que esa sea necesariamente la forma de plantear el problema. Necesitamos mantener dos pensamientos en nuestra cabeza al mismo tiempo. El ecosistema actual nos pone en una situaci\u00f3n en la que experimentamos&nbsp;<a href=\"https:\/\/www.elconfidencial.com\/mundo\/2023-02-02\/te-recomiendo-tener-miedo-de-la-opinion-de-las-inteligencias-artificiales-en-politica_3561438\/\">cambios muy repentinos en la opini\u00f3n p\u00fablica<\/a>&nbsp;que a menudo duran poco, pero que pueden ser importantes si coinciden con procesos electorales. Somos m\u00e1s vulnerables simplemente por la velocidad a la que ocurren las cosas.<\/p>\n\n\n\n<p>TE PUEDE INTERESAR<a href=\"https:\/\/www.elconfidencial.com\/mundo\/2024-05-04\/sanchez-jura-plantar-cara-a-la-desinformacion-pero-en-europa-esta-casi-todo-inventado_3877583\/\">\u00bfCombatir la desinformaci\u00f3n? A nivel europeo, el Gobierno de Espa\u00f1a&nbsp;llega&nbsp;tarde<\/a>Luis Bouza Garc\u00eda*<\/p>\n\n\n\n<p><strong>P. Dec\u00edas que tenemos que mantener dos ideas en la cabeza. \u00bfCu\u00e1l es la segunda?<\/strong><\/p>\n\n\n\n<p>R. Incluso en los pa\u00edses que han sido democracias liberales durante los \u00faltimos 100 a\u00f1os ha habido siempre muchas personas muy mal informadas. Era una creencia generalizada, por ejemplo,&nbsp;<a href=\"https:\/\/www.elconfidencial.com\/cultura\/2024-05-18\/libro-jesus-odia-mariquitas-don-julio-polemica_3885178\/\">que la homosexualidad era una patolog\u00eda<\/a>, o que los hombres eran intr\u00ednsecamente superiores a las mujeres, o que las personas blancas eran intr\u00ednsecamente superiores a las personas de otros colores de piel. Hemos tenido varios ejemplos de narrativas enga\u00f1osas utilizadas para justificar guerras, como pas\u00f3 en Vietnam. Por ello es importante recordar que, en muchos sentidos, el entorno informativo del pasado hac\u00eda que muchas personas estuviesen mal informadas.<\/p>\n\n\n\n<p><strong>P. Una parte relevante de la informaci\u00f3n falsa que circula en redes tiene m\u00e1s que ver con la oportunidad de viralizarse y ganar notoriedad o dinero que con grandes conspiraciones. No s\u00e9 si recuerdas el caso extremo de aquellos chavales de Macedonia que viralizaron miles de noticias falsas favorables a Donald Trump, simplemente porque se dieron cuenta de que era rentable. Por aquella \u00e9poca se empez\u00f3 a hablar de pseudo medios para referirse a este tipo de p\u00e1ginas.<\/strong><\/p>\n\n\n\n<p>R. Creo que este problema persiste en los rincones de Internet. La publicidad program\u00e1tica permite a cualquier p\u00e1gina web&nbsp;<a href=\"https:\/\/www.elconfidencial.com\/empresas\/2024-04-30\/laliga-ecosistema-digital-youtube-redes-bra_3872549\/\">monetizar su audiencia<\/a>. Esto, combinado con la distribuci\u00f3n en redes sociales, donde puedes encontrar comunidades dispuestas a interactuar, significa que todav\u00eda hay personas que ganan un poco de dinero de esta manera. Si vives en un pa\u00eds pobre, sin otras oportunidades, ganar dinero confundiendo a los estadounidenses puede parecer una alternativa perfectamente atractiva al desempleo. Esto todav\u00eda existe en los m\u00e1rgenes de internet.<\/p>\n\n\n\n<p><strong>P. Pero ese no es el mayor problema de la desinformaci\u00f3n, \u00bfno?<\/strong><\/p>\n\n\n\n<p>R. No. El problema grave est\u00e1 en los incentivos comerciales de organizaciones mucho m\u00e1s grandes. El contenido que generan los grandes grupos medios de comunicaci\u00f3n establecidos, en volumen, supera a la informaci\u00f3n falsa o enga\u00f1osa por un factor de entre diez y cien. El p\u00fablico tiene mucho m\u00e1s compromiso con los medios de comunicaci\u00f3n que con los proveedores de noticias falsas. Ahora bien, lo que hacemos con ese compromiso es m\u00e1s complicado. Coge el ejemplo de&nbsp;<em><a href=\"https:\/\/www.elconfidencial.com\/mundo\/2023-11-10\/murdoch-trump-fox-news-eeuu_3770317\/\">Fox News<\/a><\/em>, en Estados Unidos. Emplea a cientos de periodistas. Tiene programas de noticias, publica historias que provienen de agencias importantes, incluidas&nbsp;<em>Reuters, Associated Press<\/em>&nbsp;y otras fuentes. Sin duda es una organizaci\u00f3n asentada con periodistas que ofrecen noticias. Tambi\u00e9n tienen mucho contenido de opini\u00f3n y muchos programas de debate y discusi\u00f3n de actualidad. Y es en estos otros formatos donde se tiende a dar espacio a personas que a veces hacen afirmaciones muy extravagantes o incluso demostrablemente falsas. As\u00ed que hay, ya sabes, algunas voces en la sociedad civil y la comunidad investigadora que esencialmente dir\u00edan que<em>&nbsp;Fox News&nbsp;<\/em>es un canal noticias falsas. Que&nbsp;<em>Fox News&nbsp;<\/em>es desinformaci\u00f3n.<\/p>\n\n\n\n<p>TE PUEDE INTERESAR<a href=\"https:\/\/www.elconfidencial.com\/mundo\/2023-11-10\/murdoch-trump-fox-news-eeuu_3770317\/\">\u00abEsta tele est\u00e1 repleta de dementes\u00bb: cuando hasta el becario asedia al CEO de 92 a\u00f1os<\/a>Carlos Prieto<\/p>\n\n\n\n<p><strong>P. \u00bfT\u00fa tambi\u00e9n lo crees?<\/strong><\/p>\n\n\n\n<p>R. No estoy diciendo que est\u00e9 de acuerdo con esta opini\u00f3n, pero creo que nos lleva al n\u00facleo del problema de la desinformaci\u00f3n: \u00bfc\u00f3mo pensamos sobre ella cuando tenemos una situaci\u00f3n en la que organizaciones muy, muy grandes y asentadas tienen una relaci\u00f3n org\u00e1nica con figuras pol\u00edticas que tambi\u00e9n forman parte del&nbsp;<em>establishment&nbsp;<\/em>pol\u00edtico?&nbsp;<a href=\"https:\/\/www.elconfidencial.com\/mundo\/2024-04-19\/puede-trump-gobernar-estados-unidos-desde-una-celda_3869275\/\">Donald Trump<\/a>&nbsp;se hace pasar por un perseguido, por un marginado, pero eso es rid\u00edculo. Es un millonario de Nueva York y fue presidente. Segu\u00eda jugando ese papel desde la mism\u00edsima Casa Blanca. \u00bfQu\u00e9 puede ser m\u00e1s&nbsp;<em>establishment&nbsp;<\/em>que un presidente? Desde esa atalaya ha contribuido a propagar todo tipo de noticias falsas. \u00bfC\u00f3mo nos enfrentamos a eso? Creo que esa pregunta es el coraz\u00f3n de nuestros problemas hoy en d\u00eda. El dilema, como sabes, se desborda hacia las plataformas, como hemos visto en el caso del Sr. Trump. La decisi\u00f3n de Facebook, YouTube y Twitter de hacer cumplir sus normas comunitarias y restringir la capacidad del Sr. Trump para incitar a la violencia en los \u00faltimos d\u00edas de su presidencia tiene que ver con eso.<\/p>\n\n\n\n<p><strong>P. \u00bfCrees que el p\u00fablico general tiene herramientas para entender el contexto que rodea su dieta informativa? \u00bfDe saber d\u00f3nde levantar la ceja?<\/strong><\/p>\n\n\n\n<p>R. Quiz\u00e1 vale la pena decirlo en voz alta. \u00a1Es muy dif\u00edcil distinguir! Creo que deber\u00edamos dar cr\u00e9dito a los periodistas por la dificultad del trabajo que hacen, y tambi\u00e9n entender que no todos los errores o deficiencias se deben a conspiraciones nefastas. A veces es simplemente porque resulta muy dif\u00edcil averiguar qu\u00e9 sucedi\u00f3. En nuestros estudios de grupo hemos visto que, cuando se les da tiempo para reflexionar sobre ello, gran parte del p\u00fablico es comprensiva con los desaf\u00edos de los periodistas. Pero despu\u00e9s de muchos a\u00f1os investigando he llegado a la convicci\u00f3n de que las personas no son idiotas. La mayor\u00eda es capaz de navegar en situaciones muy complicadas y dif\u00edciles. Sobre todo cuando entienden que la situaci\u00f3n es importante. Muchos se muestran superficiales o apresurados cuando navegan por el entorno informativo porque la mayor\u00eda de las cosas que se les cuentan no son relevantes para ellos. No es una cuesti\u00f3n de vida o muerte si una organizaci\u00f3n de noticias es fiable o no. En el fondo, a la mayor\u00eda le va a dar igual si el ministro uso una cifra incorrecta en su discurso, o cu\u00e1l es la cantidad exacta de\u00a0<a href=\"https:\/\/www.elconfidencial.com\/espana\/2024-04-26\/espana-enviara-ucrania-misiles-patriot-proximos-dias_3874302\/\">misiles enviados a Ucrania<\/a>. Son asuntos quiz\u00e1 interesantes, pero en \u00faltima instancia no son tan importantes para la vida de la mayor\u00eda de las personas. Ahora, cuando las cosas son relevantes, cuando llega una pandemia, por ejemplo, las personas son muy capaces. En momentos de verdadera crisis e importancia, la mayor parte del p\u00fablico es perfectamente capaz de navegar en la informaci\u00f3n. Claro que hay problemas, pero no deber\u00edamos sucumbir a la condescendencia y pensar que las personas son idiotas. No lo son. Si creemos en la democracia es porque asumimos que los que nos rodean no son mayoritariamente idiotas.<\/p>\n\n\n\n<p>Fuente: <a href=\"https:\/\/www.elconfidencial.com\/espana\/2024-05-19\/entrevista-rasmus-kleis-libertad-de-prensa-bulos-fake-news_3885844\/\">https:\/\/www.elconfidencial.com\/espana\/2024-05-19\/entrevista-rasmus-kleis-libertad-de-prensa-bulos-fake-news_3885844\/<\/a><\/p>\n","protected":false},"excerpt":{"rendered":"<p>Organizaciones como el Instituto Reuters llevan tiempo advirtiendo sobre el retroceso que est\u00e1 sufriendo la libertad de prensa en el [&hellip;]<\/p>\n","protected":false},"author":1,"featured_media":74612,"comment_status":"open","ping_status":"open","sticky":false,"template":"","format":"standard","meta":{"site-sidebar-layout":"default","site-content-layout":"","ast-site-content-layout":"default","site-content-style":"default","site-sidebar-style":"default","ast-global-header-display":"","ast-banner-title-visibility":"","ast-main-header-display":"","ast-hfb-above-header-display":"","ast-hfb-below-header-display":"","ast-hfb-mobile-header-display":"","site-post-title":"","ast-breadcrumbs-content":"","ast-featured-img":"","footer-sml-layout":"","theme-transparent-header-meta":"","adv-header-id-meta":"","stick-header-meta":"","header-above-stick-meta":"","header-main-stick-meta":"","header-below-stick-meta":"","astra-migrate-meta-layouts":"default","ast-page-background-enabled":"default","ast-page-background-meta":{"desktop":{"background-color":"var(--ast-global-color-4)","background-image":"","background-repeat":"repeat","background-position":"center center","background-size":"auto","background-attachment":"scroll","background-type":"","background-media":"","overlay-type":"","overlay-color":"","overlay-opacity":"","overlay-gradient":""},"tablet":{"background-color":"","background-image":"","background-repeat":"repeat","background-position":"center center","background-size":"auto","background-attachment":"scroll","background-type":"","background-media":"","overlay-type":"","overlay-color":"","overlay-opacity":"","overlay-gradient":""},"mobile":{"background-color":"","background-image":"","background-repeat":"repeat","background-position":"center center","background-size":"auto","background-attachment":"scroll","background-type":"","background-media":"","overlay-type":"","overlay-color":"","overlay-opacity":"","overlay-gradient":""}},"ast-content-background-meta":{"desktop":{"background-color":"var(--ast-global-color-5)","background-image":"","background-repeat":"repeat","background-position":"center center","background-size":"auto","background-attachment":"scroll","background-type":"","background-media":"","overlay-type":"","overlay-color":"","overlay-opacity":"","overlay-gradient":""},"tablet":{"background-color":"var(--ast-global-color-5)","background-image":"","background-repeat":"repeat","background-position":"center center","background-size":"auto","background-attachment":"scroll","background-type":"","background-media":"","overlay-type":"","overlay-color":"","overlay-opacity":"","overlay-gradient":""},"mobile":{"background-color":"var(--ast-global-color-5)","background-image":"","background-repeat":"repeat","background-position":"center center","background-size":"auto","background-attachment":"scroll","background-type":"","background-media":"","overlay-type":"","overlay-color":"","overlay-opacity":"","overlay-gradient":""}},"footnotes":""},"categories":[8],"tags":[25168,17134,9878],"class_list":["post-74611","post","type-post","status-publish","format-standard","has-post-thumbnail","hentry","category-noticias","tag-campanas-de-desinformacion","tag-instituto-reuters","tag-libertad-de-prensa"],"_links":{"self":[{"href":"https:\/\/losperiodistas.com.mx\/portal\/wp-json\/wp\/v2\/posts\/74611","targetHints":{"allow":["GET"]}}],"collection":[{"href":"https:\/\/losperiodistas.com.mx\/portal\/wp-json\/wp\/v2\/posts"}],"about":[{"href":"https:\/\/losperiodistas.com.mx\/portal\/wp-json\/wp\/v2\/types\/post"}],"author":[{"embeddable":true,"href":"https:\/\/losperiodistas.com.mx\/portal\/wp-json\/wp\/v2\/users\/1"}],"replies":[{"embeddable":true,"href":"https:\/\/losperiodistas.com.mx\/portal\/wp-json\/wp\/v2\/comments?post=74611"}],"version-history":[{"count":1,"href":"https:\/\/losperiodistas.com.mx\/portal\/wp-json\/wp\/v2\/posts\/74611\/revisions"}],"predecessor-version":[{"id":74613,"href":"https:\/\/losperiodistas.com.mx\/portal\/wp-json\/wp\/v2\/posts\/74611\/revisions\/74613"}],"wp:featuredmedia":[{"embeddable":true,"href":"https:\/\/losperiodistas.com.mx\/portal\/wp-json\/wp\/v2\/media\/74612"}],"wp:attachment":[{"href":"https:\/\/losperiodistas.com.mx\/portal\/wp-json\/wp\/v2\/media?parent=74611"}],"wp:term":[{"taxonomy":"category","embeddable":true,"href":"https:\/\/losperiodistas.com.mx\/portal\/wp-json\/wp\/v2\/categories?post=74611"},{"taxonomy":"post_tag","embeddable":true,"href":"https:\/\/losperiodistas.com.mx\/portal\/wp-json\/wp\/v2\/tags?post=74611"}],"curies":[{"name":"wp","href":"https:\/\/api.w.org\/{rel}","templated":true}]}}