{"id":74602,"date":"2024-05-19T14:43:37","date_gmt":"2024-05-19T19:43:37","guid":{"rendered":"https:\/\/losperiodistas.com.mx\/portal\/?p=74602"},"modified":"2024-05-19T14:43:39","modified_gmt":"2024-05-19T19:43:39","slug":"ai-weiwei-mi-arte-no-sirve-para-nada-pero-es-una-buena-idea-infobae","status":"publish","type":"post","link":"https:\/\/losperiodistas.com.mx\/portal\/ai-weiwei-mi-arte-no-sirve-para-nada-pero-es-una-buena-idea-infobae\/","title":{"rendered":"Ai Weiwei: \u201cMi arte no sirve para nada, pero es una buena idea\u201d | Infobae"},"content":{"rendered":"\n<h2 class=\"has-pale-cyan-blue-background-color has-background has-medium-font-size wp-block-heading\">Exiliado en Portugal, el artista chino habla de hipocres\u00eda de Occidente, donde tambi\u00e9n ve censura. \u201cMientras no liberen a Julian Assange, hablar de libertad de expresi\u00f3n es un chiste\u201d, afirma<\/h2>\n\n\n\n<p><\/p>\n\n\n\n<figure class=\"wp-block-image size-large\"><img fetchpriority=\"high\" decoding=\"async\" width=\"1024\" height=\"574\" src=\"https:\/\/losperiodistas.com.mx\/portal\/wp-content\/uploads\/2024\/05\/Captura-de-Pantalla-2024-05-19-a-las-13.35.08-1024x574.jpg\" alt=\"\" class=\"wp-image-74603\" srcset=\"https:\/\/losperiodistas.com.mx\/portal\/wp-content\/uploads\/2024\/05\/Captura-de-Pantalla-2024-05-19-a-las-13.35.08-1024x574.jpg 1024w, https:\/\/losperiodistas.com.mx\/portal\/wp-content\/uploads\/2024\/05\/Captura-de-Pantalla-2024-05-19-a-las-13.35.08-300x168.jpg 300w, https:\/\/losperiodistas.com.mx\/portal\/wp-content\/uploads\/2024\/05\/Captura-de-Pantalla-2024-05-19-a-las-13.35.08-768x430.jpg 768w, https:\/\/losperiodistas.com.mx\/portal\/wp-content\/uploads\/2024\/05\/Captura-de-Pantalla-2024-05-19-a-las-13.35.08-1536x860.jpg 1536w, https:\/\/losperiodistas.com.mx\/portal\/wp-content\/uploads\/2024\/05\/Captura-de-Pantalla-2024-05-19-a-las-13.35.08.jpg 1714w\" sizes=\"(max-width: 1024px) 100vw, 1024px\" \/><figcaption>Ai Wei Wei st\u00e1 terminando de construir su nuevo taller en su hogar de Portugal.<\/figcaption><\/figure>\n\n\n\n<p class=\"has-vivid-red-color has-text-color has-medium-font-size\"><strong>Paula Fern\u00e1ndez \/ Infobae<\/strong><\/p>\n\n\n\n<p>Un artista que no es un activista es un artista muerto, afirm\u00f3\u00a0<a href=\"https:\/\/www.infobae.com\/cultura\/2024\/02\/06\/ai-weiwei-la-censura-en-occidente-es-exactamente-igual-que-en-la-china-de-mao\/\" target=\"_blank\" rel=\"noreferrer noopener\"><strong>Ai Weiwei<\/strong><\/a>, que, aunque ha encontrado un lugar apacible donde vivir en Portugal, asegur\u00f3 que es imposible que un creador se sienta \u201ctotalmente libre\u201d en ning\u00fan sitio.<\/p>\n\n\n\n<p><a href=\"https:\/\/www.infobae.com\/cultura\/2024\/05\/18\/arco-lisboa-2024-expresa-una-vocacion-atlantica-y-panafricanista\/\" target=\"_blank\" rel=\"noreferrer noopener\">Te puede interesar:<strong>ARCO Lisboa 2024 expresa una vocaci\u00f3n atl\u00e1ntica y panafricanista<\/strong><\/a><\/p>\n\n\n\n<p>Ai (Pek\u00edn, 1957) es conocido por su arte contempor\u00e1neo altamente cr\u00edtico con el r\u00e9gimen chino, dos facetas que para \u00e9l son inseparables: \u201cSon lo mismo. Artista y activista deber\u00edan ser lo mismo\u201d, razon\u00f3.<\/p>\n\n\n\n<p>Exiliado en 2015, pas\u00f3 por varios pa\u00edses europeos hasta que hace cuatro a\u00f1os compr\u00f3 una casa en el campo en Montemor-o-Novo, en el Alentejo portugu\u00e9s, atra\u00eddo por la poblaci\u00f3n local y por el clima, parecido al de la regi\u00f3n de China donde creci\u00f3. Entre olivos y en compa\u00f1\u00eda de varios rafeiros alentejanos, una raza de perro t\u00edpica de la regi\u00f3n, est\u00e1 terminando de construir un nuevo taller, un enorme edificio de madera y ladrillo con el que no tiene pensado hacer nada. \u201cEl edificio que he construido en Montemor va a ser un edificio vac\u00edo, porque el vac\u00edo tambi\u00e9n es el significado. Y yo soy un hombre muy vac\u00edo, as\u00ed que es un edificio perfecto para m\u00ed\u201d, explic\u00f3.<\/p>\n\n\n\n<p><a href=\"https:\/\/www.infobae.com\/cultura\/2024\/05\/19\/pequeno-y-selectivo-la-nueva-realidad-del-mercado-del-arte\/\" target=\"_blank\" rel=\"noreferrer noopener\">Te puede interesar:<strong>Peque\u00f1o y selectivo: la nueva realidad del mercado del arte<\/strong><\/a><\/p>\n\n\n\n<p>\u00a0<a href=\"https:\/\/imasdk.googleapis.com\/js\/core\/bridge3.641.0_es.html#goog_11788937020\">Entrevista al artista chino Ai Wei Wei<\/a><\/p>\n\n\n\n<p>Vac\u00edas est\u00e1n tambi\u00e9n algunas paredes de su casa en el Alentejo, donde no ha colocado ninguna de sus obras; en su habitaci\u00f3n cuelgan todav\u00eda los cuadros que puso el anterior due\u00f1o, uno de ellos incluso tiene una imagen de Buda.<\/p>\n\n\n\n<p>\u00bfQu\u00e9 quiere hacer con su arte? \u201cMi arte no sirve para nada, de hecho. No tiene realmente un objetivo claro. Pero es una buena idea\u201d, reconoci\u00f3 el artista, que pas\u00f3 81 d\u00edas en prisi\u00f3n en China hace m\u00e1s de una d\u00e9cada y, cuando pudo recuperar su pasaporte, se mud\u00f3 a Europa.<\/p>\n\n\n\n<p><a href=\"https:\/\/www.infobae.com\/cultura\/2024\/05\/18\/warhol-y-van-gogh-las-grandes-estrellas-de-la-subasta-de-christies-en-nueva-york\/\" target=\"_blank\" rel=\"noreferrer noopener\">Te puede interesar:<strong>Warhol y van Gogh, las grandes estrellas de la subasta de Christie\u2019s en Nueva York<\/strong><\/a><\/p>\n\n\n\n<p>Pero en Occidente, defendi\u00f3, tambi\u00e9n existe una \u201cfuerte censura\u201d. El propio Ai Weiwei&nbsp;<a rel=\"noreferrer noopener\" href=\"https:\/\/www.infobae.com\/america\/agencias\/2024\/01\/24\/ai-weiwi-denuncia-que-fue-censurado-en-cuatro-galerias-por-criticar-la-alianza-eeuu-israel\/\" target=\"_blank\">denunci\u00f3 hace meses que fue censurado en al menos cuatro galer\u00edas en Par\u00eds y Londres<\/a>&nbsp;tras una publicaci\u00f3n en la red social X en la que criticaba la alianza entre Estados Unidos e Israel.<\/p>\n\n\n\n<p>Para \u00e9l, el ejemplo m\u00e1s claro de esa \u201ccensura\u201d es el del fundador de Wikileaks,&nbsp;<a rel=\"noreferrer noopener\" href=\"https:\/\/www.infobae.com\/tag\/julian-assange\/\" target=\"_blank\"><strong>Julian Assange<\/strong><\/a>, que se encuentra en prisi\u00f3n en Londres desde 2019 y podr\u00eda enfrentar una pena de 175 a\u00f1os de c\u00e1rcel en Estados Unidos.<img decoding=\"async\" alt=\"\u201cEl edificio que he construido en Montemor va a ser un edificio vac\u00edo, porque el vac\u00edo tambi\u00e9n es el significado. Y yo soy un hombre muy vac\u00edo, as\u00ed que es un edificio perfecto para m\u00ed\u201d, dice Ai\" height=\"1080\" width=\"1920\" class=\"\" src=\"https:\/\/www.infobae.com\/new-resizer\/DoAhyi7sVHWwDPnu3Elc5NjlJn0=\/420x236\/filters:format(webp):quality(85)\/cloudfront-us-east-1.images.arcpublishing.com\/infobae\/ZO6A32VPEREP3IIRZKGBRRWAKY.jpg%20420w\" srcset=\"https:\/\/www.infobae.com\/new-resizer\/DoAhyi7sVHWwDPnu3Elc5NjlJn0=\/420x236\/filters:format(webp):quality(85)\/cloudfront-us-east-1.images.arcpublishing.com\/infobae\/ZO6A32VPEREP3IIRZKGBRRWAKY.jpg 420w,https:\/\/www.infobae.com\/new-resizer\/qgGd0fEQWSEgPx4l3TeYQ4JJ6dY=\/768x432\/filters:format(webp):quality(85)\/cloudfront-us-east-1.images.arcpublishing.com\/infobae\/ZO6A32VPEREP3IIRZKGBRRWAKY.jpg 768w,https:\/\/www.infobae.com\/new-resizer\/aDEmEq84AtkuwdXmPrOyykxq1Qc=\/992x558\/filters:format(webp):quality(85)\/cloudfront-us-east-1.images.arcpublishing.com\/infobae\/ZO6A32VPEREP3IIRZKGBRRWAKY.jpg 992w,https:\/\/www.infobae.com\/new-resizer\/kDkahpNf2g29DrNRfSBQszx2BWs=\/1200x675\/filters:format(webp):quality(85)\/cloudfront-us-east-1.images.arcpublishing.com\/infobae\/ZO6A32VPEREP3IIRZKGBRRWAKY.jpg 1200w,https:\/\/www.infobae.com\/new-resizer\/4ENwynDXma7i3A8md3beDhLA-Qk=\/1440x810\/filters:format(webp):quality(85)\/cloudfront-us-east-1.images.arcpublishing.com\/infobae\/ZO6A32VPEREP3IIRZKGBRRWAKY.jpg 1440w\">\u201cEl edificio que he construido en Montemor va a ser un edificio vac\u00edo, porque el vac\u00edo tambi\u00e9n es el significado. Y yo soy un hombre muy vac\u00edo, as\u00ed que es un edificio perfecto para m\u00ed\u201d, dice Ai<\/p>\n\n\n\n<p>\u201c\u00bfQu\u00e9 pasa con la libertad de expresi\u00f3n? \u00bfQu\u00e9 pasa con la libertad de prensa? Creo que esto es un caso muy claro.&nbsp;<strong>Mientras no se libere a Julian Assange, hablar sobre libertad de expresi\u00f3n es un chiste<\/strong>\u201d, denunci\u00f3. Y a\u00f1adi\u00f3 que en Europa, aunque se vive en condiciones \u201cmucho mejores\u201d, tambi\u00e9n hay \u201chipocres\u00eda\u201d.<\/p>\n\n\n\n<p>\u201cTodav\u00eda se rechaza a los refugiados y a la gente que intenta llegar a Europa. Y todav\u00eda son abandonados. Siempre tenemos esta doble vara de medir, y eso normalmente se llama hipocres\u00eda\u201d, asever\u00f3.<\/p>\n\n\n\n<p>Ai Weiwei nunca ha estado en un sitio que pueda llamar hogar, \u201cni siquiera China\u201d, pero en Portugal ha encontrado un sitio donde vivir, al menos de momento. Cuestionado sobre si en tierras lusas se siente \u201ctotalmente libre\u201d para hacer su arte, su respuesta fue tajante: \u201cNadie puede ser totalmente libre para hacer arte en ning\u00fan sitio. Eso no existe\u201d.<\/p>\n\n\n\n<p>\u201cEl arte tiene que encontrar sus propios obst\u00e1culos, y siempre que est\u00e9s intentando descubrir algo nuevo, algo imposible, no puedes ser totalmente libre. En ning\u00fan sitio del mundo\u201d, dijo.<img decoding=\"async\" alt=\"&quot;Mientras no se libere a Julian Assange, hablar sobre libertad de expresi\u00f3n es un chiste\u201d, asevera el artista\" height=\"1080\" width=\"1920\" class=\"\" src=\"https:\/\/www.infobae.com\/new-resizer\/JqbuuhBhvZgW1oxlP_pkkPLsybc=\/420x236\/filters:format(webp):quality(85)\/cloudfront-us-east-1.images.arcpublishing.com\/infobae\/CUA7VM5YRJHPTDBRFU7THPRMQ4.jpg%20420w\" srcset=\"https:\/\/www.infobae.com\/new-resizer\/JqbuuhBhvZgW1oxlP_pkkPLsybc=\/420x236\/filters:format(webp):quality(85)\/cloudfront-us-east-1.images.arcpublishing.com\/infobae\/CUA7VM5YRJHPTDBRFU7THPRMQ4.jpg 420w,https:\/\/www.infobae.com\/new-resizer\/-m-VS_s_YN2y_zItoITHAv_a3Wg=\/768x432\/filters:format(webp):quality(85)\/cloudfront-us-east-1.images.arcpublishing.com\/infobae\/CUA7VM5YRJHPTDBRFU7THPRMQ4.jpg 768w,https:\/\/www.infobae.com\/new-resizer\/25qRPLZ8C3_7Gve_F1qGuFZMPY8=\/992x558\/filters:format(webp):quality(85)\/cloudfront-us-east-1.images.arcpublishing.com\/infobae\/CUA7VM5YRJHPTDBRFU7THPRMQ4.jpg 992w,https:\/\/www.infobae.com\/new-resizer\/vZVszf-yIIitB9Cmb_ztV3mp32Q=\/1200x675\/filters:format(webp):quality(85)\/cloudfront-us-east-1.images.arcpublishing.com\/infobae\/CUA7VM5YRJHPTDBRFU7THPRMQ4.jpg 1200w,https:\/\/www.infobae.com\/new-resizer\/TQo39-0vKCyq3blqhlDbTKVl-Cs=\/1440x810\/filters:format(webp):quality(85)\/cloudfront-us-east-1.images.arcpublishing.com\/infobae\/CUA7VM5YRJHPTDBRFU7THPRMQ4.jpg 1440w\">\u00abMientras no se libere a Julian Assange, hablar sobre libertad de expresi\u00f3n es un chiste\u201d, asevera el artista<\/p>\n\n\n\n<p>Portugal tambi\u00e9n se ha convertido en la casa de muchas de sus exposiciones, la \u00faltima&nbsp;<em><strong>Paradigma<\/strong><\/em>, que abre sus puertas este mi\u00e9rcoles en la Galer\u00eda S\u00e3o Roque Too de Lisboa, donde permanecer\u00e1 hasta el 31 de julio.<\/p>\n\n\n\n<p>La muestra consta de 17 obras de arte, entre las que se incluyen retratos hechos con piezas Lego y muchas esculturas en porcelana, que evocan tambi\u00e9n la tradici\u00f3n que este material tiene en Portugal.<\/p>\n\n\n\n<p>Ai no tiene \u201cni idea\u201d de si su nueva casa tiene alg\u00fan impacto en su arte, por eso est\u00e1 haciendo exposiciones e intentando \u201cestablecer alg\u00fan tipo de comunicaci\u00f3n con la gente local\u201d. Lo que s\u00ed ha aprendido en Portugal, especialmente con todo el proceso para construir su nuevo taller, es a ser paciente, confes\u00f3: \u201cTienes que tener mucha paciencia\u201d.<\/p>\n\n\n\n<p>Fuente: EFE<\/p>\n\n\n\n<p>Fuente: <a href=\"https:\/\/www.infobae.com\/cultura\/2024\/05\/19\/ai-weiwei-si-el-artista-no-es-un-activista-esta-muerto\/\">https:\/\/www.infobae.com\/cultura\/2024\/05\/19\/ai-weiwei-si-el-artista-no-es-un-activista-esta-muerto\/<\/a><\/p>\n","protected":false},"excerpt":{"rendered":"<p>Exiliado en Portugal, el artista chino habla de hipocres\u00eda de Occidente, donde tambi\u00e9n ve censura. \u201cMientras no liberen a Julian [&hellip;]<\/p>\n","protected":false},"author":1,"featured_media":74603,"comment_status":"open","ping_status":"open","sticky":false,"template":"","format":"standard","meta":{"site-sidebar-layout":"default","site-content-layout":"","ast-site-content-layout":"default","site-content-style":"default","site-sidebar-style":"default","ast-global-header-display":"","ast-banner-title-visibility":"","ast-main-header-display":"","ast-hfb-above-header-display":"","ast-hfb-below-header-display":"","ast-hfb-mobile-header-display":"","site-post-title":"","ast-breadcrumbs-content":"","ast-featured-img":"","footer-sml-layout":"","theme-transparent-header-meta":"","adv-header-id-meta":"","stick-header-meta":"","header-above-stick-meta":"","header-main-stick-meta":"","header-below-stick-meta":"","astra-migrate-meta-layouts":"default","ast-page-background-enabled":"default","ast-page-background-meta":{"desktop":{"background-color":"var(--ast-global-color-4)","background-image":"","background-repeat":"repeat","background-position":"center center","background-size":"auto","background-attachment":"scroll","background-type":"","background-media":"","overlay-type":"","overlay-color":"","overlay-opacity":"","overlay-gradient":""},"tablet":{"background-color":"","background-image":"","background-repeat":"repeat","background-position":"center center","background-size":"auto","background-attachment":"scroll","background-type":"","background-media":"","overlay-type":"","overlay-color":"","overlay-opacity":"","overlay-gradient":""},"mobile":{"background-color":"","background-image":"","background-repeat":"repeat","background-position":"center center","background-size":"auto","background-attachment":"scroll","background-type":"","background-media":"","overlay-type":"","overlay-color":"","overlay-opacity":"","overlay-gradient":""}},"ast-content-background-meta":{"desktop":{"background-color":"var(--ast-global-color-5)","background-image":"","background-repeat":"repeat","background-position":"center center","background-size":"auto","background-attachment":"scroll","background-type":"","background-media":"","overlay-type":"","overlay-color":"","overlay-opacity":"","overlay-gradient":""},"tablet":{"background-color":"var(--ast-global-color-5)","background-image":"","background-repeat":"repeat","background-position":"center center","background-size":"auto","background-attachment":"scroll","background-type":"","background-media":"","overlay-type":"","overlay-color":"","overlay-opacity":"","overlay-gradient":""},"mobile":{"background-color":"var(--ast-global-color-5)","background-image":"","background-repeat":"repeat","background-position":"center center","background-size":"auto","background-attachment":"scroll","background-type":"","background-media":"","overlay-type":"","overlay-color":"","overlay-opacity":"","overlay-gradient":""}},"footnotes":""},"categories":[8],"tags":[414,25163,5730],"class_list":["post-74602","post","type-post","status-publish","format-standard","has-post-thumbnail","hentry","category-noticias","tag-ai-weiwei","tag-julian-assange","tag-libertad-de-expresion"],"_links":{"self":[{"href":"https:\/\/losperiodistas.com.mx\/portal\/wp-json\/wp\/v2\/posts\/74602","targetHints":{"allow":["GET"]}}],"collection":[{"href":"https:\/\/losperiodistas.com.mx\/portal\/wp-json\/wp\/v2\/posts"}],"about":[{"href":"https:\/\/losperiodistas.com.mx\/portal\/wp-json\/wp\/v2\/types\/post"}],"author":[{"embeddable":true,"href":"https:\/\/losperiodistas.com.mx\/portal\/wp-json\/wp\/v2\/users\/1"}],"replies":[{"embeddable":true,"href":"https:\/\/losperiodistas.com.mx\/portal\/wp-json\/wp\/v2\/comments?post=74602"}],"version-history":[{"count":1,"href":"https:\/\/losperiodistas.com.mx\/portal\/wp-json\/wp\/v2\/posts\/74602\/revisions"}],"predecessor-version":[{"id":74604,"href":"https:\/\/losperiodistas.com.mx\/portal\/wp-json\/wp\/v2\/posts\/74602\/revisions\/74604"}],"wp:featuredmedia":[{"embeddable":true,"href":"https:\/\/losperiodistas.com.mx\/portal\/wp-json\/wp\/v2\/media\/74603"}],"wp:attachment":[{"href":"https:\/\/losperiodistas.com.mx\/portal\/wp-json\/wp\/v2\/media?parent=74602"}],"wp:term":[{"taxonomy":"category","embeddable":true,"href":"https:\/\/losperiodistas.com.mx\/portal\/wp-json\/wp\/v2\/categories?post=74602"},{"taxonomy":"post_tag","embeddable":true,"href":"https:\/\/losperiodistas.com.mx\/portal\/wp-json\/wp\/v2\/tags?post=74602"}],"curies":[{"name":"wp","href":"https:\/\/api.w.org\/{rel}","templated":true}]}}