{"id":74599,"date":"2024-05-19T13:09:14","date_gmt":"2024-05-19T18:09:14","guid":{"rendered":"https:\/\/losperiodistas.com.mx\/portal\/?p=74599"},"modified":"2024-05-19T13:09:17","modified_gmt":"2024-05-19T18:09:17","slug":"la-marea-rosa-en-el-zocalo-en-vivo-xochitl-galvez-nos-jugamos-si-los-siguientes-anos-seran-de-opresion-o-de-libertad-el-pais","status":"publish","type":"post","link":"https:\/\/losperiodistas.com.mx\/portal\/la-marea-rosa-en-el-zocalo-en-vivo-xochitl-galvez-nos-jugamos-si-los-siguientes-anos-seran-de-opresion-o-de-libertad-el-pais\/","title":{"rendered":"La \u2018Marea rosa\u2019 en el Z\u00f3calo, en vivo | X\u00f3chitl G\u00e1lvez: \u201cNos jugamos si los siguientes a\u00f1os ser\u00e1n de opresi\u00f3n o de libertad\u201d | El Pa\u00eds"},"content":{"rendered":"\n<h2 class=\"has-medium-font-size wp-block-heading\">La manifestaci\u00f3n sucede horas antes del \u00faltimo debate presidencial con X\u00f3chitl G\u00e1lvez y Santiago Taboada como invitados, y coincide con el plant\u00f3n de maestros de la CNTE instalado en la Plaza de la Constituci\u00f3n<\/h2>\n\n\n\n<figure class=\"wp-block-image size-large\"><img fetchpriority=\"high\" decoding=\"async\" width=\"1024\" height=\"575\" src=\"https:\/\/losperiodistas.com.mx\/portal\/wp-content\/uploads\/2024\/05\/Captura-de-Pantalla-2024-05-19-a-las-11.50.23-1024x575.jpg\" alt=\"\" class=\"wp-image-74600\" srcset=\"https:\/\/losperiodistas.com.mx\/portal\/wp-content\/uploads\/2024\/05\/Captura-de-Pantalla-2024-05-19-a-las-11.50.23-1024x575.jpg 1024w, https:\/\/losperiodistas.com.mx\/portal\/wp-content\/uploads\/2024\/05\/Captura-de-Pantalla-2024-05-19-a-las-11.50.23-300x168.jpg 300w, https:\/\/losperiodistas.com.mx\/portal\/wp-content\/uploads\/2024\/05\/Captura-de-Pantalla-2024-05-19-a-las-11.50.23-768x431.jpg 768w, https:\/\/losperiodistas.com.mx\/portal\/wp-content\/uploads\/2024\/05\/Captura-de-Pantalla-2024-05-19-a-las-11.50.23-1536x863.jpg 1536w, https:\/\/losperiodistas.com.mx\/portal\/wp-content\/uploads\/2024\/05\/Captura-de-Pantalla-2024-05-19-a-las-11.50.23-2048x1150.jpg 2048w\" sizes=\"(max-width: 1024px) 100vw, 1024px\" \/><figcaption>X\u00f3chitl G\u00e1lvez da un discurso este domingo durante el mitin de la &#8216;Marea rosa&#8217; en el Z\u00f3calo. REUTERS<\/figcaption><\/figure>\n\n\n\n<p class=\"has-vivid-red-color has-text-color has-medium-font-size\"><strong>REDACCI\u00d3N EL PA\u00cdS<\/strong><\/p>\n\n\n\n<p>La concentraci\u00f3n de la \u2018Marea rosa\u2019 llega al Z\u00f3calo capitalino este domingo 19 de mayo, solo unas horas antes del\u00a0<a href=\"https:\/\/elpais.com\/mexico\/elecciones-mexicanas\/2024-05-18\/debate-presidencial-2024-horario-donde-ver-y-los-temas-que-se-discutiran-en-el-tercer-encuentro.html\">tercer y \u00faltimo debate presidencial<\/a>. Se trata de la cuarta movilizaci\u00f3n convocada en Ciudad de M\u00e9xico por el Frente C\u00edvico Nacional y la organizaci\u00f3n Sociedad Civil M\u00e9xico. Se prev\u00e9 que un centenar de ciudades se unan a la concentraci\u00f3n en plazas p\u00fablicas de M\u00e9xico, Estados Unidos, Canad\u00e1 y Espa\u00f1a.<\/p>\n\n\n\n<p>La manifestaci\u00f3n en la capital mexicana contar\u00e1 con&nbsp;<a href=\"https:\/\/elpais.com\/mexico\/elecciones-mexicanas\/2024-05-19\/el-ultimo-intento-de-la-oposicion-mexicana-para-concurrir-unida-contra-la-candidata-oficialista.html\">X\u00f3chitl G\u00e1lvez<\/a>, la candidata de la coalici\u00f3n opositora Va por M\u00e9xico, y Santiago Taboada, aspirante a jefe de Gobierno, como los principales oradores del encuentro.<\/p>\n\n\n\n<p>RODRIGO SORIANO<\/p>\n\n\n\n<p>Los manifestantes comienzan a abandonar el Z\u00f3calo<\/p>\n\n\n\n<p>Despu\u00e9s del discurso de X\u00f3chitl G\u00e1lvez y el himno nacional que da por concluido el mitin, los manifestantes de la \u2018marea rosa\u2019 comienzan a abandonar el Z\u00f3calo.<\/p>\n\n\n\n<figure class=\"wp-block-embed is-type-rich is-provider-twitter wp-block-embed-twitter\"><div class=\"wp-block-embed__wrapper\">\n<blockquote class=\"twitter-tweet\" data-width=\"500\" data-dnt=\"true\"><p lang=\"es\" dir=\"ltr\">La Marea Rosa comienza a abandonar el Z\u00f3calo <a href=\"https:\/\/t.co\/RBXgP1ZxMR\">pic.twitter.com\/RBXgP1ZxMR<\/a><\/p>&mdash; Rodrigo Soriano (@rodrigosoriann) <a href=\"https:\/\/twitter.com\/rodrigosoriann\/status\/1792248720253149275?ref_src=twsrc%5Etfw\">May 19, 2024<\/a><\/blockquote><script async src=\"https:\/\/platform.twitter.com\/widgets.js\" charset=\"utf-8\"><\/script>\n<\/div><\/figure>\n\n\n\n<p><\/p>\n\n\n\n<p>ALEJANDRO SANTOS CID<\/p>\n\n\n\n<p>X\u00f3chitl G\u00e1lvez: \u201cNos jugamos si los siguientes a\u00f1os ser\u00e1n de opresi\u00f3n o de libertad\u201d<\/p>\n\n\n\n<p>Turno de X\u00f3chitl G\u00e1lvez en el escenario. La candidata de la coalici\u00f3n entre PAN, PRI y PRD ha planteado las elecciones como una \u201clucha por el alma de M\u00e9xico\u201d: \u201cNos jugamos si los siguientes a\u00f1os ser\u00e1n de opresi\u00f3n o de libertad\u201d. En un discurso salpicado de referencias a la patria y la historia mexicana, G\u00e1lvez ha declarado:&nbsp;\u201cMexicano, mexicana, antes que partido tenemos Rep\u00fablica. Antes que partido tenemos democracia y antes que partido tenemos M\u00e9xico. M\u00e9xico es primero\u201d.&nbsp;<\/p>\n\n\n\n<p>La candidata de la coalici\u00f3n Fuerza y Coraz\u00f3n por M\u00e9xico&nbsp;ha prometido \u201cdevolver a M\u00e9xico el lugar de la grandeza que tiene que tener entre las naciones libres\u201d o \u201cderrotar el autoritarismo\u201d, \u201cla muerte, la mentira y el miedo\u201d. Con un discurso carente de propuestas electorales, pero con el lema de \u201cla batalla para defender tres valores fundamentales: vida, verdad y libertad\u201d.&nbsp;<\/p>\n\n\n\n<p>\u201cHe recorrido el pa\u00eds, he sentido el dolor y la desesperanza de la gente, he escuchado y abrazado a mexicanos que han sido maltratados en estos a\u00f1os oscuros y dif\u00edciles, a las mujeres que exigen igualdad sin encontrarla, a j\u00f3venes que necesitan oportunidades porque se merecen m\u00e1s, a las personas con discapacidad que reclaman sus justos derechos, a los maestros, a los m\u00e9dicos, a las enfermeras y las cuidadoras, a quienes les debemos tanto y le hemos dado tan poco, a las madres buscadores que claman en el desierto para encontrar a sus hijas y a sus hijos desaparecidos, a los obreros, a los&nbsp;trabajadores, a los profesionistas, a&nbsp;los emprendedores que le dan mucho a M\u00e9xico pero todav\u00eda reciben poco, a los campesinos, a los agricultores, ganadores y pescadores que hoy trabajan en medio del abandono, a los migrantes, a los desplazados que por falta de oportunidades dejan todo y arriesgan la vida, a la comunidad LGBTIQ+ que demanda atenci\u00f3n y poner fin a la discriminaci\u00f3n, a las feministas que luchan todos los d\u00edas contra el patriarcado, a nuestros periodistas, activistas, artistas y cient\u00edficos injustamente perseguidos y amenazados, a los pueblos ind\u00edgenas y afromexicanos que siguen esperando el reconocimiento pleno de sus derechos, a nuestros polic\u00edas, a nuestros marinos y a nuestros soldados que no les han dado el debido respeto a su honor y a su labor\u201d, ha continuado entre gritos de \u201c\u00a1justicia!\u201d o \u00ab\u00a1narcopresidente!\u201d en referencia al actual mandatario, Andr\u00e9s Manuel L\u00f3pez Obrador.&nbsp;Act.&nbsp;19&nbsp;may&nbsp;2024 &#8211; 11:41&nbsp;CST<\/p>\n\n\n\n<p>ALEJANDRO SANTOS CID<\/p>\n\n\n\n<p>Santiago Taboada: \u201cQuiero una ciudad en que el Gobierno y la sociedad son m\u00e1s fuertes que cualquier organizaci\u00f3n criminal\u201d<\/p>\n\n\n\n<p>Santiago Taboada, el candidato del PAN a la alcald\u00eda de Ciudad de M\u00e9xico, ha sido el tercer orador de la ma\u00f1ana. En un discurso en el que ha cantado victoria en las pr\u00f3ximas elecciones, ha asegurado que \u201cel&nbsp;Z\u00f3calo es la \u00faltima parada de este largo viaje, que nos llevar\u00e1 al triunfo en tan solo 15 d\u00edas. Este Z\u00f3calo respira esperanza y futuro. Como lo dec\u00eda nuestra propia presidenta X\u00f3chitl G\u00e1lvez,&nbsp;la esperanza cambi\u00f3 de manos\u201d.&nbsp;<\/p>\n\n\n\n<p>\u201cHoy a mis 38 a\u00f1os represento a una nueva generaci\u00f3n, a la generaci\u00f3n del cambio en la Ciudad de M\u00e9xico\u201d, ha continuado. \u201cCreyeron que la clase media no sab\u00eda marchar y aqu\u00ed estamos, que las mujeres y que los j\u00f3venes no tomar\u00edan las calles, le dieron la espalda a los trabajadores, a los comerciantes, a los empresarios, a los m\u00e9dicos, a las enfermeras, a los acad\u00e9micos y a las madres buscadores. Prefirieron&nbsp;abrazar a los delincuentes que abrazar a las v\u00edctimas, polarizaron profundamente la ciudad en una lucha clasista emprendida por ellos\u201d.&nbsp;<\/p>\n\n\n\n<p>En un discurso con tintes fatalistas, Taboada ha a\u00f1adido:&nbsp;\u201cVeo una ciudad sometida por la extorsi\u00f3n que vive a diario la injusticia, donde se respira el miedo, una ciudad paralizada por la negligencia, pero tambi\u00e9n veo una ciudad que pide urgente un cambio con esperanza\u201d. \u201cQuiero una ciudad en que el Gobierno y la sociedad son m\u00e1s fuertes que cualquier organizaci\u00f3n criminal\u201d, ha se\u00f1alado, apelando a la inseguridad, una de los grandes problemas sin resolver del pa\u00eds, aunque los n\u00fameros oficiales de homicidios han descendido en la ciudad en los \u00faltimos a\u00f1os.&nbsp;Act.&nbsp;19&nbsp;may&nbsp;2024 &#8211; 11:17&nbsp;CST<\/p>\n\n\n\n<p>ALEJANDRO SANTOS CID<\/p>\n\n\n\n<p>Ana Luc\u00eda Medina, militante del PAN, desde el escenario: \u201cLa Rep\u00fablica&nbsp;est\u00e1 en peligro por un Gobierno que no respeta a la ley\u201d<\/p>\n\n\n\n<p>La segunda intervenci\u00f3n de la ma\u00f1ana ha sido de&nbsp;Ana Luc\u00eda Medina, militante del PAN y autodefinida activista de la \u201csociedad civil\u201d, que ha pedido el voto para X\u00f3chitl G\u00e1lvez para la presidencia del pa\u00eds y Santiago Taboada para Ciudad de M\u00e9xico con gritos de \u201cdemocracia, justicia y libertad\u201d. \u201cLa Rep\u00fablica&nbsp;est\u00e1 en peligro por un Gobierno que no respeta a la ley ni respeta a los ciudadanos, la Rep\u00fablica est\u00e1 en peligro por la amenaza de un partido o de una candidata de destruir a las instituciones, la Rep\u00fablica est\u00e1 en peligro por el crecimiento impune del crimen organizado\u201d, ha declarado la panista.&nbsp;Act.&nbsp;19&nbsp;may&nbsp;2024 &#8211; 11:06&nbsp;CST<\/p>\n\n\n\n<p>ALEJANDRO SANTOS CID<\/p>\n\n\n\n<p>Marko Cort\u00e9s: \u201cLes pido que nos manifestemos, que levantemos la voz\u201d<\/p>\n\n\n\n<p>Marko Cort\u00e9s, el presidente del PAN (Partido de Acci\u00f3n Nacional), ha llamado a la ciudadan\u00eda a acudir a las manifestaciones de la \u2018marea rosa\u2019 en un video publicado en su perfil de X: \u201cM\u00e9xico hoy nos necesita, M\u00e9xico requiere que votemos sin miedo. Yo hoy les pido que vayamos a todos los centros en donde se est\u00e1 convocando en el pa\u00eds, son m\u00e1s de 100 lugares, y que nos manifestemos, que levantemos la voz y que respaldemos a todos los candidatos del PAN y de la coalici\u00f3n Fuerza y Coraz\u00f3n por M\u00e9xico. El 2 de junio vamos a ganar\u201d.\u00a0<\/p>\n\n\n\n<figure class=\"wp-block-embed is-type-rich is-provider-twitter wp-block-embed-twitter\"><div class=\"wp-block-embed__wrapper\">\n<blockquote class=\"twitter-tweet\" data-width=\"500\" data-dnt=\"true\"><p lang=\"es\" dir=\"ltr\">\u00a1Muy buen domingo desde el Z\u00f3calo de la CDMX! Salgamos todos a las calles, demostremos que cada d\u00eda somos m\u00e1s los que queremos un cambio para el pa\u00eds y vamos a votar sin miedo para defender a M\u00e9xico.<a href=\"https:\/\/twitter.com\/hashtag\/MareaRosaConX%C3%B3chitlyTaboada?src=hash&amp;ref_src=twsrc%5Etfw\">#MareaRosaConX\u00f3chitlyTaboada<\/a> <a href=\"https:\/\/t.co\/ng7UuWer9Y\">pic.twitter.com\/ng7UuWer9Y<\/a><\/p>&mdash; Marko Cort\u00e9s (@MarkoCortes) <a href=\"https:\/\/twitter.com\/MarkoCortes\/status\/1792216877642457379?ref_src=twsrc%5Etfw\">May 19, 2024<\/a><\/blockquote><script async src=\"https:\/\/platform.twitter.com\/widgets.js\" charset=\"utf-8\"><\/script>\n<\/div><\/figure>\n\n\n\n<p>EL\u00cdAS CAMHAJIALEJANDRO SANTOS CID<\/p>\n\n\n\n<p>Un manifestante se disfraza de calaca con una declaraci\u00f3n de L\u00f3pez Obrador que dice: \u201cNo hay m\u00e1s violencia, hay m\u00e1s homicidios\u201d<\/p>\n\n\n\n<p>Antonio Garci, de 56 a\u00f1os, ha acudido a la manifestaci\u00f3n de la marea rosa disfrazado de una declaraci\u00f3n, coronado por una enorme calaca blanca y con un c\u00e1rtel en el que se lee: \u201cNo hay m\u00e1s violencia, hay m\u00e1s homicidios\u201d.&nbsp;\u201cEs una frase infame del presidente, que lo describe de cuerpo entero\u201d, explica Garci. Debajo de la cita de Andr\u00e9s Manuel L\u00f3pez Obrador, Garci ha a\u00f1adido la pregunta:&nbsp;\u201cQuieres que contin\u00fae esta pesadilla\u201d.&nbsp;\u201cLa \u00fanica que garantiza que siga la democracia es X\u00f3chitl G\u00e1lvez, Claudia Sheinbaum, lo contrario\u201d, asegura el hombre.&nbsp;<\/p>\n\n\n\n<p>La declaraci\u00f3n que porta Garci es del lunes\u00a06 de mayo. Fue la respuesta de\u00a0L\u00f3pez Obrador a la pregunta de un periodista durante La ma\u00f1anera, su conferencia diaria de prensa, cuestionado sobre un fin de semana especialmente violento en el pa\u00eds. La declaraci\u00f3n completa es: \u201cNo hay m\u00e1s violencia, hay m\u00e1s homicidios que todo el sexenio, porque hay menos robos que en los sexenios anteriores. Hay menos secuestros que en los sexenios anteriores y\u00a0delitos del orden federal,\u00a0menos. Donde nos ha costado m\u00e1s es en homicidios porque se crearon bandas\u201d.<\/p>\n\n\n\n<figure class=\"wp-block-embed is-type-rich is-provider-twitter wp-block-embed-twitter\"><div class=\"wp-block-embed__wrapper\">\n<blockquote class=\"twitter-tweet\" data-width=\"500\" data-dnt=\"true\"><p lang=\"es\" dir=\"ltr\">En vivo | &quot;Es una frase infame del presidente, que lo describe de cuerpo entero&quot;, dice Antonio Garci, 56 a\u00f1os, sobre su disfraz para la Marea Rosa. &quot;La \u00fanica que garantiza que siga la democracia es <a href=\"https:\/\/twitter.com\/XochitlGalvez?ref_src=twsrc%5Etfw\">@XochitlGalvez<\/a>, <a href=\"https:\/\/twitter.com\/Claudiashein?ref_src=twsrc%5Etfw\">@Claudiashein<\/a>, lo contrario&quot;. La candidata ya est\u00e1 en el Z\u00f3calo <a href=\"https:\/\/t.co\/oVgLffoTvl\">pic.twitter.com\/oVgLffoTvl<\/a><\/p>&mdash; Elias Camhaji (@eliascamhaji) <a href=\"https:\/\/twitter.com\/eliascamhaji\/status\/1792231456816914671?ref_src=twsrc%5Etfw\">May 19, 2024<\/a><\/blockquote><script async src=\"https:\/\/platform.twitter.com\/widgets.js\" charset=\"utf-8\"><\/script>\n<\/div><\/figure>\n\n\n\n<p>ALEJANDRO SANTOS CID<\/p>\n\n\n\n<p>X\u00f3chitl G\u00e1lvez se asoma a un balc\u00f3n del Z\u00f3calo vestida con un huipil rosa y entre gritos de \u00ab\u00a1presidenta!\u00bb<\/p>\n\n\n\n<p>X\u00f3chitl G\u00e1lvez, la gran abanderada de la \u2018marea rosa\u2019, ha llegado al Z\u00f3calo. Vestida con un huipil rosa, la candidata del frente opositor Fuerza y Coraz\u00f3n por M\u00e9xico (PAN, PRI y PRD) ha saludado a los manifestantes desde la altura de uno de los balcones que presiden la plaza capitalina, entre ovaciones y gritos de \u201c\u00a1presidenta!\u201d. \u201cVamos a votar para derrotar a la muerte, la mentira y el miedo. Vamos a votar para que triunfen la vida, la verdad y la libertad\u201d, ha declarado la aspirante en su perfil de X (antes Twitter), en un mensaje enviado\u00a0\u201cdesde el Z\u00f3calo de CDMX\u201d.<\/p>\n\n\n\n<figure class=\"wp-block-embed is-type-rich is-provider-twitter wp-block-embed-twitter\"><div class=\"wp-block-embed__wrapper\">\n<blockquote class=\"twitter-tweet\" data-width=\"500\" data-dnt=\"true\"><p lang=\"es\" dir=\"ltr\">Vamos a votar para derrotar a la muerte, la mentira y el miedo. Vamos a votar para que triunfen la vida, la verdad y la libertad. Mensaje desde el Z\u00f3calo de CDMX. <a href=\"https:\/\/t.co\/hWoOQ1Sry2\">https:\/\/t.co\/hWoOQ1Sry2<\/a><\/p>&mdash; X\u00f3chitl G\u00e1lvez Ruiz (@XochitlGalvez) <a href=\"https:\/\/twitter.com\/XochitlGalvez\/status\/1792227505233133610?ref_src=twsrc%5Etfw\">May 19, 2024<\/a><\/blockquote><script async src=\"https:\/\/platform.twitter.com\/widgets.js\" charset=\"utf-8\"><\/script>\n<\/div><\/figure>\n\n\n\n<p>RODRIGO SORIANO<\/p>\n\n\n\n<p>\u201cEsta manifestaci\u00f3n es muestra de la libertad pol\u00edtica que todav\u00eda existe en M\u00e9xico\u201d<\/p>\n\n\n\n<p>Antonio Prida sostiene una pancarta cr\u00edtica con el Gobierno del presidente Andr\u00e9s Manuel L\u00f3pez Obrador, del partido Morena, la principal figura contra la que se form\u00f3\u00a0el movimiento de la \u2018marea rosa\u2019. \u201cEsta manifestaci\u00f3n es muestra de la libertad pol\u00edtica que todav\u00eda existe en M\u00e9xico y por la que tenemos que luchar\u201d, reconoce. \u201cM\u00e9xico se levanta\u201d, a\u00f1ade.<\/p>\n\n\n\n<figure class=\"wp-block-embed is-type-rich is-provider-twitter wp-block-embed-twitter\"><div class=\"wp-block-embed__wrapper\">\n<blockquote class=\"twitter-tweet\" data-width=\"500\" data-dnt=\"true\"><p lang=\"es\" dir=\"ltr\">Antonio Prida sostiene una pancarta cr\u00edtica con el Gobierno de Lopez Obrador. \u201cEsta manifestaci\u00f3n es muestra de la libertad pol\u00edtica que todav\u00eda existe en M\u00e9xico y por la que tenemos que luchar. M\u00e9xico se levanta\u201d, afirma <a href=\"https:\/\/t.co\/rQo85wdW8t\">pic.twitter.com\/rQo85wdW8t<\/a><\/p>&mdash; Rodrigo Soriano (@rodrigosoriann) <a href=\"https:\/\/twitter.com\/rodrigosoriann\/status\/1792225588398481832?ref_src=twsrc%5Etfw\">May 19, 2024<\/a><\/blockquote><script async src=\"https:\/\/platform.twitter.com\/widgets.js\" charset=\"utf-8\"><\/script>\n<\/div><\/figure>\n\n\n\n<p>EL\u00cdAS CAMHAJI<\/p>\n\n\n\n<p>\u201cSi el presidente no se mantiene neutral, \u00bfpor qu\u00e9 la Marea Rosa tendr\u00eda que hacerlo?\u201d<\/p>\n\n\n\n<p>Yazm\u00edn Lujano, de 50 a\u00f1os, ha venido a manifestarse desde Toluca, en el Estado de M\u00e9xico, con sus\u00a0padres Jos\u00e9 (86) y Bertha (82): \u201cSi el presidente no se mantiene neutral, \u00bfpor qu\u00e9 la Marea Rosa tendr\u00eda que hacerlo?\u201d, cuestiona. \u201cCerraron toda la ciudad, pero no nos vamos a dejar\u201d.<\/p>\n\n\n\n<figure class=\"wp-block-embed is-type-rich is-provider-twitter wp-block-embed-twitter\"><div class=\"wp-block-embed__wrapper\">\n<blockquote class=\"twitter-tweet\" data-width=\"500\" data-dnt=\"true\"><p lang=\"es\" dir=\"ltr\">En vivo | &quot;Si el presidente no se mantiene neutral, \u00bfpor qu\u00e9 la Marea Rosa tendr\u00eda que hacerlo?&quot;, cuestiona Yazm\u00edn Lujano, de 50 a\u00f1os, que viene con su padres Jos\u00e9  (86) y Bertha (82) desde Toluca. &quot;Cerraron toda la ciudad, pero  no nos vamos a dejar&quot;.\u2b07\ufe0f <a href=\"https:\/\/t.co\/7vDbh6VZhq\">https:\/\/t.co\/7vDbh6VZhq<\/a> <a href=\"https:\/\/t.co\/Yf5A6wRWwr\">pic.twitter.com\/Yf5A6wRWwr<\/a><\/p>&mdash; Elias Camhaji (@eliascamhaji) <a href=\"https:\/\/twitter.com\/eliascamhaji\/status\/1792224032064250155?ref_src=twsrc%5Etfw\">May 19, 2024<\/a><\/blockquote><script async src=\"https:\/\/platform.twitter.com\/widgets.js\" charset=\"utf-8\"><\/script>\n<\/div><\/figure>\n\n\n\n<p>RODRIGO SORIANO<\/p>\n\n\n\n<p>C\u00e1nticos de \u201csomos muchos y seremos m\u00e1s\u201d<\/p>\n\n\n\n<p>\u201cSomos muchos y seremos m\u00e1s\u201d, clama un peque\u00f1o grupo de manifestantes. Los convocados de la \u2018marea rosa\u2019 acceden al Z\u00f3calo por la calle 5 de febrero tras el bloqueo de la 20 de noviembre.\u00a0<\/p>\n\n\n\n<figure class=\"wp-block-embed is-type-rich is-provider-twitter wp-block-embed-twitter\"><div class=\"wp-block-embed__wrapper\">\n<blockquote class=\"twitter-tweet\" data-width=\"500\" data-dnt=\"true\"><p lang=\"es\" dir=\"ltr\">\u201cSomos muchos y seremos m\u00e1s\u201d, clama un peque\u00f1o grupo de manifestantes. Los convocados de la Marea Rosa acceden al Z\u00f3calo por la calle 5 de febrero tras el bloqueo de la 20 de noviembre <a href=\"https:\/\/t.co\/2gSaQiRKEY\">pic.twitter.com\/2gSaQiRKEY<\/a><\/p>&mdash; Rodrigo Soriano (@rodrigosoriann) <a href=\"https:\/\/twitter.com\/rodrigosoriann\/status\/1792217375967957007?ref_src=twsrc%5Etfw\">May 19, 2024<\/a><\/blockquote><script async src=\"https:\/\/platform.twitter.com\/widgets.js\" charset=\"utf-8\"><\/script>\n<\/div><\/figure>\n\n\n\n<p>EL\u00cdAS CAMHAJI<\/p>\n\n\n\n<p>\u201cEl Gobierno est\u00e1 usando todos los medios a su alcance para detenernos\u201d<\/p>\n\n\n\n<p>Jos\u00e9 Luis Oyarz\u00e1bal, de 73 a\u00f1os, manifestante: \u201cEl Gobierno est\u00e1 usando todos los medios a su alcance para detenernos: los maestros, quitarnos la bandera, cerrar las calles, la contingencia. No van a poder. Los ciudadanos tenemos derechos\u201d.<\/p>\n\n\n\n<figure class=\"wp-block-embed is-type-rich is-provider-twitter wp-block-embed-twitter\"><div class=\"wp-block-embed__wrapper\">\n<blockquote class=\"twitter-tweet\" data-width=\"500\" data-dnt=\"true\"><p lang=\"es\" dir=\"ltr\">En vivo | &quot;El Gobierno est\u00e1 usando todos los medios a su alcance para deternos: los maestros, quitarnos la bandera, cerrar las calles, la contingencia. No van a poder. Los ciudadanos tenemos derechos&quot;, dice Jos\u00e9 Luis Oyarz\u00e1bal, de 73 a\u00f1os. \u2b07\ufe0f <a href=\"https:\/\/t.co\/7vDbh6VrrS\">https:\/\/t.co\/7vDbh6VrrS<\/a> <a href=\"https:\/\/t.co\/9jOCVNM59o\">pic.twitter.com\/9jOCVNM59o<\/a><\/p>&mdash; Elias Camhaji (@eliascamhaji) <a href=\"https:\/\/twitter.com\/eliascamhaji\/status\/1792216621395677303?ref_src=twsrc%5Etfw\">May 19, 2024<\/a><\/blockquote><script async src=\"https:\/\/platform.twitter.com\/widgets.js\" charset=\"utf-8\"><\/script>\n<\/div><\/figure>\n\n\n\n<p>RODRIGO SORIANOEL\u00cdAS CAMHAJI<\/p>\n\n\n\n<p>Los manifestantes irrumpen en el Z\u00f3calo por la zona vallada del campamento de los maestros<\/p>\n\n\n\n<p>Manifestantes de la Marea Rosa irrumpen en la zona vallada del plant\u00f3n de la Coordinadora Nacional de Trabajadores de la Educaci\u00f3n (CNTE) desde el acceso de la calle 20 de noviembre al Z\u00f3calo. \u201cLos accesos al Z\u00f3calo estaban cerrados, d\u00e9jenos pasar\u201d, grita Tania Aguilar, una de las manifestantes que sostiene la bandera.<\/p>\n\n\n\n<figure class=\"wp-block-embed is-type-rich is-provider-twitter wp-block-embed-twitter\"><div class=\"wp-block-embed__wrapper\">\n<blockquote class=\"twitter-tweet\" data-width=\"500\" data-dnt=\"true\"><p lang=\"es\" dir=\"ltr\">Manifestantes de la Marea Rosa irrumpen en la zona vallada del plant\u00f3n de la CNTE desde el acceso de la calle 20 de noviembre <a href=\"https:\/\/t.co\/zfyvWNqvQe\">pic.twitter.com\/zfyvWNqvQe<\/a><\/p>&mdash; Rodrigo Soriano (@rodrigosoriann) <a href=\"https:\/\/twitter.com\/rodrigosoriann\/status\/1792214772596773201?ref_src=twsrc%5Etfw\">May 19, 2024<\/a><\/blockquote><script async src=\"https:\/\/platform.twitter.com\/widgets.js\" charset=\"utf-8\"><\/script>\n<\/div><\/figure>\n\n\n\n<p>ALEJANDRO SANTOS CID<\/p>\n\n\n\n<p>Alito Moreno: \u201cExigimos al Gobierno de Ciudad de M\u00e9xico y a la Secretar\u00eda de Seguridad Ciudadana dejar de obstruir el acceso de la ciudadan\u00eda al Z\u00f3calo\u201d<\/p>\n\n\n\n<p>El presidente del Partido Revolucionario Institucional (PRI), Alejandro\u00a0<em>Alito<\/em>\u00a0Moreno, ha criticado los bloqueos para la llegada de manifestantes\u00a0a la marcha de la \u2018marea rosa\u2019:\u201cExigimos al Gobierno de Ciudad de M\u00e9xico y a la Secretar\u00eda de Seguridad Ciudadana dejar de obstruir el acceso de la ciudadan\u00eda al Z\u00f3calo. \u00a1La desesperaci\u00f3n del oficialismo es evidente! Han hecho todo para complicar la concentraci\u00f3n de este domingo, utilizan las instituciones de todos los ciudadanos para favorecer los intereses del partido en el poder. \u00a1Ni con sus claras ma\u00f1as podr\u00e1n detener el cambio que viene!\u201d.\u00a0<\/p>\n\n\n\n<figure class=\"wp-block-embed is-type-rich is-provider-twitter wp-block-embed-twitter\"><div class=\"wp-block-embed__wrapper\">\n<blockquote class=\"twitter-tweet\" data-width=\"500\" data-dnt=\"true\"><p lang=\"es\" dir=\"ltr\">Exigimos al <a href=\"https:\/\/twitter.com\/GobCDMX?ref_src=twsrc%5Etfw\">@GobCDMX<\/a> y a la <a href=\"https:\/\/twitter.com\/SSC_CDMX?ref_src=twsrc%5Etfw\">@SSC_CDMX<\/a> dejar de obstruir el acceso de la ciudadan\u00eda al Z\u00f3calo.<br><br>\u00a1La desesperaci\u00f3n del oficialismo es evidente! Han hecho todo para complicar la concentraci\u00f3n de este domingo, utilizan las instituciones de todos los ciudadanos para favorecer los\u2026 <a href=\"https:\/\/t.co\/s5n7OxwcHb\">pic.twitter.com\/s5n7OxwcHb<\/a><\/p>&mdash; Alejandro Moreno (@alitomorenoc) <a href=\"https:\/\/twitter.com\/alitomorenoc\/status\/1792202216821903457?ref_src=twsrc%5Etfw\">May 19, 2024<\/a><\/blockquote><script async src=\"https:\/\/platform.twitter.com\/widgets.js\" charset=\"utf-8\"><\/script>\n<\/div><figcaption>EL\u00cdAS CAMHAJI<br>Una maestra, sobre los manifestantes: \u201cSon ellos los que est\u00e1n contra nosotros\u201d<br>Nuevo choque en la valla que divide al campamento de la Coordinadora Nacional de Trabajadores de la Educaci\u00f3n (CNTE) y la \u2018marea rosa\u2019. \u201cSon ellos los que est\u00e1n contra nosotros\u201d, dice una maestra de Guerrero que esta en el Z\u00f3calo desde el mi\u00e9rcoles. \u201cNo caigan en provocaciones\u201d, dicen los opositores desde el templete.\u00a0<\/figcaption><\/figure>\n\n\n\n<figure class=\"wp-block-embed is-type-rich is-provider-twitter wp-block-embed-twitter\"><div class=\"wp-block-embed__wrapper\">\n<blockquote class=\"twitter-tweet\" data-width=\"500\" data-dnt=\"true\"><p lang=\"es\" dir=\"ltr\">En vivo | Nuevo choque en la valla que divide al campamento de la CNTE y la Marea Rosa. &quot;Son ellos los que est\u00e1n contra nosotros&quot;, dice una maestra de Guerrero que esta en el Z\u00f3calo desde el mi\u00e9rcoles. &quot;No caigan en provocaciones&quot;, dicen los opositores desde el templete <a href=\"https:\/\/t.co\/VqgqiFLZo7\">pic.twitter.com\/VqgqiFLZo7<\/a><\/p>&mdash; Elias Camhaji (@eliascamhaji) <a href=\"https:\/\/twitter.com\/eliascamhaji\/status\/1792213980263416142?ref_src=twsrc%5Etfw\">May 19, 2024<\/a><\/blockquote><script async src=\"https:\/\/platform.twitter.com\/widgets.js\" charset=\"utf-8\"><\/script>\n<\/div><\/figure>\n\n\n\n<p><\/p>\n\n\n\n<p>Fuente: <a href=\"https:\/\/elpais.com\/mexico\/elecciones-mexicanas\/2024-05-19\/marea-rosa-en-el-zocalo-ciudad-de-mexico-en-vivo.html\">https:\/\/elpais.com\/mexico\/elecciones-mexicanas\/2024-05-19\/marea-rosa-en-el-zocalo-ciudad-de-mexico-en-vivo.html<\/a><\/p>\n","protected":false},"excerpt":{"rendered":"<p>La manifestaci\u00f3n sucede horas antes del \u00faltimo debate presidencial con X\u00f3chitl G\u00e1lvez y Santiago Taboada como invitados, y coincide con [&hellip;]<\/p>\n","protected":false},"author":1,"featured_media":74600,"comment_status":"open","ping_status":"open","sticky":false,"template":"","format":"standard","meta":{"site-sidebar-layout":"default","site-content-layout":"","ast-site-content-layout":"default","site-content-style":"default","site-sidebar-style":"default","ast-global-header-display":"","ast-banner-title-visibility":"","ast-main-header-display":"","ast-hfb-above-header-display":"","ast-hfb-below-header-display":"","ast-hfb-mobile-header-display":"","site-post-title":"","ast-breadcrumbs-content":"","ast-featured-img":"","footer-sml-layout":"","theme-transparent-header-meta":"","adv-header-id-meta":"","stick-header-meta":"","header-above-stick-meta":"","header-main-stick-meta":"","header-below-stick-meta":"","astra-migrate-meta-layouts":"default","ast-page-background-enabled":"default","ast-page-background-meta":{"desktop":{"background-color":"var(--ast-global-color-4)","background-image":"","background-repeat":"repeat","background-position":"center center","background-size":"auto","background-attachment":"scroll","background-type":"","background-media":"","overlay-type":"","overlay-color":"","overlay-opacity":"","overlay-gradient":""},"tablet":{"background-color":"","background-image":"","background-repeat":"repeat","background-position":"center center","background-size":"auto","background-attachment":"scroll","background-type":"","background-media":"","overlay-type":"","overlay-color":"","overlay-opacity":"","overlay-gradient":""},"mobile":{"background-color":"","background-image":"","background-repeat":"repeat","background-position":"center center","background-size":"auto","background-attachment":"scroll","background-type":"","background-media":"","overlay-type":"","overlay-color":"","overlay-opacity":"","overlay-gradient":""}},"ast-content-background-meta":{"desktop":{"background-color":"var(--ast-global-color-5)","background-image":"","background-repeat":"repeat","background-position":"center center","background-size":"auto","background-attachment":"scroll","background-type":"","background-media":"","overlay-type":"","overlay-color":"","overlay-opacity":"","overlay-gradient":""},"tablet":{"background-color":"var(--ast-global-color-5)","background-image":"","background-repeat":"repeat","background-position":"center center","background-size":"auto","background-attachment":"scroll","background-type":"","background-media":"","overlay-type":"","overlay-color":"","overlay-opacity":"","overlay-gradient":""},"mobile":{"background-color":"var(--ast-global-color-5)","background-image":"","background-repeat":"repeat","background-position":"center center","background-size":"auto","background-attachment":"scroll","background-type":"","background-media":"","overlay-type":"","overlay-color":"","overlay-opacity":"","overlay-gradient":""}},"footnotes":""},"categories":[8],"tags":[25162,25055,14772],"class_list":["post-74599","post","type-post","status-publish","format-standard","has-post-thumbnail","hentry","category-noticias","tag-antes-partido-tenemos-patria","tag-marea-rosa","tag-xochitl-galvez"],"_links":{"self":[{"href":"https:\/\/losperiodistas.com.mx\/portal\/wp-json\/wp\/v2\/posts\/74599","targetHints":{"allow":["GET"]}}],"collection":[{"href":"https:\/\/losperiodistas.com.mx\/portal\/wp-json\/wp\/v2\/posts"}],"about":[{"href":"https:\/\/losperiodistas.com.mx\/portal\/wp-json\/wp\/v2\/types\/post"}],"author":[{"embeddable":true,"href":"https:\/\/losperiodistas.com.mx\/portal\/wp-json\/wp\/v2\/users\/1"}],"replies":[{"embeddable":true,"href":"https:\/\/losperiodistas.com.mx\/portal\/wp-json\/wp\/v2\/comments?post=74599"}],"version-history":[{"count":1,"href":"https:\/\/losperiodistas.com.mx\/portal\/wp-json\/wp\/v2\/posts\/74599\/revisions"}],"predecessor-version":[{"id":74601,"href":"https:\/\/losperiodistas.com.mx\/portal\/wp-json\/wp\/v2\/posts\/74599\/revisions\/74601"}],"wp:featuredmedia":[{"embeddable":true,"href":"https:\/\/losperiodistas.com.mx\/portal\/wp-json\/wp\/v2\/media\/74600"}],"wp:attachment":[{"href":"https:\/\/losperiodistas.com.mx\/portal\/wp-json\/wp\/v2\/media?parent=74599"}],"wp:term":[{"taxonomy":"category","embeddable":true,"href":"https:\/\/losperiodistas.com.mx\/portal\/wp-json\/wp\/v2\/categories?post=74599"},{"taxonomy":"post_tag","embeddable":true,"href":"https:\/\/losperiodistas.com.mx\/portal\/wp-json\/wp\/v2\/tags?post=74599"}],"curies":[{"name":"wp","href":"https:\/\/api.w.org\/{rel}","templated":true}]}}