{"id":74595,"date":"2024-05-19T12:35:01","date_gmt":"2024-05-19T17:35:01","guid":{"rendered":"https:\/\/losperiodistas.com.mx\/portal\/?p=74595"},"modified":"2024-05-19T12:40:54","modified_gmt":"2024-05-19T17:40:54","slug":"condena-armenta-postura-clasista-de-eduardo-rivera-por-llamar-al-pueblo-morenacos-exige-disculpas-publicas-ljo","status":"publish","type":"post","link":"https:\/\/losperiodistas.com.mx\/portal\/condena-armenta-postura-clasista-de-eduardo-rivera-por-llamar-al-pueblo-morenacos-exige-disculpas-publicas-ljo\/","title":{"rendered":"Condena Armenta postura clasista de Eduardo Rivera por llamar al pueblo \u201cmorenacos\u201d; exige disculpas p\u00fablicas | LJO"},"content":{"rendered":"\n<figure class=\"wp-block-image\"><img decoding=\"async\" src=\"https:\/\/www.lajornadadeoriente.com.mx\/wp-content\/uploads\/2024\/05\/17052024DParmenta-30-696x464.jpg\" alt=\"Condena Armenta postura clasista de Eduardo Rivera por llamar al pueblo \" title=\"Condena Armenta postura clasista de Eduardo Rivera por llamar al pueblo \"\/><\/figure>\n\n\n\n<p class=\"has-vivid-red-color has-text-color has-medium-font-size\"><a href=\"https:\/\/www.facebook.com\/sharer.php?u=https%3A%2F%2Fwww.lajornadadeoriente.com.mx%2Fpuebla%2Fcondena-armenta-postura-clasista-eduardo-rivera-por-llamar-pueblo-morenacos-exige-disculpas-publicas%2F\"><\/a><a href=\"https:\/\/twitter.com\/intent\/tweet?text=Condena+Armenta+postura+clasista+de+Eduardo+Rivera+por+llamar+al+pueblo+%E2%80%9Cmorenacos%E2%80%9D%3B+exige+disculpas+p%C3%BAblicas&amp;url=https%3A%2F%2Fwww.lajornadadeoriente.com.mx%2Fpuebla%2Fcondena-armenta-postura-clasista-eduardo-rivera-por-llamar-pueblo-morenacos-exige-disculpas-publicas%2F&amp;via=La+Jornada+de+Oriente\"><\/a><a href=\"https:\/\/pinterest.com\/pin\/create\/button\/?url=https:\/\/www.lajornadadeoriente.com.mx\/puebla\/condena-armenta-postura-clasista-eduardo-rivera-por-llamar-pueblo-morenacos-exige-disculpas-publicas\/&amp;media=https:\/\/www.lajornadadeoriente.com.mx\/wp-content\/uploads\/2024\/05\/17052024DParmenta-30.jpg&amp;description=Alejandro%20Armenta%20conden%C3%B3%20este%20s%C3%A1bado%20la%20postura%20clasista%20de%20Eduardo%20Rivera,%20quien%20en%20un%20mitin%20llam%C3%B3%20%22morenacos%22%20a%20simpatizantes%20de%20Morena\"><\/a><a href=\"https:\/\/vk.com\/share.php?url=https:\/\/www.lajornadadeoriente.com.mx\/puebla\/condena-armenta-postura-clasista-eduardo-rivera-por-llamar-pueblo-morenacos-exige-disculpas-publicas\/\"><\/a><a href=\"https:\/\/api.whatsapp.com\/send?text=Condena+Armenta+postura+clasista+de+Eduardo+Rivera+por+llamar+al+pueblo+%E2%80%9Cmorenacos%E2%80%9D%3B+exige+disculpas+p%C3%BAblicas%20%0A%0A%20https:\/\/www.lajornadadeoriente.com.mx\/puebla\/condena-armenta-postura-clasista-eduardo-rivera-por-llamar-pueblo-morenacos-exige-disculpas-publicas\/\"><\/a><a href=\"https:\/\/lajornadadeoriente.com.mx\/author\/yadira_llaven\"><strong>Yadira<\/strong><\/a><strong><a href=\"https:\/\/lajornadadeoriente.com.mx\/author\/yadira_llaven\"> Llaven Anzures<\/a> \/ La Jornada de Oriente<\/strong><\/p>\n\n\n\n<p>El&nbsp;<a href=\"https:\/\/x.com\/armentapuebla_\" target=\"_blank\" rel=\"noreferrer noopener\">candidato de Morena a la gubernatura de Puebla<\/a>, Alejandro Armenta Mier, conden\u00f3 este s\u00e1bado la postura clasista y elitista de su opositor el panista Eduardo Rivera P\u00e9rez,&nbsp;<strong>quien en un mitin llam\u00f3 \u201cmorenacos\u201d a los simpatizantes del movimiento fundado por el presidente Andr\u00e9s Manuel L\u00f3pez Obrador<\/strong>.<\/p>\n\n\n\n<p>A trav\u00e9s de redes sociales, el senador con licencia exigi\u00f3 al derechista una disculpa p\u00fablica al pueblo que respalda al partido Morena.<\/p>\n\n\n\n<p><em>\u201cEs condenable la forma tan despectiva como el candidato del PRIAN se refiri\u00f3 a las y los poblanos que no comparten sus ideas\u201d, reproch\u00f3.<\/em><\/p>\n\n\n\n<p>Incluso Armenta record\u00f3 a su contrincante&nbsp;<em>\u201csi aspiras a gobernar se debe de honrar el respeto a todas y todos\u201d<\/em>.<\/p>\n\n\n\n<p class=\"has-cyan-bluish-gray-background-color has-background\"><strong>Te podr\u00eda interesar:&nbsp;<\/strong><a href=\"https:\/\/www.lajornadadeoriente.com.mx\/puebla\/eduardo-rivera-realiza-un-cierre-regional-en-venustiano-carranza-con-ocho-mil-personas\/\" target=\"_blank\" rel=\"noreferrer noopener\">Eduardo Rivera realiza un cierre regional en Venustiano Carranza con 8 mil personas.<\/a><\/p>\n\n\n\n<p>Al respecto, el morenista se\u00f1al\u00f3 que la expresi\u00f3n de Rivera P\u00e9rez evidencia&nbsp;<em>\u201cla verdadera cara del prianismo, que opta por dividir y denosta al pueblo\u201d<\/em>.<\/p>\n\n\n\n<p>Por esta raz\u00f3n,&nbsp;<strong>advirti\u00f3 a los ciudanos que los poblanos no se merecen ese trato indigno, por lo que exigi\u00f3 a Eduardo Rivera \u201cuna disculpa p\u00fablica, es lo m\u00ednimo que le debes a Puebla\u201d<\/strong>.<\/p>\n\n\n\n<p>Durante un mitin pol\u00edtico en el municipio de Xicotepec, el&nbsp;<a href=\"https:\/\/x.com\/eduardorivera01\" target=\"_blank\" rel=\"noreferrer noopener\">panista Rivera P\u00e9rez<\/a>&nbsp;llam\u00f3 \u201cmorenacos\u201d a los seguidores del partido Morena, causando pol\u00e9mica por evidendiar una postura clasista y elitista que fue duramente criticado en redes sociales.<\/p>\n\n\n\n<p>Fuente: <a href=\"https:\/\/www.lajornadadeoriente.com.mx\/puebla\/condena-armenta-postura-clasista-eduardo-rivera-por-llamar-pueblo-morenacos-exige-disculpas-publicas\/\">https:\/\/www.lajornadadeoriente.com.mx\/puebla\/condena-armenta-postura-clasista-eduardo-rivera-por-llamar-pueblo-morenacos-exige-disculpas-publicas\/<\/a><\/p>\n","protected":false},"excerpt":{"rendered":"<p>Yadira Llaven Anzures \/ La Jornada de Oriente El&nbsp;candidato de Morena a la gubernatura de Puebla, Alejandro Armenta Mier, conden\u00f3 [&hellip;]<\/p>\n","protected":false},"author":1,"featured_media":74596,"comment_status":"open","ping_status":"open","sticky":false,"template":"","format":"standard","meta":{"site-sidebar-layout":"default","site-content-layout":"","ast-site-content-layout":"default","site-content-style":"default","site-sidebar-style":"default","ast-global-header-display":"","ast-banner-title-visibility":"","ast-main-header-display":"","ast-hfb-above-header-display":"","ast-hfb-below-header-display":"","ast-hfb-mobile-header-display":"","site-post-title":"","ast-breadcrumbs-content":"","ast-featured-img":"","footer-sml-layout":"","theme-transparent-header-meta":"","adv-header-id-meta":"","stick-header-meta":"","header-above-stick-meta":"","header-main-stick-meta":"","header-below-stick-meta":"","astra-migrate-meta-layouts":"default","ast-page-background-enabled":"default","ast-page-background-meta":{"desktop":{"background-color":"var(--ast-global-color-4)","background-image":"","background-repeat":"repeat","background-position":"center center","background-size":"auto","background-attachment":"scroll","background-type":"","background-media":"","overlay-type":"","overlay-color":"","overlay-opacity":"","overlay-gradient":""},"tablet":{"background-color":"","background-image":"","background-repeat":"repeat","background-position":"center center","background-size":"auto","background-attachment":"scroll","background-type":"","background-media":"","overlay-type":"","overlay-color":"","overlay-opacity":"","overlay-gradient":""},"mobile":{"background-color":"","background-image":"","background-repeat":"repeat","background-position":"center center","background-size":"auto","background-attachment":"scroll","background-type":"","background-media":"","overlay-type":"","overlay-color":"","overlay-opacity":"","overlay-gradient":""}},"ast-content-background-meta":{"desktop":{"background-color":"var(--ast-global-color-5)","background-image":"","background-repeat":"repeat","background-position":"center center","background-size":"auto","background-attachment":"scroll","background-type":"","background-media":"","overlay-type":"","overlay-color":"","overlay-opacity":"","overlay-gradient":""},"tablet":{"background-color":"var(--ast-global-color-5)","background-image":"","background-repeat":"repeat","background-position":"center center","background-size":"auto","background-attachment":"scroll","background-type":"","background-media":"","overlay-type":"","overlay-color":"","overlay-opacity":"","overlay-gradient":""},"mobile":{"background-color":"var(--ast-global-color-5)","background-image":"","background-repeat":"repeat","background-position":"center center","background-size":"auto","background-attachment":"scroll","background-type":"","background-media":"","overlay-type":"","overlay-color":"","overlay-opacity":"","overlay-gradient":""}},"footnotes":""},"categories":[8],"tags":[3642,25161],"class_list":["post-74595","post","type-post","status-publish","format-standard","has-post-thumbnail","hentry","category-noticias","tag-alejandro-armenta","tag-morenacos-2"],"_links":{"self":[{"href":"https:\/\/losperiodistas.com.mx\/portal\/wp-json\/wp\/v2\/posts\/74595","targetHints":{"allow":["GET"]}}],"collection":[{"href":"https:\/\/losperiodistas.com.mx\/portal\/wp-json\/wp\/v2\/posts"}],"about":[{"href":"https:\/\/losperiodistas.com.mx\/portal\/wp-json\/wp\/v2\/types\/post"}],"author":[{"embeddable":true,"href":"https:\/\/losperiodistas.com.mx\/portal\/wp-json\/wp\/v2\/users\/1"}],"replies":[{"embeddable":true,"href":"https:\/\/losperiodistas.com.mx\/portal\/wp-json\/wp\/v2\/comments?post=74595"}],"version-history":[{"count":1,"href":"https:\/\/losperiodistas.com.mx\/portal\/wp-json\/wp\/v2\/posts\/74595\/revisions"}],"predecessor-version":[{"id":74597,"href":"https:\/\/losperiodistas.com.mx\/portal\/wp-json\/wp\/v2\/posts\/74595\/revisions\/74597"}],"wp:featuredmedia":[{"embeddable":true,"href":"https:\/\/losperiodistas.com.mx\/portal\/wp-json\/wp\/v2\/media\/74596"}],"wp:attachment":[{"href":"https:\/\/losperiodistas.com.mx\/portal\/wp-json\/wp\/v2\/media?parent=74595"}],"wp:term":[{"taxonomy":"category","embeddable":true,"href":"https:\/\/losperiodistas.com.mx\/portal\/wp-json\/wp\/v2\/categories?post=74595"},{"taxonomy":"post_tag","embeddable":true,"href":"https:\/\/losperiodistas.com.mx\/portal\/wp-json\/wp\/v2\/tags?post=74595"}],"curies":[{"name":"wp","href":"https:\/\/api.w.org\/{rel}","templated":true}]}}