{"id":74592,"date":"2024-05-19T10:22:34","date_gmt":"2024-05-19T15:22:34","guid":{"rendered":"https:\/\/losperiodistas.com.mx\/portal\/?p=74592"},"modified":"2024-05-19T10:22:36","modified_gmt":"2024-05-19T15:22:36","slug":"siguen-los-trabajos-de-remodelacion-del-area-de-cuneros-de-la-casa-de-la-ninez-poblana-momento-diario","status":"publish","type":"post","link":"https:\/\/losperiodistas.com.mx\/portal\/siguen-los-trabajos-de-remodelacion-del-area-de-cuneros-de-la-casa-de-la-ninez-poblana-momento-diario\/","title":{"rendered":"Siguen los trabajos de remodelaci\u00f3n del \u00e1rea de cuneros de la Casa de la Ni\u00f1ez Poblana | Momento Diario"},"content":{"rendered":"\n<p><\/p>\n\n\n\n<figure class=\"wp-block-image size-large\"><img fetchpriority=\"high\" decoding=\"async\" width=\"1024\" height=\"513\" src=\"https:\/\/losperiodistas.com.mx\/portal\/wp-content\/uploads\/2024\/05\/Captura-de-Pantalla-2024-05-19-a-las-9.19.27-1024x513.jpg\" alt=\"\" class=\"wp-image-74593\" srcset=\"https:\/\/losperiodistas.com.mx\/portal\/wp-content\/uploads\/2024\/05\/Captura-de-Pantalla-2024-05-19-a-las-9.19.27-1024x513.jpg 1024w, https:\/\/losperiodistas.com.mx\/portal\/wp-content\/uploads\/2024\/05\/Captura-de-Pantalla-2024-05-19-a-las-9.19.27-300x150.jpg 300w, https:\/\/losperiodistas.com.mx\/portal\/wp-content\/uploads\/2024\/05\/Captura-de-Pantalla-2024-05-19-a-las-9.19.27-768x385.jpg 768w, https:\/\/losperiodistas.com.mx\/portal\/wp-content\/uploads\/2024\/05\/Captura-de-Pantalla-2024-05-19-a-las-9.19.27-1536x770.jpg 1536w, https:\/\/losperiodistas.com.mx\/portal\/wp-content\/uploads\/2024\/05\/Captura-de-Pantalla-2024-05-19-a-las-9.19.27.jpg 1688w\" sizes=\"(max-width: 1024px) 100vw, 1024px\" \/><\/figure>\n\n\n\n<p class=\"has-vivid-red-color has-text-color has-medium-font-size\"><strong>MOMENTO DIARIO<\/strong><a href=\"https:\/\/www.diariomomento.com\/wp-content\/uploads\/2024\/05\/casa-de-la-3.jpg\"><\/a><\/p>\n\n\n\n<p>La presidenta honoraria del Sistema Estatal para el Desarrollo Integral de la Familia Gaby Bonilla, acompa\u00f1ada de Jes\u00fas Alejandro Cort\u00e9s Carrasco, realizaron un recorrido de supervisi\u00f3n a los trabajos de remodelaci\u00f3n del \u00e1rea de cuneros de la Casa de la Ni\u00f1ez Poblana, porque los peque\u00f1os que se encuentran a resguardo del SEDIF merecen un lugar digno.<\/p>\n\n\n\n<p>Al respecto Gaby Bonilla, se\u00f1al\u00f3 la importancia que tiene el que las peque\u00f1itas y los peque\u00f1itos que llegan a Casa de la Ni\u00f1ez Poblana, tengan un lugar acogedor y digno, por ello la importancia de que las instalaciones se encuentren en perfectas condiciones para este sector vulnerable de nuestra sociedad.<\/p>\n\n\n\n<p>Durante el recorrido en las instalaciones de cuneros, le fueron explicando a detalle los trabajos que se llevan hasta el momento en esta \u00e1rea, as\u00ed como los trabajos que se realizar\u00e1n en la recta final de esta remodelaci\u00f3n.<\/p>\n\n\n\n<p>Por lo que la Presidenta Honoraria del SEDIF, se\u00f1al\u00f3 que de acuerdo a lo proyectado falta muy poco para que, los m\u00e1s peque\u00f1os de nuestra Casa de Asistencia disfruten de este espacio digno y acogedor.<\/p>\n","protected":false},"excerpt":{"rendered":"<p>MOMENTO DIARIO La presidenta honoraria del Sistema Estatal para el Desarrollo Integral de la Familia Gaby Bonilla, acompa\u00f1ada de Jes\u00fas [&hellip;]<\/p>\n","protected":false},"author":1,"featured_media":74593,"comment_status":"open","ping_status":"open","sticky":false,"template":"","format":"standard","meta":{"site-sidebar-layout":"default","site-content-layout":"","ast-site-content-layout":"default","site-content-style":"default","site-sidebar-style":"default","ast-global-header-display":"","ast-banner-title-visibility":"","ast-main-header-display":"","ast-hfb-above-header-display":"","ast-hfb-below-header-display":"","ast-hfb-mobile-header-display":"","site-post-title":"","ast-breadcrumbs-content":"","ast-featured-img":"","footer-sml-layout":"","theme-transparent-header-meta":"","adv-header-id-meta":"","stick-header-meta":"","header-above-stick-meta":"","header-main-stick-meta":"","header-below-stick-meta":"","astra-migrate-meta-layouts":"default","ast-page-background-enabled":"default","ast-page-background-meta":{"desktop":{"background-color":"var(--ast-global-color-4)","background-image":"","background-repeat":"repeat","background-position":"center center","background-size":"auto","background-attachment":"scroll","background-type":"","background-media":"","overlay-type":"","overlay-color":"","overlay-opacity":"","overlay-gradient":""},"tablet":{"background-color":"","background-image":"","background-repeat":"repeat","background-position":"center center","background-size":"auto","background-attachment":"scroll","background-type":"","background-media":"","overlay-type":"","overlay-color":"","overlay-opacity":"","overlay-gradient":""},"mobile":{"background-color":"","background-image":"","background-repeat":"repeat","background-position":"center center","background-size":"auto","background-attachment":"scroll","background-type":"","background-media":"","overlay-type":"","overlay-color":"","overlay-opacity":"","overlay-gradient":""}},"ast-content-background-meta":{"desktop":{"background-color":"var(--ast-global-color-5)","background-image":"","background-repeat":"repeat","background-position":"center center","background-size":"auto","background-attachment":"scroll","background-type":"","background-media":"","overlay-type":"","overlay-color":"","overlay-opacity":"","overlay-gradient":""},"tablet":{"background-color":"var(--ast-global-color-5)","background-image":"","background-repeat":"repeat","background-position":"center center","background-size":"auto","background-attachment":"scroll","background-type":"","background-media":"","overlay-type":"","overlay-color":"","overlay-opacity":"","overlay-gradient":""},"mobile":{"background-color":"var(--ast-global-color-5)","background-image":"","background-repeat":"repeat","background-position":"center center","background-size":"auto","background-attachment":"scroll","background-type":"","background-media":"","overlay-type":"","overlay-color":"","overlay-opacity":"","overlay-gradient":""}},"footnotes":""},"categories":[8],"tags":[25159,19174,18500],"class_list":["post-74592","post","type-post","status-publish","format-standard","has-post-thumbnail","hentry","category-noticias","tag-casa-de-la-ninez-poblana","tag-gaby-bonilla","tag-sedif-puebla"],"_links":{"self":[{"href":"https:\/\/losperiodistas.com.mx\/portal\/wp-json\/wp\/v2\/posts\/74592","targetHints":{"allow":["GET"]}}],"collection":[{"href":"https:\/\/losperiodistas.com.mx\/portal\/wp-json\/wp\/v2\/posts"}],"about":[{"href":"https:\/\/losperiodistas.com.mx\/portal\/wp-json\/wp\/v2\/types\/post"}],"author":[{"embeddable":true,"href":"https:\/\/losperiodistas.com.mx\/portal\/wp-json\/wp\/v2\/users\/1"}],"replies":[{"embeddable":true,"href":"https:\/\/losperiodistas.com.mx\/portal\/wp-json\/wp\/v2\/comments?post=74592"}],"version-history":[{"count":1,"href":"https:\/\/losperiodistas.com.mx\/portal\/wp-json\/wp\/v2\/posts\/74592\/revisions"}],"predecessor-version":[{"id":74594,"href":"https:\/\/losperiodistas.com.mx\/portal\/wp-json\/wp\/v2\/posts\/74592\/revisions\/74594"}],"wp:featuredmedia":[{"embeddable":true,"href":"https:\/\/losperiodistas.com.mx\/portal\/wp-json\/wp\/v2\/media\/74593"}],"wp:attachment":[{"href":"https:\/\/losperiodistas.com.mx\/portal\/wp-json\/wp\/v2\/media?parent=74592"}],"wp:term":[{"taxonomy":"category","embeddable":true,"href":"https:\/\/losperiodistas.com.mx\/portal\/wp-json\/wp\/v2\/categories?post=74592"},{"taxonomy":"post_tag","embeddable":true,"href":"https:\/\/losperiodistas.com.mx\/portal\/wp-json\/wp\/v2\/tags?post=74592"}],"curies":[{"name":"wp","href":"https:\/\/api.w.org\/{rel}","templated":true}]}}