{"id":74589,"date":"2024-05-19T10:14:30","date_gmt":"2024-05-19T15:14:30","guid":{"rendered":"https:\/\/losperiodistas.com.mx\/portal\/?p=74589"},"modified":"2024-05-19T10:14:32","modified_gmt":"2024-05-19T15:14:32","slug":"dia-mundial-de-la-enfermedad-inflamatoria-intestinal-did","status":"publish","type":"post","link":"https:\/\/losperiodistas.com.mx\/portal\/dia-mundial-de-la-enfermedad-inflamatoria-intestinal-did\/","title":{"rendered":"D\u00eda Mundial de la Enfermedad Inflamatoria Intestinal | DID"},"content":{"rendered":"\n<div class=\"wp-block-image\"><figure class=\"alignright size-full is-resized\"><img fetchpriority=\"high\" decoding=\"async\" src=\"https:\/\/losperiodistas.com.mx\/portal\/wp-content\/uploads\/2024\/05\/05-19_dia-mundial-eii.jpeg\" alt=\"\" class=\"wp-image-74590\" width=\"368\" height=\"218\" srcset=\"https:\/\/losperiodistas.com.mx\/portal\/wp-content\/uploads\/2024\/05\/05-19_dia-mundial-eii.jpeg 305w, https:\/\/losperiodistas.com.mx\/portal\/wp-content\/uploads\/2024\/05\/05-19_dia-mundial-eii-300x178.jpeg 300w\" sizes=\"(max-width: 368px) 100vw, 368px\" \/><\/figure><\/div>\n\n\n\n<p><\/p>\n\n\n\n<p class=\"has-vivid-red-color has-text-color has-medium-font-size\"><strong>REDACCI\u00d3N D\u00cdA INTERNACIONAL DE<\/strong><\/p>\n\n\n\n<p><strong>El 19 de mayo se celebra el D\u00eda Mundial de la Enfermedad Inflamatoria Intestinal<\/strong>, que incluye la enfermedad de Crohn y la colitis ulcerosa.<\/p>\n\n\n\n<p><strong>La Enfermedad Inflamatoria Intestinal (EII)&nbsp;<\/strong>son dos enfermedades digestivas cr\u00f3nicas y graves que afectan a unos cinco millones de personas en todo el mundo y que se caracterizan porque cursan con brotes y periodos de remisi\u00f3n.<\/p>\n\n\n\n<p>Se desconoce el origen de la enfermedad aunque se piensa que entran en juego factores inmunitarios, ambientales y gen\u00e9ticos. Su presencia es m\u00e1s frecuente en los pa\u00edses desarrollados.<\/p>\n\n\n\n<h2 class=\"wp-block-heading\" id=\"resTit_1\">Origen del D\u00eda contra las Enfermedades Inflamatorias Intestinales<\/h2>\n\n\n\n<p>La proclamaci\u00f3n de este d\u00eda para concienciar sobre las enfermedades inflamatorias intestinales se hace desde varias organizaciones y asociaciones de pacientes de m\u00e1s de 50 pa\u00edses del mundo, coordinado por la&nbsp;<strong>Federaci\u00f3n Europea de Asociaciones de Crohn y Colitis Ulcerosa (EFCCA).<\/strong><\/p>\n\n\n\n<h2 class=\"wp-block-heading\" id=\"resTit_2\">Eventos para celebrar el D\u00edacontra las Enfermedades Inflamatorias Intestinales 2023<\/h2>\n\n\n\n<p>En 2023, bajo el mismo lema que en 2022,&nbsp;<em><strong>\u00abLa EII no tiene edad\u00bb<\/strong><\/em>&nbsp;se realizar\u00e1n una serie de&nbsp;<a href=\"https:\/\/worldibdday.org\/world-ibd-day-events\/ibd-day-2023#galleries\" target=\"_blank\" rel=\"noreferrer noopener\"><strong>actos para generar conciencia<\/strong><\/a>&nbsp;sobre los desaf\u00edos a los que se enfrentan los pacientes, pedir investigaci\u00f3n y encontrar mejores tratamientos e incluso una cura.<\/p>\n\n\n\n<h2 class=\"wp-block-heading\" id=\"resTit_3\">A\u00f1os anteriores<\/h2>\n\n\n\n<h3 class=\"wp-block-heading\" id=\"resTit_3_1\">A\u00f1o 2022: La EII no tiene edad<\/h3>\n\n\n\n<p>En 2022, muchas asociaciones quieren concienciar sobre la Enfermedad Inflamatoria Intestinal en las personas mayores y reflexionar a cerca de c\u00f3mo se ve afectada su calidad de vida con el pasar de los a\u00f1os.<\/p>\n\n\n\n<h3 class=\"wp-block-heading\" id=\"resTit_3_2\">Actos para 2021<\/h3>\n\n\n\n<p>Para 2021, muchos lugares famosos de todo el mundo se iluminaron de violeta para crear conciencia sobre los desaf\u00edos a los que se enfrentan diariamente los pacientes con EII. Adem\u00e1s las organizaciones y asociaciones de pacientes organizar\u00e1n eventos de apoyo locales destinados a ejercer presi\u00f3n y a sensibilizar a la poblaci\u00f3n.<\/p>\n\n\n\n<h2 class=\"wp-block-heading\" id=\"resTit_4\">\u00bfComo celebrarlo?<\/h2>\n\n\n\n<p>Puedes mostrar tu apoyo con las enfermedades inflamatorias intestinales llevando un lazo morado, que es el color que se usa en la difusi\u00f3n y concienciaci\u00f3n de estas enfermedades.<\/p>\n\n\n\n<p>Fuente: <a href=\"https:\/\/www.diainternacionalde.com\/ficha\/dia-mundial-enfermedad-inflamatoria-intestinal\">https:\/\/www.diainternacionalde.com\/ficha\/dia-mundial-enfermedad-inflamatoria-intestinal<\/a><\/p>\n","protected":false},"excerpt":{"rendered":"<p>REDACCI\u00d3N D\u00cdA INTERNACIONAL DE El 19 de mayo se celebra el D\u00eda Mundial de la Enfermedad Inflamatoria Intestinal, que incluye [&hellip;]<\/p>\n","protected":false},"author":1,"featured_media":74590,"comment_status":"open","ping_status":"open","sticky":false,"template":"","format":"standard","meta":{"site-sidebar-layout":"default","site-content-layout":"","ast-site-content-layout":"default","site-content-style":"default","site-sidebar-style":"default","ast-global-header-display":"","ast-banner-title-visibility":"","ast-main-header-display":"","ast-hfb-above-header-display":"","ast-hfb-below-header-display":"","ast-hfb-mobile-header-display":"","site-post-title":"","ast-breadcrumbs-content":"","ast-featured-img":"","footer-sml-layout":"","theme-transparent-header-meta":"","adv-header-id-meta":"","stick-header-meta":"","header-above-stick-meta":"","header-main-stick-meta":"","header-below-stick-meta":"","astra-migrate-meta-layouts":"default","ast-page-background-enabled":"default","ast-page-background-meta":{"desktop":{"background-color":"var(--ast-global-color-4)","background-image":"","background-repeat":"repeat","background-position":"center center","background-size":"auto","background-attachment":"scroll","background-type":"","background-media":"","overlay-type":"","overlay-color":"","overlay-opacity":"","overlay-gradient":""},"tablet":{"background-color":"","background-image":"","background-repeat":"repeat","background-position":"center center","background-size":"auto","background-attachment":"scroll","background-type":"","background-media":"","overlay-type":"","overlay-color":"","overlay-opacity":"","overlay-gradient":""},"mobile":{"background-color":"","background-image":"","background-repeat":"repeat","background-position":"center center","background-size":"auto","background-attachment":"scroll","background-type":"","background-media":"","overlay-type":"","overlay-color":"","overlay-opacity":"","overlay-gradient":""}},"ast-content-background-meta":{"desktop":{"background-color":"var(--ast-global-color-5)","background-image":"","background-repeat":"repeat","background-position":"center center","background-size":"auto","background-attachment":"scroll","background-type":"","background-media":"","overlay-type":"","overlay-color":"","overlay-opacity":"","overlay-gradient":""},"tablet":{"background-color":"var(--ast-global-color-5)","background-image":"","background-repeat":"repeat","background-position":"center center","background-size":"auto","background-attachment":"scroll","background-type":"","background-media":"","overlay-type":"","overlay-color":"","overlay-opacity":"","overlay-gradient":""},"mobile":{"background-color":"var(--ast-global-color-5)","background-image":"","background-repeat":"repeat","background-position":"center center","background-size":"auto","background-attachment":"scroll","background-type":"","background-media":"","overlay-type":"","overlay-color":"","overlay-opacity":"","overlay-gradient":""}},"footnotes":""},"categories":[8],"tags":[25156,25157,14349],"class_list":["post-74589","post","type-post","status-publish","format-standard","has-post-thumbnail","hentry","category-noticias","tag-colitis-ulcerosa","tag-dia-mundial-de-la-enfermedad-inflamatoria-intestinal","tag-enfermedad-de-crohn"],"_links":{"self":[{"href":"https:\/\/losperiodistas.com.mx\/portal\/wp-json\/wp\/v2\/posts\/74589","targetHints":{"allow":["GET"]}}],"collection":[{"href":"https:\/\/losperiodistas.com.mx\/portal\/wp-json\/wp\/v2\/posts"}],"about":[{"href":"https:\/\/losperiodistas.com.mx\/portal\/wp-json\/wp\/v2\/types\/post"}],"author":[{"embeddable":true,"href":"https:\/\/losperiodistas.com.mx\/portal\/wp-json\/wp\/v2\/users\/1"}],"replies":[{"embeddable":true,"href":"https:\/\/losperiodistas.com.mx\/portal\/wp-json\/wp\/v2\/comments?post=74589"}],"version-history":[{"count":1,"href":"https:\/\/losperiodistas.com.mx\/portal\/wp-json\/wp\/v2\/posts\/74589\/revisions"}],"predecessor-version":[{"id":74591,"href":"https:\/\/losperiodistas.com.mx\/portal\/wp-json\/wp\/v2\/posts\/74589\/revisions\/74591"}],"wp:featuredmedia":[{"embeddable":true,"href":"https:\/\/losperiodistas.com.mx\/portal\/wp-json\/wp\/v2\/media\/74590"}],"wp:attachment":[{"href":"https:\/\/losperiodistas.com.mx\/portal\/wp-json\/wp\/v2\/media?parent=74589"}],"wp:term":[{"taxonomy":"category","embeddable":true,"href":"https:\/\/losperiodistas.com.mx\/portal\/wp-json\/wp\/v2\/categories?post=74589"},{"taxonomy":"post_tag","embeddable":true,"href":"https:\/\/losperiodistas.com.mx\/portal\/wp-json\/wp\/v2\/tags?post=74589"}],"curies":[{"name":"wp","href":"https:\/\/api.w.org\/{rel}","templated":true}]}}