{"id":74586,"date":"2024-05-19T10:01:00","date_gmt":"2024-05-19T15:01:00","guid":{"rendered":"https:\/\/losperiodistas.com.mx\/portal\/?p=74586"},"modified":"2024-05-19T10:01:03","modified_gmt":"2024-05-19T15:01:03","slug":"el-papa-con-el-espiritu-cultivamos-la-esperanza-de-paz-fraternidad-y-justicia-vatican-news","status":"publish","type":"post","link":"https:\/\/losperiodistas.com.mx\/portal\/el-papa-con-el-espiritu-cultivamos-la-esperanza-de-paz-fraternidad-y-justicia-vatican-news\/","title":{"rendered":"El Papa: Con el Esp\u00edritu cultivamos la esperanza de paz, fraternidad y justicia | Vatican News"},"content":{"rendered":"\n<p class=\"has-luminous-vivid-amber-background-color has-background has-medium-font-size\">En la homil\u00eda de la misa de Pentecost\u00e9s, celebrada en la bas\u00edlica vaticana, Francisco invita a llevar el anuncio del Evangelio con fuerza pero sin imposiciones y con amabilidad para que todos sean acogidos. El Esp\u00edritu Santo -explica- nos ayuda en los momentos de lucha a salir fortalecidos y es un \u00abhu\u00e9sped dulce y consolador\u00bb.<\/p>\n\n\n\n<p><\/p>\n\n\n\n<figure class=\"wp-block-embed is-type-video is-provider-youtube wp-block-embed-youtube wp-embed-aspect-16-9 wp-has-aspect-ratio\"><div class=\"wp-block-embed__wrapper\">\n<iframe title=\"19 de mayo de 2024, Santa Misa de Pentecost\u00e9s | Papa Francisco\" width=\"500\" height=\"281\" src=\"https:\/\/www.youtube.com\/embed\/TtvNCf68xO4?feature=oembed\" frameborder=\"0\" allow=\"accelerometer; autoplay; clipboard-write; encrypted-media; gyroscope; picture-in-picture; web-share\" referrerpolicy=\"strict-origin-when-cross-origin\" allowfullscreen><\/iframe>\n<\/div><\/figure>\n\n\n\n<p class=\"has-vivid-red-color has-text-color has-medium-font-size\"><strong>Benedetta Capelli &#8211; Ciudad del Vaticano<\/strong><\/p>\n\n\n\n<p>Fuerte y dulce. Poderoso y amable. Para definir al Esp\u00edritu Santo, en la homil\u00eda de la Misa de Pentecost\u00e9s en la Bas\u00edlica de San Pedro, el Papa Francisco recurre a im\u00e1genes que parecer\u00edan contraponerse y que, en cambio, son expresi\u00f3n de la misma acci\u00f3n que el Esp\u00edritu sopla en nosotros y alimenta la misi\u00f3n de la Iglesia. El \u00abpar\u00e1clito\u00bb que transforma los corazones, tambi\u00e9n nos hace audaces para difundir el mensaje del Evangelio a todos, \u00abno con prepotencia e imposiciones -dice el Papa-, ni con c\u00e1lculos y enga\u00f1os, sino con la energ\u00eda que brota de la fidelidad a la verdad, que el Esp\u00edritu ense\u00f1a.<\/p>\n\n\n\n<p>Por eso no nos rendimos, sino que continuamos hablando de paz a quien quiere la guerra; de perd\u00f3n a quien siembra venganza; de acogida y solidaridad a quien cierra las puertas y levanta barreras; de vida a quien elige la muerte; de respeto a quien le gusta humillar, insultar y descartar; de fidelidad a quien rechaza todo v\u00ednculo y confunde la libertad con un individualismo superficial, opaco y vac\u00edo. Todo ello sin dejarnos atemorizar por las dificultades, ni por las burlas, ni por las oposiciones que, hoy como ayer, no faltan nunca en la vida apost\u00f3lica.<\/p>\n\n\n\n<h2 class=\"wp-block-heading\"><strong>El coraz\u00f3n sanado por el Esp\u00edritu<\/strong><\/h2>\n\n\n\n<p>Francisco se detiene en la fuerza del viento y del fuego, s\u00edmbolos del poder de Dios. Sin ese poder -subraya- nosotros solos nunca podremos derrotar el mal ni vencer los deseos de la carne\u2026<\/p>\n\n\n\n<p><em>&#8230;impureza, idolatr\u00eda, discordia, envidia&#8230; y con el Esp\u00edritu podemos vencer, \u00c9l nos da la fuerza para hacerlo porque entra en nuestro coraz\u00f3n \u201c\u00e1rido, duro y fr\u00edo\u201d, arruinando nuestras relaciones con los dem\u00e1s y dividiendo nuestras comunidades: \u00c9l entra en este coraz\u00f3n y lo cura todo.<\/em><\/p>\n\n\n\n<h2 class=\"wp-block-heading\">El Esp\u00edritu nos unge<\/h2>\n\n\n\n<p>\u00abAl mismo tiempo, la acci\u00f3n del Par\u00e1clito en nosotros -explica el Papa- es tambi\u00e9n amable. Y recurre al ejemplo de una mano callosa y callosa que antes hab\u00eda roturado los surcos de las pasiones, despu\u00e9s, delicadamente, cultiva las peque\u00f1as plantas de las virtudes, las \u201criega\u201d, las \u201csana\u201d, protegi\u00e9ndolas con amor y saboreando despu\u00e9s, \u00abtras el esfuerzo de la batalla contra el mal, la dulzura de la misericordia y de la comuni\u00f3n con Dios\u00bb. El viento y el fuego, por tanto, no destruyen: uno resuena en la casa de los disc\u00edpulos y el otro se posa sobre sus cabezas en forma de peque\u00f1as llamas. Esta es la acci\u00f3n del Esp\u00edritu:<\/p>\n\n\n\n<p>As\u00ed es el Esp\u00edritu: fuerte, que nos da fuerza para vencer, y tambi\u00e9n amable. Hablamos de la unci\u00f3n del Esp\u00edritu, el Esp\u00edritu nos unge, est\u00e1 con nosotros. Como dice una hermosa oraci\u00f3n de la Iglesia primitiva: \u00abQue tu humildad, oh Se\u00f1or, more en m\u00ed, con los frutos de tu amor\u00bb.<\/p>\n\n\n\n<h2 class=\"wp-block-heading\"><strong>Llamada a todos<\/strong><\/h2>\n\n\n\n<p>El soplo del Esp\u00edritu cambia los corazones e infunde audacia. Como los ap\u00f3stoles, dice el Papa, estamos llamados a anunciar el Evangelio, yendo \u00abm\u00e1s all\u00e1 de las barreras \u00e9tnicas y religiosas, para una misi\u00f3n verdaderamente universal\u00bb, con fuerza y dulzura, \u00abcon sabidur\u00eda, delicadeza y gratitud\u00bb.<\/p>\n\n\n\n<p><em>Y al mismo tiempo que lo hacemos con esta fuerza, nuestro anuncio quiere ser amable, acoger a todos -no lo olvidemos: a todos, a todos-; no olvidemos aquella par\u00e1bola de los invitados a la fiesta que no quer\u00edan ir: \u00abVayan a la encrucijada y traigan a todos, a todos, buenos y malos, a todos\u00bb. El Esp\u00edritu nos da la fuerza para salir y llamar a todos, con esa amabilidad&#8230; nos da la amabilidad de acoger a todos.<\/em><\/p>\n\n\n\n<p class=\"has-cyan-bluish-gray-background-color has-background\">LEA TAMBI\u00c9N<a href=\"https:\/\/www.vaticannews.va\/es\/papa\/news\/2024-05\/papa-francisco-regina-caeli-solemnidad-pentecostes.html\">El Papa: Escuchemos la voz del Esp\u00edritu que silencia las habladur\u00edas<\/a><\/p>\n\n\n\n<p class=\"has-cyan-bluish-gray-background-color has-background\"><a href=\"https:\/\/www.vaticannews.va\/es\/papa\/news\/2024-05\/papa-francisco-saludos-regina-caeli-espiritu-dialogo-paz-verona.html\">El Papa: Que el Esp\u00edritu done gestos de di\u00e1logo y abra puertas de paz<\/a><\/p>\n\n\n\n<h2 class=\"wp-block-heading\">Hay necesidad de esperanza<\/h2>\n\n\n\n<p>\u00abTodos nosotros, hermanos y hermanas\u00bb, a\u00f1adi\u00f3 el Papa, \u00abtenemos una gran necesidad de esperanza, que no es optimismo\u00bb, sino \u00abun ancla\u00bb a la que tender con la cuerda de la esperanza.<\/p>\n\n\n\n<p><em>Necesitamos esperanza, necesitamos levantar la mirada hacia horizontes de paz, fraternidad, justicia y solidaridad. \u00c9sta es la \u00fanica forma de vida, no hay otra. Por supuesto, por desgracia, a menudo no parece f\u00e1cil, de hecho a veces es sinuoso y cuesta arriba, el camino, es cierto. Pero sabemos que no estamos solos, tenemos la seguridad de que, con la ayuda del Esp\u00edritu Santo, con sus dones, juntos podemos recorrerlo y hacerlo cada vez m\u00e1s practicable tambi\u00e9n para los dem\u00e1s\u00bb.<\/em><\/p>\n\n\n\n<p>Al final de su homil\u00eda, Francisco exhort\u00f3 a renovar nuestra fe continuando la oraci\u00f3n al Esp\u00edritu:<\/p>\n\n\n\n<p><em>Ven, Esp\u00edritu creador, ilumina nuestras mentes,<\/em><\/p>\n\n\n\n<p><em>llena de tu gracia nuestros corazones, gu\u00eda nuestros pasos,<\/em><\/p>\n\n\n\n<p><em>concede a nuestro mundo tu paz.<\/em><\/p>\n\n\n\n<p>Fuente: <a href=\"https:\/\/www.vaticannews.va\/es\/papa\/news\/2024-05\/papa-francisco-misa-pentecostes-espiritu-santo-fuerza-amabilidad.html\">https:\/\/www.vaticannews.va\/es\/papa\/news\/2024-05\/papa-francisco-misa-pentecostes-espiritu-santo-fuerza-amabilidad.html<\/a><\/p>\n","protected":false},"excerpt":{"rendered":"<p>En la homil\u00eda de la misa de Pentecost\u00e9s, celebrada en la bas\u00edlica vaticana, Francisco invita a llevar el anuncio del [&hellip;]<\/p>\n","protected":false},"author":1,"featured_media":74587,"comment_status":"open","ping_status":"open","sticky":false,"template":"","format":"standard","meta":{"site-sidebar-layout":"default","site-content-layout":"","ast-site-content-layout":"default","site-content-style":"default","site-sidebar-style":"default","ast-global-header-display":"","ast-banner-title-visibility":"","ast-main-header-display":"","ast-hfb-above-header-display":"","ast-hfb-below-header-display":"","ast-hfb-mobile-header-display":"","site-post-title":"","ast-breadcrumbs-content":"","ast-featured-img":"","footer-sml-layout":"","theme-transparent-header-meta":"","adv-header-id-meta":"","stick-header-meta":"","header-above-stick-meta":"","header-main-stick-meta":"","header-below-stick-meta":"","astra-migrate-meta-layouts":"default","ast-page-background-enabled":"default","ast-page-background-meta":{"desktop":{"background-color":"var(--ast-global-color-4)","background-image":"","background-repeat":"repeat","background-position":"center center","background-size":"auto","background-attachment":"scroll","background-type":"","background-media":"","overlay-type":"","overlay-color":"","overlay-opacity":"","overlay-gradient":""},"tablet":{"background-color":"","background-image":"","background-repeat":"repeat","background-position":"center center","background-size":"auto","background-attachment":"scroll","background-type":"","background-media":"","overlay-type":"","overlay-color":"","overlay-opacity":"","overlay-gradient":""},"mobile":{"background-color":"","background-image":"","background-repeat":"repeat","background-position":"center center","background-size":"auto","background-attachment":"scroll","background-type":"","background-media":"","overlay-type":"","overlay-color":"","overlay-opacity":"","overlay-gradient":""}},"ast-content-background-meta":{"desktop":{"background-color":"var(--ast-global-color-5)","background-image":"","background-repeat":"repeat","background-position":"center center","background-size":"auto","background-attachment":"scroll","background-type":"","background-media":"","overlay-type":"","overlay-color":"","overlay-opacity":"","overlay-gradient":""},"tablet":{"background-color":"var(--ast-global-color-5)","background-image":"","background-repeat":"repeat","background-position":"center center","background-size":"auto","background-attachment":"scroll","background-type":"","background-media":"","overlay-type":"","overlay-color":"","overlay-opacity":"","overlay-gradient":""},"mobile":{"background-color":"var(--ast-global-color-5)","background-image":"","background-repeat":"repeat","background-position":"center center","background-size":"auto","background-attachment":"scroll","background-type":"","background-media":"","overlay-type":"","overlay-color":"","overlay-opacity":"","overlay-gradient":""}},"footnotes":""},"categories":[8],"tags":[25155,25154,25153,196],"class_list":["post-74586","post","type-post","status-publish","format-standard","has-post-thumbnail","hentry","category-noticias","tag-esperanza-de-paz","tag-espiritu","tag-misa-de-pentecostes","tag-papa-francisco"],"_links":{"self":[{"href":"https:\/\/losperiodistas.com.mx\/portal\/wp-json\/wp\/v2\/posts\/74586","targetHints":{"allow":["GET"]}}],"collection":[{"href":"https:\/\/losperiodistas.com.mx\/portal\/wp-json\/wp\/v2\/posts"}],"about":[{"href":"https:\/\/losperiodistas.com.mx\/portal\/wp-json\/wp\/v2\/types\/post"}],"author":[{"embeddable":true,"href":"https:\/\/losperiodistas.com.mx\/portal\/wp-json\/wp\/v2\/users\/1"}],"replies":[{"embeddable":true,"href":"https:\/\/losperiodistas.com.mx\/portal\/wp-json\/wp\/v2\/comments?post=74586"}],"version-history":[{"count":1,"href":"https:\/\/losperiodistas.com.mx\/portal\/wp-json\/wp\/v2\/posts\/74586\/revisions"}],"predecessor-version":[{"id":74588,"href":"https:\/\/losperiodistas.com.mx\/portal\/wp-json\/wp\/v2\/posts\/74586\/revisions\/74588"}],"wp:featuredmedia":[{"embeddable":true,"href":"https:\/\/losperiodistas.com.mx\/portal\/wp-json\/wp\/v2\/media\/74587"}],"wp:attachment":[{"href":"https:\/\/losperiodistas.com.mx\/portal\/wp-json\/wp\/v2\/media?parent=74586"}],"wp:term":[{"taxonomy":"category","embeddable":true,"href":"https:\/\/losperiodistas.com.mx\/portal\/wp-json\/wp\/v2\/categories?post=74586"},{"taxonomy":"post_tag","embeddable":true,"href":"https:\/\/losperiodistas.com.mx\/portal\/wp-json\/wp\/v2\/tags?post=74586"}],"curies":[{"name":"wp","href":"https:\/\/api.w.org\/{rel}","templated":true}]}}