{"id":74384,"date":"2024-05-16T17:47:57","date_gmt":"2024-05-16T22:47:57","guid":{"rendered":"http:\/\/losperiodistas.com.mx\/portal\/?p=74384"},"modified":"2024-05-16T17:47:59","modified_gmt":"2024-05-16T22:47:59","slug":"gobierno-de-e-u-a-pide-reclasificar-a-la-marihuana","status":"publish","type":"post","link":"https:\/\/losperiodistas.com.mx\/portal\/gobierno-de-e-u-a-pide-reclasificar-a-la-marihuana\/","title":{"rendered":"Gobierno de E.U.A pide reclasificar a la marihuana"},"content":{"rendered":"\n<p>El gobierno de Estados Unidos\u00a0propuso formalmente este jueves 16 de mayo \u00abreclasificar\u00bb a la marihuana como una droga de bajo riesgo, un cambio hist\u00f3rico que acercar\u00eda la pol\u00edtica federal a la opini\u00f3n p\u00fablica.<\/p>\n\n\n\n<p>\u00ab<strong><em>Nadie deber\u00eda estar en la c\u00e1rcel simplemente por usar o poseer marihuana. Punto\u00bb<\/em><\/strong>, dijo el presidente del pa\u00eds, Joe Biden, en una declaraci\u00f3n en video.<\/p>\n\n\n\n<p>\u00ab<em>Demasiadas vidas han sido alteradas debido a un enfoque equivocado hacia la marihuana y me he comprometido a corregir esos errores\u00bb<\/em>, agreg\u00f3.<\/p>\n\n\n\n<p>La marihuana ha sido clasificada desde 1970 como una droga perteneciente a la Lista I, seg\u00fan la Ley de Sustancias Controladas (CSA, por sus siglas en ingl\u00e9s), junto con la hero\u00edna, el \u00e9xtasis y el LSD, lo que supone que carece de un uso m\u00e9dico aceptado y que tiene un alto potencial de abuso.<\/p>\n\n\n\n<p>La propuesta pide rebajarla a una droga de la Lista III, junto con la ketamina y los analg\u00e9sicos que contienen code\u00edna, con una probabilidad de dependencia de moderada a baja.<\/p>\n\n\n\n<p>La iniciativa para reclasificar el cannabis fue presentada por la administraci\u00f3n Biden a finales de abril y el Departamento de Justicia inici\u00f3 oficialmente el proceso el jueves.<\/p>\n\n\n\n<p>La marihuana seguir\u00e1 siendo una sustancia controlada hasta que se complete el proceso, que incluye un per\u00edodo de consulta p\u00fablica y una posible audiencia ante un juez.<\/p>\n\n\n\n<p>Seg\u00fan un sondeo del Pew Research Center, un 88% de los estadounidenses cree que la marihuana deber\u00eda ser legal para uso m\u00e9dico o recreativo. Solo el 11% dijo que no deber\u00eda ser legal en absoluto.<\/p>\n\n\n\n<p>Fuente: <a href=\"https:\/\/www.dw.com\/es\/gobierno-de-ee-uu-pidi%C3%B3-reclasificar-a-la-marihuana\/a-69105007\" target=\"_blank\" rel=\"noreferrer noopener\">DW<\/a><\/p>\n","protected":false},"excerpt":{"rendered":"<p>La administraci\u00f3n de Joe Biden pidi\u00f3 formalmente rebajar la marihuana a una droga de bajo riesgo. Actualmente, la marihuana integra una lista con la hero\u00edna, el \u00e9xtasis y el LSD.<\/p>\n","protected":false},"author":1,"featured_media":74385,"comment_status":"open","ping_status":"open","sticky":false,"template":"","format":"standard","meta":{"site-sidebar-layout":"default","site-content-layout":"","ast-site-content-layout":"default","site-content-style":"default","site-sidebar-style":"default","ast-global-header-display":"","ast-banner-title-visibility":"","ast-main-header-display":"","ast-hfb-above-header-display":"","ast-hfb-below-header-display":"","ast-hfb-mobile-header-display":"","site-post-title":"","ast-breadcrumbs-content":"","ast-featured-img":"","footer-sml-layout":"","theme-transparent-header-meta":"","adv-header-id-meta":"","stick-header-meta":"","header-above-stick-meta":"","header-main-stick-meta":"","header-below-stick-meta":"","astra-migrate-meta-layouts":"default","ast-page-background-enabled":"default","ast-page-background-meta":{"desktop":{"background-color":"var(--ast-global-color-4)","background-image":"","background-repeat":"repeat","background-position":"center center","background-size":"auto","background-attachment":"scroll","background-type":"","background-media":"","overlay-type":"","overlay-color":"","overlay-opacity":"","overlay-gradient":""},"tablet":{"background-color":"","background-image":"","background-repeat":"repeat","background-position":"center center","background-size":"auto","background-attachment":"scroll","background-type":"","background-media":"","overlay-type":"","overlay-color":"","overlay-opacity":"","overlay-gradient":""},"mobile":{"background-color":"","background-image":"","background-repeat":"repeat","background-position":"center center","background-size":"auto","background-attachment":"scroll","background-type":"","background-media":"","overlay-type":"","overlay-color":"","overlay-opacity":"","overlay-gradient":""}},"ast-content-background-meta":{"desktop":{"background-color":"var(--ast-global-color-5)","background-image":"","background-repeat":"repeat","background-position":"center center","background-size":"auto","background-attachment":"scroll","background-type":"","background-media":"","overlay-type":"","overlay-color":"","overlay-opacity":"","overlay-gradient":""},"tablet":{"background-color":"var(--ast-global-color-5)","background-image":"","background-repeat":"repeat","background-position":"center center","background-size":"auto","background-attachment":"scroll","background-type":"","background-media":"","overlay-type":"","overlay-color":"","overlay-opacity":"","overlay-gradient":""},"mobile":{"background-color":"var(--ast-global-color-5)","background-image":"","background-repeat":"repeat","background-position":"center center","background-size":"auto","background-attachment":"scroll","background-type":"","background-media":"","overlay-type":"","overlay-color":"","overlay-opacity":"","overlay-gradient":""}},"footnotes":""},"categories":[8],"tags":[9633,25065,696,15429,828],"class_list":["post-74384","post","type-post","status-publish","format-standard","has-post-thumbnail","hentry","category-noticias","tag-cannabis","tag-eua","tag-joe-biden","tag-legalizacion-de-la-marihuana","tag-marihuana"],"_links":{"self":[{"href":"https:\/\/losperiodistas.com.mx\/portal\/wp-json\/wp\/v2\/posts\/74384","targetHints":{"allow":["GET"]}}],"collection":[{"href":"https:\/\/losperiodistas.com.mx\/portal\/wp-json\/wp\/v2\/posts"}],"about":[{"href":"https:\/\/losperiodistas.com.mx\/portal\/wp-json\/wp\/v2\/types\/post"}],"author":[{"embeddable":true,"href":"https:\/\/losperiodistas.com.mx\/portal\/wp-json\/wp\/v2\/users\/1"}],"replies":[{"embeddable":true,"href":"https:\/\/losperiodistas.com.mx\/portal\/wp-json\/wp\/v2\/comments?post=74384"}],"version-history":[{"count":1,"href":"https:\/\/losperiodistas.com.mx\/portal\/wp-json\/wp\/v2\/posts\/74384\/revisions"}],"predecessor-version":[{"id":74386,"href":"https:\/\/losperiodistas.com.mx\/portal\/wp-json\/wp\/v2\/posts\/74384\/revisions\/74386"}],"wp:featuredmedia":[{"embeddable":true,"href":"https:\/\/losperiodistas.com.mx\/portal\/wp-json\/wp\/v2\/media\/74385"}],"wp:attachment":[{"href":"https:\/\/losperiodistas.com.mx\/portal\/wp-json\/wp\/v2\/media?parent=74384"}],"wp:term":[{"taxonomy":"category","embeddable":true,"href":"https:\/\/losperiodistas.com.mx\/portal\/wp-json\/wp\/v2\/categories?post=74384"},{"taxonomy":"post_tag","embeddable":true,"href":"https:\/\/losperiodistas.com.mx\/portal\/wp-json\/wp\/v2\/tags?post=74384"}],"curies":[{"name":"wp","href":"https:\/\/api.w.org\/{rel}","templated":true}]}}