{"id":74348,"date":"2024-05-16T09:23:44","date_gmt":"2024-05-16T14:23:44","guid":{"rendered":"https:\/\/losperiodistas.com.mx\/portal\/?p=74348"},"modified":"2024-05-16T09:23:46","modified_gmt":"2024-05-16T14:23:46","slug":"hoy-celebramos-el-dia-internacional-de-la-tauromaquia-la-razon","status":"publish","type":"post","link":"https:\/\/losperiodistas.com.mx\/portal\/hoy-celebramos-el-dia-internacional-de-la-tauromaquia-la-razon\/","title":{"rendered":"Hoy celebramos el D\u00eda Internacional de la Tauromaquia | La Raz\u00f3n"},"content":{"rendered":"\n<h2 class=\"has-medium-font-size wp-block-heading\">La m\u00fasica, el cine, el teatro o los libros ya disfrutaban de su especial celebraci\u00f3n anual. Los toros, no<\/h2>\n\n\n\n<figure class=\"wp-block-image\"><img decoding=\"async\" src=\"https:\/\/fotografias.larazon.es\/clipping\/cmsimages01\/2024\/05\/11\/AD4CC8E9-757D-469A-9D5F-FAC46CA6BFA1\/toros-cultura-que-une_98.jpg?crop=1328,747,x137,y0&amp;width=1900&amp;height=1069&amp;optimize=low&amp;format=webply\" alt=\"Los toros, cultura que une\"\/><figcaption><strong>Los toros, cultura que une<\/strong> David JaramilloLa Raz\u00f3n<\/figcaption><\/figure>\n\n\n\n<ul class=\"wp-block-list\"><li><a href=\"https:\/\/www.larazon.es\/autor\/fernando-goma\/\">FERNANDO GOM\u00c1<\/a>  \/ La Raz\u00f3n<\/li><\/ul>\n\n\n\n<p>Hoy,&nbsp;<a href=\"https:\/\/www.larazon.es\/cultura\/toros\/esta-fecha-cualquiera-dia-internacional-tauromaquia_2024031365f19904ab79d800019e685a.html\" target=\"_blank\" rel=\"noreferrer noopener\">16 de mayo<\/a>, los taurinos de todo el mundo, aficionados y profesionales, nos felicitamos mutuamente, porque es nuestro d\u00eda anual conmemorativo.<\/p>\n\n\n\n<h2 class=\"wp-block-heading\">M\u00c1S NOTICIAS<\/h2>\n\n\n\n<ul class=\"wp-block-list\"><li><a href=\"https:\/\/www.larazon.es\/cultura\/toros\/fundacion-toro-lidia-reconocida-medalla-madrid_202405166645b7ecc33d0d0001cbe78c.html\">San IsidroLa Fundaci\u00f3n Toro de Lidia, reconocida con la Medalla de Madrid<\/a><\/li><li><a href=\"https:\/\/www.larazon.es\/cultura\/toros\/san-isidro-que-lanzo-chicuelo_202405166645a1b18e8c660001860c23.html\">Efem\u00e9ridesEl San Isidro que lanz\u00f3 a Chicuelo II<\/a><\/li><li><a href=\"https:\/\/www.larazon.es\/cultura\/toros\/triunfar-madrid-vivir-siempre_202405166645a1af8e8c660001860c15.html\">Feria de San IsidroTriunfar en Madrid es vivir para siempre<\/a><\/li><\/ul>\n\n\n\n<p>La tauromaquia es una expresi\u00f3n cultural de primer nivel<strong>&nbsp;con manifestaciones muy variadas, que incluyen, por supuesto, al toreo en la plaza, y tambi\u00e9n al toro en la calle,&nbsp;<\/strong>al festejo popular. Pero no ten\u00eda un d\u00eda dedicado a ella.<\/p>\n\n\n\n<p>La m\u00fasica, el cine, el teatro o los libros ya disfrutaban de su especial celebraci\u00f3n anual. Los toros, no. Por eso, el a\u00f1o pasado la&nbsp;<a href=\"https:\/\/www.larazon.es\/cultura\/toros\/fundacion-toro-lidia-propone-creacion-dia-internacional-tauromaquia_2024011265a187accf867300018e589a.html\" target=\"_blank\" rel=\"noreferrer noopener\">Fundaci\u00f3n Toro de Lidia<\/a>&nbsp;adopt\u00f3 la iniciativa de impulsar el proceso para designarlo, y la elecci\u00f3n final no pudo ser m\u00e1s acertada: el&nbsp;<a href=\"https:\/\/www.larazon.es\/cultura\/toros\/esta-fecha-cualquiera-dia-internacional-tauromaquia_2024031365f19904ab79d800019e685a.html\" target=\"_blank\" rel=\"noreferrer noopener\">16 de mayo<\/a>,<strong>&nbsp;d\u00eda del fallecimiento en 1920 de Joselito el Gallo, el Rey de los toreros, en Talavera.<\/strong><\/p>\n\n\n\n<p>Joselito es mucho m\u00e1s que un torero: representa la excelencia dentro y fuera del ruedo. Tuvo la capacidad y la voluntad de cambiar la Fiesta para siempre y, a pesar de su temprana muerte, lo consigui\u00f3. Su figura, que no deja de agigantarse con el paso de las d\u00e9cadas,<strong>&nbsp;es un s\u00edmbolo perfecto de los valores que proyecta la tauromaquia a la sociedad.<\/strong><\/p>\n\n\n\n<p>Es un d\u00eda de gozosa celebraci\u00f3n, de sentirnos felices por haber tenido la suerte de que nuestras vidas est\u00e9n atravesadas por una cultura tan profunda, tan emocionante, tan poderosa y tan radical como es la cultura del toro.<strong>&nbsp;Y m\u00e1s felices por el hecho de que esa vivencia no pueda ser solitaria, sino en comunidad.&nbsp;<\/strong>Las emociones taurinas, sean alegr\u00edas, penas, miedos o \u00e9xtasis, son imposibles si no se viven con gente, mucha gente alrededor, porque necesitan ser compartidas.<\/p>\n\n\n\n<p>Hoy es el primer&nbsp;<a href=\"https:\/\/www.larazon.es\/cultura\/toros\/esta-fecha-cualquiera-dia-internacional-tauromaquia_2024031365f19904ab79d800019e685a.html\" target=\"_blank\" rel=\"noreferrer noopener\">D\u00eda de la Tauromaquia<\/a>, preludio de incontables repeticiones del mismo, mal que le pese a pol\u00edticos ef\u00edmeros e irrelevantes.<\/p>\n\n\n\n<p>Much\u00edsimas felicidades, y<strong>&nbsp;\u00a1viva la Fiesta de los Toros!<\/strong><\/p>\n","protected":false},"excerpt":{"rendered":"<p>La m\u00fasica, el cine, el teatro o los libros ya disfrutaban de su especial celebraci\u00f3n anual. Los toros, no FERNANDO [&hellip;]<\/p>\n","protected":false},"author":1,"featured_media":74349,"comment_status":"open","ping_status":"open","sticky":false,"template":"","format":"standard","meta":{"site-sidebar-layout":"default","site-content-layout":"","ast-site-content-layout":"default","site-content-style":"default","site-sidebar-style":"default","ast-global-header-display":"","ast-banner-title-visibility":"","ast-main-header-display":"","ast-hfb-above-header-display":"","ast-hfb-below-header-display":"","ast-hfb-mobile-header-display":"","site-post-title":"","ast-breadcrumbs-content":"","ast-featured-img":"","footer-sml-layout":"","theme-transparent-header-meta":"","adv-header-id-meta":"","stick-header-meta":"","header-above-stick-meta":"","header-main-stick-meta":"","header-below-stick-meta":"","astra-migrate-meta-layouts":"default","ast-page-background-enabled":"default","ast-page-background-meta":{"desktop":{"background-color":"var(--ast-global-color-4)","background-image":"","background-repeat":"repeat","background-position":"center center","background-size":"auto","background-attachment":"scroll","background-type":"","background-media":"","overlay-type":"","overlay-color":"","overlay-opacity":"","overlay-gradient":""},"tablet":{"background-color":"","background-image":"","background-repeat":"repeat","background-position":"center center","background-size":"auto","background-attachment":"scroll","background-type":"","background-media":"","overlay-type":"","overlay-color":"","overlay-opacity":"","overlay-gradient":""},"mobile":{"background-color":"","background-image":"","background-repeat":"repeat","background-position":"center center","background-size":"auto","background-attachment":"scroll","background-type":"","background-media":"","overlay-type":"","overlay-color":"","overlay-opacity":"","overlay-gradient":""}},"ast-content-background-meta":{"desktop":{"background-color":"var(--ast-global-color-5)","background-image":"","background-repeat":"repeat","background-position":"center center","background-size":"auto","background-attachment":"scroll","background-type":"","background-media":"","overlay-type":"","overlay-color":"","overlay-opacity":"","overlay-gradient":""},"tablet":{"background-color":"var(--ast-global-color-5)","background-image":"","background-repeat":"repeat","background-position":"center center","background-size":"auto","background-attachment":"scroll","background-type":"","background-media":"","overlay-type":"","overlay-color":"","overlay-opacity":"","overlay-gradient":""},"mobile":{"background-color":"var(--ast-global-color-5)","background-image":"","background-repeat":"repeat","background-position":"center center","background-size":"auto","background-attachment":"scroll","background-type":"","background-media":"","overlay-type":"","overlay-color":"","overlay-opacity":"","overlay-gradient":""}},"footnotes":""},"categories":[8],"tags":[25046,21107],"class_list":["post-74348","post","type-post","status-publish","format-standard","has-post-thumbnail","hentry","category-noticias","tag-dia-internacional-de-la-tauromaquia","tag-fundacion-toro-de-lidia"],"_links":{"self":[{"href":"https:\/\/losperiodistas.com.mx\/portal\/wp-json\/wp\/v2\/posts\/74348","targetHints":{"allow":["GET"]}}],"collection":[{"href":"https:\/\/losperiodistas.com.mx\/portal\/wp-json\/wp\/v2\/posts"}],"about":[{"href":"https:\/\/losperiodistas.com.mx\/portal\/wp-json\/wp\/v2\/types\/post"}],"author":[{"embeddable":true,"href":"https:\/\/losperiodistas.com.mx\/portal\/wp-json\/wp\/v2\/users\/1"}],"replies":[{"embeddable":true,"href":"https:\/\/losperiodistas.com.mx\/portal\/wp-json\/wp\/v2\/comments?post=74348"}],"version-history":[{"count":1,"href":"https:\/\/losperiodistas.com.mx\/portal\/wp-json\/wp\/v2\/posts\/74348\/revisions"}],"predecessor-version":[{"id":74350,"href":"https:\/\/losperiodistas.com.mx\/portal\/wp-json\/wp\/v2\/posts\/74348\/revisions\/74350"}],"wp:featuredmedia":[{"embeddable":true,"href":"https:\/\/losperiodistas.com.mx\/portal\/wp-json\/wp\/v2\/media\/74349"}],"wp:attachment":[{"href":"https:\/\/losperiodistas.com.mx\/portal\/wp-json\/wp\/v2\/media?parent=74348"}],"wp:term":[{"taxonomy":"category","embeddable":true,"href":"https:\/\/losperiodistas.com.mx\/portal\/wp-json\/wp\/v2\/categories?post=74348"},{"taxonomy":"post_tag","embeddable":true,"href":"https:\/\/losperiodistas.com.mx\/portal\/wp-json\/wp\/v2\/tags?post=74348"}],"curies":[{"name":"wp","href":"https:\/\/api.w.org\/{rel}","templated":true}]}}