{"id":74342,"date":"2024-05-16T08:43:46","date_gmt":"2024-05-16T13:43:46","guid":{"rendered":"https:\/\/losperiodistas.com.mx\/portal\/?p=74342"},"modified":"2024-05-16T08:43:48","modified_gmt":"2024-05-16T13:43:48","slug":"el-triunfo-de-pepe-chedraui-es-incierto-en-el-municipio-de-puebla-cortes-moreno-e-consulta","status":"publish","type":"post","link":"https:\/\/losperiodistas.com.mx\/portal\/el-triunfo-de-pepe-chedraui-es-incierto-en-el-municipio-de-puebla-cortes-moreno-e-consulta\/","title":{"rendered":"El triunfo de Pepe Chedraui es incierto en el municipio de Puebla: Cort\u00e9s Moreno | e-consulta"},"content":{"rendered":"\n<p class=\"has-medium-font-size\">El acad\u00e9mico y encuestador realiz\u00f3 un sondeo en el que Morena gana la preferencia, pero existen factores de miedo y odio que podr\u00edan modificar las tendencias<\/p>\n\n\n\n<figure class=\"wp-block-image\"><img decoding=\"async\" src=\"https:\/\/www.e-consulta.com\/_next\/image?url=https%3A%2F%2Ffotos.e-consulta.com%2Fel_triunfo_de_pepe_chedraui_es_incierto_en_el_municipio_de_puebla_cortes_moreno.jpg&amp;w=1920&amp;q=75\" alt=\"El triunfo de Pepe Chedraui es incierto en el municipio de Puebla: Cort\u00e9s Moreno\"\/><figcaption>Foto: e-consulta<\/figcaption><\/figure>\n\n\n\n<p class=\"has-vivid-red-color has-text-color\"><br><a href=\"https:\/\/www.facebook.com\/sharer\/sharer.php?u=https:\/\/www.e-consulta.com\/nota\/2024-05-15\/politica\/el-triunfo-de-pepe-chedraui-es-incierto-en-el-municipio-de-puebla-cortes\" target=\"_blank\" rel=\"noreferrer noopener\"><\/a><a href=\"https:\/\/twitter.com\/intent\/tweet?text=El%20triunfo%20de%20Pepe%20Chedraui%20es%20incierto%20en%20el%20municipio%20de%20Puebla%3A%20Cort%C3%A9s%20Moreno&amp;url=https:\/\/www.e-consulta.com\/nota\/2024-05-15\/politica\/el-triunfo-de-pepe-chedraui-es-incierto-en-el-municipio-de-puebla-cortes&amp;via=e_consulta\" target=\"_blank\" rel=\"noreferrer noopener\"><\/a><a href=\"whatsapp:\/\/send?text=El%20triunfo%20de%20Pepe%20Chedraui%20es%20incierto%20en%20el%20municipio%20de%20Puebla%3A%20Cort%C3%A9s%20Moreno%20-%20[Leer]%20https:\/\/www.e-consulta.com\/nota\/2024-05-15\/politica\/el-triunfo-de-pepe-chedraui-es-incierto-en-el-municipio-de-puebla-cortes\"><\/a><a href=\"\/\/www.e-consulta.com\/nota\/2024-05-15\/politica\/el-triunfo-de-pepe-chedraui-es-incierto-en-el-municipio-de-puebla-cortes\" target=\"_blank\" rel=\"noreferrer noopener\"><\/a><strong><a href=\"https:\/\/www.e-consulta.com\/autor\/Daniel%20Sandoval\">DANIEL SANDOVAL<\/a> \/ e-consulta<\/strong><\/p>\n\n\n\n<p><\/p>\n\n\n\n<p>La&nbsp;<strong>Presidencia de la Rep\u00fablica&nbsp;<\/strong>y la&nbsp;<strong>gubernatura de Puebla&nbsp;<\/strong>ser\u00e1n&nbsp;<strong>ganadas por Morena<\/strong>&nbsp;en las&nbsp;<strong>elecciones del 2 de junio<\/strong>, pero en la capital poblana hay incertidumbre, afirm\u00f3 el doctor&nbsp;<strong>Jorge David Cort\u00e9s Moreno<\/strong>, director del&nbsp;<strong>Centro de An\u00e1lisis, Opini\u00f3n P\u00fablica y Mercadotecnia (CENAN)<\/strong>&nbsp;pese a que en un estudio demosc\u00f3pico realizado por su empresa le dio al candidato morenista a la alcald\u00eda poblana una&nbsp;<strong>ventaja de 11 puntos&nbsp;<\/strong>sobre el panista&nbsp;<strong>Mario Riestra<\/strong>.<\/p>\n\n\n\n<p>En entrevista en el programa\u00a0<a href=\"https:\/\/www.youtube.com\/watch?v=kXmzPJXKR0g\" target=\"_blank\" rel=\"noreferrer noopener\"><strong>Cuchara Cuchillo Tenedor<\/strong>,\u00a0<\/a>el tambi\u00e9n exvicerrector de la BUAP asegur\u00f3 que en Puebla existen condiciones especiales por la composici\u00f3n social, as\u00ed como\u00a0<strong>factores de miedo y odio<\/strong>\u00a0que podr\u00edan modificar las tendencias que actualmente existen.<\/p>\n\n\n\n<figure class=\"wp-block-embed is-type-rich is-provider-twitter wp-block-embed-twitter\"><div class=\"wp-block-embed__wrapper\">\n<blockquote class=\"twitter-tweet\" data-width=\"500\" data-dnt=\"true\"><p lang=\"es\" dir=\"ltr\">\ud83d\udca5 \u00a1Los datos hablan! El 2 de junio Claudia Sheibaum gana, Alejandro Armenta tambi\u00e9n, pero Pepe Chedraui a\u00fan est\u00e1 en vilo, afirma Jorge David Cort\u00e9s, director del Centro de An\u00e1lisis, Opini\u00f3n P\u00fabica y Mercadotecnia (CENAN).<a href=\"https:\/\/twitter.com\/Claudiashein?ref_src=twsrc%5Etfw\">@Claudiashein<\/a> <a href=\"https:\/\/twitter.com\/armentapuebla_?ref_src=twsrc%5Etfw\">@armentapuebla_<\/a>  <a href=\"https:\/\/twitter.com\/pepechedrauimx?ref_src=twsrc%5Etfw\">@pepechedrauimx<\/a>\u2026 <a href=\"https:\/\/t.co\/YLnRePqQ2b\">pic.twitter.com\/YLnRePqQ2b<\/a><\/p>&mdash; Peri\u00f3dico e-consulta (@e_consulta) <a href=\"https:\/\/twitter.com\/e_consulta\/status\/1790937324466917762?ref_src=twsrc%5Etfw\">May 16, 2024<\/a><\/blockquote><script async src=\"https:\/\/platform.twitter.com\/widgets.js\" charset=\"utf-8\"><\/script>\n<\/div><\/figure>\n\n\n\n<p>Explic\u00f3 que a su consideraci\u00f3n, la capital de&nbsp;<strong>Puebla es una ciudad diversa y compleja<\/strong>, donde conviven tendencias ideol\u00f3gicas, tanto conservadoras como liberales, as\u00ed como grupos que en otras coyunturas se han apostado por candidatos de oposici\u00f3n, lo que&nbsp;<strong>hace complejo asegurar un resultado a favor de Morena<\/strong>&nbsp;en la contienda por la alcald\u00eda.<\/p>\n\n\n\n<p>Te puede interesar:<\/p>\n\n\n\n<p><a href=\"https:\/\/www.e-consulta.com\/nota\/2024-04-17\/elecciones\/pepe-chedraui-no-acudira-debate-afirma-que-lo-organizo-mario-riestra\">Pepe Chedraui no acudir\u00e1 a debate; afirma que lo organiz\u00f3 Mario Riestra<\/a><\/p>\n\n\n\n<p>\u201cEn t\u00e9rminos de posible resultado, que es lo que hicimos en ese momento, gana Chedraui, pero ustedes lo saben, Puebla es una ciudad diversa, cr\u00edtica. (\u2026) Aunque en el resultado en el momento hay una ventaja importante con Pepe, hay todav\u00eda mucho tiempo,&nbsp;<strong>la gente no se decide, incluso hasta ahora no se ve un panorama seguro<\/strong>\u201d, indic\u00f3.<\/p>\n\n\n\n<p>A la par, el acad\u00e9mico con Postdoctorado por la\u00a0<strong>Universidad de Nuevo M\u00e9xico<\/strong>\u00a0en Administraci\u00f3n, Educaci\u00f3n, Pol\u00edticas P\u00fablicas y Gobierno, as\u00ed como maestro en Comunicaci\u00f3n Pol\u00edtica, dijo que la\u00a0<strong>simpat\u00eda o la aberraci\u00f3n<\/strong>\u00a0por\u00a0<strong>Pepe Chedraui\u00a0<\/strong>o\u00a0<strong>Mario Riestra<\/strong>, podr\u00eda influir en el sentido de los votos de las personas, pues es conocido que la gente vota en funci\u00f3n de sus intereses.<\/p>\n\n\n\n<figure class=\"wp-block-embed is-type-video is-provider-youtube wp-block-embed-youtube wp-embed-aspect-16-9 wp-has-aspect-ratio\"><div class=\"wp-block-embed__wrapper\">\n<iframe title=\"Jorge David Cort\u00e9s en Cuchara Cuchillo Tenedor\" width=\"500\" height=\"281\" src=\"https:\/\/www.youtube.com\/embed\/kXmzPJXKR0g?feature=oembed\" frameborder=\"0\" allow=\"accelerometer; autoplay; clipboard-write; encrypted-media; gyroscope; picture-in-picture; web-share\" referrerpolicy=\"strict-origin-when-cross-origin\" allowfullscreen><\/iframe>\n<\/div><\/figure>\n\n\n\n<p><\/p>\n\n\n\n<p>Agreg\u00f3 que habr\u00eda que tomar en consideraci\u00f3n que&nbsp;<strong>la gente no s\u00f3lo vota a partir de alg\u00fan instinto racional<\/strong>, sino que el peso de sus emociones, simpat\u00edas, rechazo u odio por un candidato lo que podr\u00eda influir en el momento de dar su sufragio.<\/p>\n\n\n\n<p>Te puede interesar:<\/p>\n\n\n\n<p><a href=\"https:\/\/www.e-consulta.com\/nota\/2024-04-17\/elecciones\/en-5-encuestas-jose-chedraui-se-ubica-dos-digitos-por-encima-de-riestra\">En 5 encuestas, Jos\u00e9 Chedraui se ubica dos d\u00edgitos por encima de Riestra<\/a><\/p>\n\n\n\n<p>\u201cCon base en an\u00e1lisis y estudios relacionados a las campa\u00f1as, cuando le preguntan a la gente antes, durante y despu\u00e9s sobre sus razones de voto, por qu\u00e9 decidi\u00f3, en algunas ocasiones&nbsp;<strong>no son aspectos racionales, sino muy emocionales<\/strong>, y cuando nos adentramos en lo emocional vemos dos aspectos que salen a relucir: el miedo y el odio\u201d, se\u00f1al\u00f3.<\/p>\n\n\n\n<figure class=\"wp-block-image\"><img decoding=\"async\" src=\"https:\/\/www.e-consulta.com\/_next\/image?url=https%3A%2F%2Ffotos.e-consulta.com%2Fsite_uploads%2F2024%2FMayo%2Fwhatsapp_image_2024-05-15_at_2.27.49_pm.jpeg&amp;w=3840&amp;q=75\" alt=\"El triunfo de Pepe Chedraui es incierto en el municipio de Puebla: Cort\u00e9s Moreno\"\/><\/figure>\n\n\n\n<p>Finalmente, el catedr\u00e1tico lament\u00f3 que, hasta el momento, ning\u00fan candidato a alg\u00fan cargo en Puebla, como por ejemplo a la gubernatura, ha detallado&nbsp;<strong>alguna agenda cultural o pol\u00edticas encaminadas al fomento de la lectura<\/strong>, por ejemplo, por lo que espera que m\u00e1s adelante se pueda dar a conocer algo de este tipo.<\/p>\n\n\n\n<p>El CENAN realiz\u00f3 una encuesta con una muestra de 780 entrevistas cara a cara en 156 secciones electorales del municipio de Puebla entre el 12 y el 15 de abril, la cual arroj\u00f3 una\u00a0<strong>intenci\u00f3n de voto para Pepe Chedraui<\/strong>\u00a0del 52.7% y\u00a0<strong>para Mario Riestra<\/strong>\u00a0de 41.4%.<\/p>\n\n\n\n<p>La misma empresa midi\u00f3 la preferencia electoral en el municipio de Puebla de los candidatos a la gubernatura del estado,&nbsp;<strong>Alejandro Armenta<\/strong>&nbsp;obtuvo el 50.1% de las preferencias y&nbsp;<strong>Eduardo Rivera<\/strong>&nbsp;el 44.3% y Fernando Morales el 5.5%.<\/p>\n\n\n\n<p>Por otra parte, afirm\u00f3 que en Puebla no hay condiciones para que partido gan\u00e9 todo o todos los cargos de elecciones popular.&nbsp;<strong>El carro completo ya es un mito<\/strong>, agreg\u00f3 Jorge David Cort\u00e9s Moreno.<\/p>\n\n\n\n<p>A pregunta expresa sobre qu\u00e9 empresas encuestadoras son confiables, el director de CENAN apunt\u00f3 que para \u00e9l los estudios de&nbsp;<strong>Parametr\u00eda&nbsp;<\/strong>son serios lo mismo que los de&nbsp;<strong>Consulta Mitofsky<\/strong>, no as\u00ed los de&nbsp;<strong>Massive Caller<\/strong>. Respecto a la firma M\u00e9xico Elige prefiri\u00f3 no opinar debido a que no conoce su trabajo. (CR)<\/p>\n\n\n\n<figure class=\"wp-block-image\"><img decoding=\"async\" src=\"https:\/\/www.e-consulta.com\/_next\/image?url=https%3A%2F%2Ffotos.e-consulta.com%2Fsite_uploads%2F2024%2FMayo%2Fwhatsapp_image_2024-05-15_at_2.28.35_pm_1.jpeg&amp;w=3840&amp;q=75\" alt=\"El triunfo de Pepe Chedraui es incierto en el municipio de Puebla: Cort\u00e9s Moreno\"\/><\/figure>\n\n\n\n<p>Fuente: <a href=\"https:\/\/www.e-consulta.com\/nota\/2024-05-15\/politica\/el-triunfo-de-pepe-chedraui-es-incierto-en-el-municipio-de-puebla-cortes\">https:\/\/www.e-consulta.com\/nota\/2024-05-15\/politica\/el-triunfo-de-pepe-chedraui-es-incierto-en-el-municipio-de-puebla-cortes<\/a><\/p>\n","protected":false},"excerpt":{"rendered":"<p>El acad\u00e9mico y encuestador realiz\u00f3 un sondeo en el que Morena gana la preferencia, pero existen factores de miedo y [&hellip;]<\/p>\n","protected":false},"author":1,"featured_media":74343,"comment_status":"open","ping_status":"open","sticky":false,"template":"","format":"standard","meta":{"site-sidebar-layout":"default","site-content-layout":"","ast-site-content-layout":"default","site-content-style":"default","site-sidebar-style":"default","ast-global-header-display":"","ast-banner-title-visibility":"","ast-main-header-display":"","ast-hfb-above-header-display":"","ast-hfb-below-header-display":"","ast-hfb-mobile-header-display":"","site-post-title":"","ast-breadcrumbs-content":"","ast-featured-img":"","footer-sml-layout":"","theme-transparent-header-meta":"","adv-header-id-meta":"","stick-header-meta":"","header-above-stick-meta":"","header-main-stick-meta":"","header-below-stick-meta":"","astra-migrate-meta-layouts":"default","ast-page-background-enabled":"default","ast-page-background-meta":{"desktop":{"background-color":"var(--ast-global-color-4)","background-image":"","background-repeat":"repeat","background-position":"center center","background-size":"auto","background-attachment":"scroll","background-type":"","background-media":"","overlay-type":"","overlay-color":"","overlay-opacity":"","overlay-gradient":""},"tablet":{"background-color":"","background-image":"","background-repeat":"repeat","background-position":"center center","background-size":"auto","background-attachment":"scroll","background-type":"","background-media":"","overlay-type":"","overlay-color":"","overlay-opacity":"","overlay-gradient":""},"mobile":{"background-color":"","background-image":"","background-repeat":"repeat","background-position":"center center","background-size":"auto","background-attachment":"scroll","background-type":"","background-media":"","overlay-type":"","overlay-color":"","overlay-opacity":"","overlay-gradient":""}},"ast-content-background-meta":{"desktop":{"background-color":"var(--ast-global-color-5)","background-image":"","background-repeat":"repeat","background-position":"center center","background-size":"auto","background-attachment":"scroll","background-type":"","background-media":"","overlay-type":"","overlay-color":"","overlay-opacity":"","overlay-gradient":""},"tablet":{"background-color":"var(--ast-global-color-5)","background-image":"","background-repeat":"repeat","background-position":"center center","background-size":"auto","background-attachment":"scroll","background-type":"","background-media":"","overlay-type":"","overlay-color":"","overlay-opacity":"","overlay-gradient":""},"mobile":{"background-color":"var(--ast-global-color-5)","background-image":"","background-repeat":"repeat","background-position":"center center","background-size":"auto","background-attachment":"scroll","background-type":"","background-media":"","overlay-type":"","overlay-color":"","overlay-opacity":"","overlay-gradient":""}},"footnotes":""},"categories":[8],"tags":[25045,25044,4881,25043],"class_list":["post-74342","post","type-post","status-publish","format-standard","has-post-thumbnail","hentry","category-noticias","tag-cenan","tag-jorge-david-cortes","tag-mario-riestra","tag-miedo-y-odio-en-elecciones-2024"],"_links":{"self":[{"href":"https:\/\/losperiodistas.com.mx\/portal\/wp-json\/wp\/v2\/posts\/74342","targetHints":{"allow":["GET"]}}],"collection":[{"href":"https:\/\/losperiodistas.com.mx\/portal\/wp-json\/wp\/v2\/posts"}],"about":[{"href":"https:\/\/losperiodistas.com.mx\/portal\/wp-json\/wp\/v2\/types\/post"}],"author":[{"embeddable":true,"href":"https:\/\/losperiodistas.com.mx\/portal\/wp-json\/wp\/v2\/users\/1"}],"replies":[{"embeddable":true,"href":"https:\/\/losperiodistas.com.mx\/portal\/wp-json\/wp\/v2\/comments?post=74342"}],"version-history":[{"count":1,"href":"https:\/\/losperiodistas.com.mx\/portal\/wp-json\/wp\/v2\/posts\/74342\/revisions"}],"predecessor-version":[{"id":74344,"href":"https:\/\/losperiodistas.com.mx\/portal\/wp-json\/wp\/v2\/posts\/74342\/revisions\/74344"}],"wp:featuredmedia":[{"embeddable":true,"href":"https:\/\/losperiodistas.com.mx\/portal\/wp-json\/wp\/v2\/media\/74343"}],"wp:attachment":[{"href":"https:\/\/losperiodistas.com.mx\/portal\/wp-json\/wp\/v2\/media?parent=74342"}],"wp:term":[{"taxonomy":"category","embeddable":true,"href":"https:\/\/losperiodistas.com.mx\/portal\/wp-json\/wp\/v2\/categories?post=74342"},{"taxonomy":"post_tag","embeddable":true,"href":"https:\/\/losperiodistas.com.mx\/portal\/wp-json\/wp\/v2\/tags?post=74342"}],"curies":[{"name":"wp","href":"https:\/\/api.w.org\/{rel}","templated":true}]}}