{"id":74339,"date":"2024-05-16T08:01:51","date_gmt":"2024-05-16T13:01:51","guid":{"rendered":"https:\/\/losperiodistas.com.mx\/portal\/?p=74339"},"modified":"2024-05-16T08:01:53","modified_gmt":"2024-05-16T13:01:53","slug":"morena-solo-alcanzara-1-millon-700-mil-de-votos-en-eleccion-sheinbaum-vendra-a-cierre-angulo-7","status":"publish","type":"post","link":"https:\/\/losperiodistas.com.mx\/portal\/morena-solo-alcanzara-1-millon-700-mil-de-votos-en-eleccion-sheinbaum-vendra-a-cierre-angulo-7\/","title":{"rendered":"Morena, s\u00f3lo alcanzar\u00e1 1 mill\u00f3n 700 mil de votos en elecci\u00f3n; Sheinbaum vendr\u00e1 a cierre | \u00c1ngulo 7"},"content":{"rendered":"\n<p class=\"has-medium-font-size\">Coalici\u00f3n espera 1.7 millones de votos en Puebla. Sheinbaum cierra campa\u00f1a del 26 al 29 de mayo. Morena denuncia gasto de 7M en guerra sucia.<\/p>\n\n\n\n<figure class=\"wp-block-image size-large\"><img fetchpriority=\"high\" decoding=\"async\" width=\"1024\" height=\"576\" src=\"https:\/\/losperiodistas.com.mx\/portal\/wp-content\/uploads\/2024\/05\/voceros-de-armenta-1024x576.jpg\" alt=\"\" class=\"wp-image-74340\" srcset=\"https:\/\/losperiodistas.com.mx\/portal\/wp-content\/uploads\/2024\/05\/voceros-de-armenta-1024x576.jpg 1024w, https:\/\/losperiodistas.com.mx\/portal\/wp-content\/uploads\/2024\/05\/voceros-de-armenta-300x169.jpg 300w, https:\/\/losperiodistas.com.mx\/portal\/wp-content\/uploads\/2024\/05\/voceros-de-armenta-768x432.jpg 768w, https:\/\/losperiodistas.com.mx\/portal\/wp-content\/uploads\/2024\/05\/voceros-de-armenta.jpg 1200w\" sizes=\"(max-width: 1024px) 100vw, 1024px\" \/><\/figure>\n\n\n\n<p><\/p>\n\n\n\n<p class=\"has-vivid-red-color has-text-color has-medium-font-size\"><strong>Edgar Guzm\u00e1n Uribe \/ \u00c1ngulo 7<\/strong><\/p>\n\n\n\n<p>La coalici\u00f3n \u201cSigamos Haciendo Historia\u201d, encabezada por Alejandro Armenta Mier, s\u00f3lo alcanzar\u00eda un mill\u00f3n 700 mil votos en la elecci\u00f3n; la abanderada presidencial de Morena, Claudia Sheinbaum Pardo, tendr\u00e1 una \u00faltima visita entre el 26 y 29 de mayo para cierre de campa\u00f1a.<\/p>\n\n\n\n<p>As\u00ed lo inform\u00f3&nbsp;<strong>El\u00edas Aguilar<\/strong>, director de Indicadores SC, en rueda de prensa de los voceros del candidato a la gubernatura. Se\u00f1al\u00f3 que este \u201c<strong>impondr\u00e1 un r\u00e9cord en la gubernatura\u201d<\/strong>, siendo el&nbsp;<strong>candidato con m\u00e1s votos<\/strong>. Agreg\u00f3 que Eduardo Rivera P\u00e9rez&nbsp;<strong>s\u00f3lo tendr\u00e1 824 mil<\/strong>&nbsp;votos.<\/p>\n\n\n\n<p>En ese tenor,&nbsp;<strong>Agust\u00edn Guerrero Castillo<\/strong>, secretario general de Morena, afirm\u00f3 que el partido tendr\u00e1 cobertura al 100 por ciento para cuidar las casillas en Puebla para el d\u00eda de la elecci\u00f3n. Sostuvo que \u201cson los m\u00e1s interesados en cuidar la jornada electoral\u201d,&nbsp;<strong>al tiempo de afirma que el candidato Alejandro Armenta Mide lleva 26 puntos arriba y ser\u00e1 el ganador<\/strong>.<\/p>\n\n\n\n<blockquote class=\"wp-block-quote is-layout-flow wp-block-quote-is-layout-flow\"><p>\u201cNosotros esperamos una jornada tranquila y en paz, son ellos, los candidatos del Prian los que deben estar a la altura, evitar ya los montajes, la guerra sucia y las agresiones, porque eso puede enturbiar este d\u00eda que es el m\u00e1s importante, nosotros vamos a una contienda pac\u00edfica\u201d, expres\u00f3.<\/p><\/blockquote>\n\n\n\n<blockquote class=\"wp-block-quote is-layout-flow wp-block-quote-is-layout-flow\"><p><a href=\"https:\/\/www.angulo7.com.mx\/2024\/politica\/en-2019-morena-gano-la-gubernatura-con-687341-votos-le-alcanzara-en-2024\/562930\/\">En 2019, Morena gan\u00f3 la gubernatura con 687,341 votos, \u00bfle alcanzar\u00e1&nbsp;en&nbsp;2024?<\/a><\/p><\/blockquote>\n\n\n\n<p>Acompa\u00f1ado de los voceros del Armenta Mier, afirm\u00f3 que ya se encuentran preparando la vigilancia de las casillas durante la jornada, pues cada partido nacional tiene derecho a tener dos representantes presentes en cada una de las casillas que se instalar\u00e1n en Puebla,&nbsp;<strong>mientras que los locales tendr\u00e1n a uno.<\/strong><\/p>\n\n\n\n<h2 class=\"wp-block-heading\" id=\"h-morena-espera-un-millon-de-votos-en-puebla\">Morena espera un mill\u00f3n de votos en Puebla<\/h2>\n\n\n\n<p>Explic\u00f3 que&nbsp;<a href=\"https:\/\/www.angulo7.com.mx\/2024\/politica\/armenta-plantea-instalar-centros-de-mando-operativo-en-30-puntos-de-puebla\/563005\/\"><em>Morena, PT y PVEM<\/em><\/a>&nbsp;son los que tendr\u00e1n de a dos, mientras que Fuerza Por M\u00e9xico y Nueva Alianza de a uno, quienes son compa\u00f1eros que desde hace seis meses se capacitaron, lo que les garantiza que se tendr\u00e1 el&nbsp;<strong>100 por ciento de las actas contabilizadas en la noche del 2 de junio<\/strong>.<\/p>\n\n\n\n<blockquote class=\"wp-block-quote is-layout-flow wp-block-quote-is-layout-flow\"><p>\u201cEn el n\u00famero total de casillas tendr\u00edamos siete personas por casillas, lo cual nos da una seguridad como la coalici\u00f3n con mayor cantidad de representantes para el cuidado de los votos\u201d, expres\u00f3.<\/p><\/blockquote>\n\n\n\n<p>Por otra parte,&nbsp;<strong>Guerrero Castillo dijo que se mantienen en contacto con el equipo de log\u00edstica<\/strong>&nbsp;de Sheinbaum Pardo, quien ha anunciado que despu\u00e9s del debate del domingo empezar\u00e1 una etapa de cierres, principalmente en los nueve estados donde habr\u00e1 elecci\u00f3n a gobernador.<\/p>\n\n\n\n<p>Dijo que Puebla al estar en esta condici\u00f3n tendr\u00e1 la visita de la&nbsp;<strong>exjefa de Gobierno de la Ciudad de M\u00e9xico,<\/strong>&nbsp;adem\u00e1s de que igual de prev\u00e9 que Armenta Mier haga un cierre estatal despu\u00e9s del evento con la abanderada presidencial.<\/p>\n\n\n\n<p>Sobre el tema,&nbsp;<a href=\"https:\/\/twitter.com\/josetomecabrera?lang=es\"><em>Jos\u00e9 Tom\u00e9 Cabrera<\/em><\/a>, secretario de Comunicaci\u00f3n del partido, detall\u00f3 que se est\u00e1 contemplando que sea domingo 26 de mayo o, en su caso, el mi\u00e9rcoles 29, p<strong>ero todo va a depender de la log\u00edstica que tenga el equipo de la morenista<\/strong>&nbsp;y por eso ser\u00eda hasta la siguiente semana cuando se tenga la informaci\u00f3n de manera oficial.<\/p>\n\n\n\n<h2 class=\"wp-block-heading\" id=\"h-7-mdp-para-guerra-sucia-contra-candidatos\">7 mdp para guerra sucia contra candidatos<\/h2>\n\n\n\n<p>En otro tema, en la rueda de prensa dieron a conocer que, en Puebla, la oposici\u00f3n ha destinado m\u00e1s de 7 millones de pesos en guerra sucia en redes sociales contra los candidatos Alejandro Armenta Mir, Jos\u00e9 \u201cPepe\u201d Chedraui Budib, as\u00ed como a legisladores federales y locales de la coalici\u00f3n.<\/p>\n\n\n\n<p>Se\u00f1alaron que en un estudio comparativo se detectaron&nbsp;<strong>419 anuncios distribuidos en 16 p\u00e1ginas de Facebook e Instagram<\/strong>, las cuales han destinado 2.3 millones de pesos para la colocaci\u00f3n de publicidad negativa.<\/p>\n\n\n\n<p>A esto, se suman los gastos operativos de producci\u00f3n y honorarios para la realizaci\u00f3n de estas actividades il\u00edcitas en redes sociales, los cuales se estiman en&nbsp;<strong>4.7 millones de pesos, seg\u00fan los valores comerciales en la edici\u00f3n de materiales multimedia.<\/strong><\/p>\n\n\n\n<blockquote class=\"wp-block-quote is-layout-flow wp-block-quote-is-layout-flow\"><p>\u201cEn total, la guerra sucia en redes sociales de Puebla representa un gasto aproximado de 7 millones de pesos, lo cual demuestra el juego sucio de la oposici\u00f3n ante la preferencia electoral del pueblo con Alejandro Armenta, quien se mantiene a la cabeza en las encuestas para ser el pr\u00f3ximo gobernador de Puebla\u201d, enfatizaron.<\/p><\/blockquote>\n\n\n\n<p>Fuente: <a href=\"https:\/\/www.angulo7.com.mx\/2024\/politica\/morena-solo-alcanzara-1-millon-de-votos-en-eleccion-sheinbaum-vendra-a-cierre\/563162\/\">https:\/\/www.angulo7.com.mx\/2024\/politica\/morena-solo-alcanzara-1-millon-de-votos-en-eleccion-sheinbaum-vendra-a-cierre\/563162\/<\/a><\/p>\n","protected":false},"excerpt":{"rendered":"<p>Coalici\u00f3n espera 1.7 millones de votos en Puebla. Sheinbaum cierra campa\u00f1a del 26 al 29 de mayo. Morena denuncia gasto [&hellip;]<\/p>\n","protected":false},"author":1,"featured_media":74340,"comment_status":"open","ping_status":"open","sticky":false,"template":"","format":"standard","meta":{"site-sidebar-layout":"default","site-content-layout":"","ast-site-content-layout":"default","site-content-style":"default","site-sidebar-style":"default","ast-global-header-display":"","ast-banner-title-visibility":"","ast-main-header-display":"","ast-hfb-above-header-display":"","ast-hfb-below-header-display":"","ast-hfb-mobile-header-display":"","site-post-title":"","ast-breadcrumbs-content":"","ast-featured-img":"","footer-sml-layout":"","theme-transparent-header-meta":"","adv-header-id-meta":"","stick-header-meta":"","header-above-stick-meta":"","header-main-stick-meta":"","header-below-stick-meta":"","astra-migrate-meta-layouts":"default","ast-page-background-enabled":"default","ast-page-background-meta":{"desktop":{"background-color":"var(--ast-global-color-4)","background-image":"","background-repeat":"repeat","background-position":"center center","background-size":"auto","background-attachment":"scroll","background-type":"","background-media":"","overlay-type":"","overlay-color":"","overlay-opacity":"","overlay-gradient":""},"tablet":{"background-color":"","background-image":"","background-repeat":"repeat","background-position":"center center","background-size":"auto","background-attachment":"scroll","background-type":"","background-media":"","overlay-type":"","overlay-color":"","overlay-opacity":"","overlay-gradient":""},"mobile":{"background-color":"","background-image":"","background-repeat":"repeat","background-position":"center center","background-size":"auto","background-attachment":"scroll","background-type":"","background-media":"","overlay-type":"","overlay-color":"","overlay-opacity":"","overlay-gradient":""}},"ast-content-background-meta":{"desktop":{"background-color":"var(--ast-global-color-5)","background-image":"","background-repeat":"repeat","background-position":"center center","background-size":"auto","background-attachment":"scroll","background-type":"","background-media":"","overlay-type":"","overlay-color":"","overlay-opacity":"","overlay-gradient":""},"tablet":{"background-color":"var(--ast-global-color-5)","background-image":"","background-repeat":"repeat","background-position":"center center","background-size":"auto","background-attachment":"scroll","background-type":"","background-media":"","overlay-type":"","overlay-color":"","overlay-opacity":"","overlay-gradient":""},"mobile":{"background-color":"var(--ast-global-color-5)","background-image":"","background-repeat":"repeat","background-position":"center center","background-size":"auto","background-attachment":"scroll","background-type":"","background-media":"","overlay-type":"","overlay-color":"","overlay-opacity":"","overlay-gradient":""}},"footnotes":""},"categories":[8],"tags":[18913,25041,25042,725],"class_list":["post-74339","post","type-post","status-publish","format-standard","has-post-thumbnail","hentry","category-noticias","tag-armenta-mier","tag-elias-aguilar","tag-indicadores-sc","tag-morena-puebla"],"_links":{"self":[{"href":"https:\/\/losperiodistas.com.mx\/portal\/wp-json\/wp\/v2\/posts\/74339","targetHints":{"allow":["GET"]}}],"collection":[{"href":"https:\/\/losperiodistas.com.mx\/portal\/wp-json\/wp\/v2\/posts"}],"about":[{"href":"https:\/\/losperiodistas.com.mx\/portal\/wp-json\/wp\/v2\/types\/post"}],"author":[{"embeddable":true,"href":"https:\/\/losperiodistas.com.mx\/portal\/wp-json\/wp\/v2\/users\/1"}],"replies":[{"embeddable":true,"href":"https:\/\/losperiodistas.com.mx\/portal\/wp-json\/wp\/v2\/comments?post=74339"}],"version-history":[{"count":1,"href":"https:\/\/losperiodistas.com.mx\/portal\/wp-json\/wp\/v2\/posts\/74339\/revisions"}],"predecessor-version":[{"id":74341,"href":"https:\/\/losperiodistas.com.mx\/portal\/wp-json\/wp\/v2\/posts\/74339\/revisions\/74341"}],"wp:featuredmedia":[{"embeddable":true,"href":"https:\/\/losperiodistas.com.mx\/portal\/wp-json\/wp\/v2\/media\/74340"}],"wp:attachment":[{"href":"https:\/\/losperiodistas.com.mx\/portal\/wp-json\/wp\/v2\/media?parent=74339"}],"wp:term":[{"taxonomy":"category","embeddable":true,"href":"https:\/\/losperiodistas.com.mx\/portal\/wp-json\/wp\/v2\/categories?post=74339"},{"taxonomy":"post_tag","embeddable":true,"href":"https:\/\/losperiodistas.com.mx\/portal\/wp-json\/wp\/v2\/tags?post=74339"}],"curies":[{"name":"wp","href":"https:\/\/api.w.org\/{rel}","templated":true}]}}