{"id":74336,"date":"2024-05-16T07:46:21","date_gmt":"2024-05-16T12:46:21","guid":{"rendered":"https:\/\/losperiodistas.com.mx\/portal\/?p=74336"},"modified":"2024-05-16T07:46:23","modified_gmt":"2024-05-16T12:46:23","slug":"tercera-ola-de-calor-en-mexico-2024-cuando-empieza-cuanto-durara-y-que-estados-se-asaran-el-financiero","status":"publish","type":"post","link":"https:\/\/losperiodistas.com.mx\/portal\/tercera-ola-de-calor-en-mexico-2024-cuando-empieza-cuanto-durara-y-que-estados-se-asaran-el-financiero\/","title":{"rendered":"Tercera ola de calor en M\u00e9xico 2024: \u00bfCu\u00e1ndo empieza, cu\u00e1nto durar\u00e1 y qu\u00e9 estados se \u2018asar\u00e1n\u2019? | El Financiero"},"content":{"rendered":"\n<h2 class=\"has-medium-font-size wp-block-heading\">Los efectos de la tercera ola de calor podr\u00edan ocasionar temperaturas por arriba de los 45 grados en algunos estados.<\/h2>\n\n\n\n<figure class=\"wp-block-image\"><img decoding=\"async\" src=\"https:\/\/www.elfinanciero.com.mx\/resizer\/HciWr6XFyWETGPyl3zyAZYe-4HA=\/800x0\/filters:format(jpg):quality(70)\/cloudfront-us-east-1.images.arcpublishing.com\/elfinanciero\/4B6MLW3FVZAQVL3A4GWSBS2CNY.jpeg\" alt=\"\"\/><figcaption>Meteor\u00f3logos prev\u00e9n que la tercera ola de calor en M\u00e9xico llegue en los pr\u00f3ximos d\u00edas. (Foto: Shutterstock)<\/figcaption><\/figure>\n\n\n\n<p class=\"has-vivid-red-color has-text-color has-medium-font-size\"><strong>Redacci\u00f3n El Financiero<\/strong><\/p>\n\n\n\n<p>Las\u00a0<strong>altas temperaturas\u00a0<\/strong>no dan tregua y la\u00a0<strong>tercera\u00a0<\/strong><a href=\"https:\/\/www.elfinanciero.com.mx\/estados\/2024\/05\/11\/ola-de-calor-en-mexico-cuantas-muertes-han-provocado-las-altas-temperaturas\/\" target=\"_blank\" rel=\"noreferrer noopener\"><strong>ola de calor<\/strong>\u00a0en M\u00e9xico<\/a>\u00a0est\u00e1 m\u00e1s cerca de lo que creemos. De acuerdo con el Servicio Meteorol\u00f3gico Nacional (SMN), en los pr\u00f3ximas d\u00edas comenzar\u00e1n a registrarse nuevamente temperaturas que posiblemente superen los<strong>\u00a045 grados<\/strong>.<\/p>\n\n\n\n<p>Apenas el pasado 13 de mayo, el SMN dio a conocer\u00a0<a href=\"https:\/\/www.elfinanciero.com.mx\/nacional\/2024\/05\/13\/segunda-ola-de-calor-se-despide-sistema-electrico-se-pone-a-prueba-con-dos-alertas\/\" target=\"_blank\" rel=\"noreferrer noopener\">el fin de la segunda ola de calor<\/a>\u00a0en el pa\u00eds que dej\u00f3 un saldo de<strong>\u00a014 muertos y r\u00e9cords hist\u00f3ricos\u00a0<\/strong>por altas temperaturas en la Ciudad de M\u00e9xico (CDMX) y otros estados. Ahora, estas condiciones clim\u00e1ticas amenazan con empeorar a mediados de mayo.<\/p>\n\n\n\n<p><strong>\u00bfCu\u00e1ndo llega la tercera onda de calor a M\u00e9xico y qu\u00e9 estados ser\u00e1n los m\u00e1s afectados?<\/strong>\u00a0Esto es lo que sabemos.<\/p>\n\n\n\n<h2 class=\"wp-block-heading\">\u00bfCu\u00e1ndo empieza la tercera ola de calor y cu\u00e1nto durar\u00e1 en M\u00e9xico?<\/h2>\n\n\n\n<p>Seg\u00fan se\u00f1ala el pron\u00f3stico de la Comisi\u00f3n Nacional del Agua (Conagua) as\u00ed como de autoridades de Protecci\u00f3n Civil (PC), los efectos de la tercera ola de calor podr\u00edan experimentarse entre\u00a0<strong>el jueves 16 y el s\u00e1bado 18 de mayo<\/strong>. Esto se debe al desplazamiento de una masa de aire c\u00e1lido del Oc\u00e9ano Pac\u00edfico, Golfo de M\u00e9xico y Mar Caribe.<\/p>\n\n\n\n<p>Dichas condiciones podr\u00edan ocasionar&nbsp;<strong>temperaturas por arriba de los 45 \u00b0C&nbsp;<\/strong>en varios estados, principalmente en las regiones del sureste y suroeste y algunas m\u00e1s del centronorte y occidente.<\/p>\n\n\n\n<p>El SMN define una onda de calor como un evento sostenido de temperatura extremadamente alta para una regi\u00f3n determinada, la cual\u00a0<strong>suele durar de 4 a 10 d\u00edas<\/strong>, aproximadamente.<\/p>\n\n\n\n<p><a href=\"https:\/\/www.elfinanciero.com.mx\/bloomberg\/2024\/05\/15\/el-verano-de-2023-fue-el-mas-caluroso-en-2-mil-anos-por-que-el-2024-podria-ser-peor\/\"><\/a><a href=\"https:\/\/www.elfinanciero.com.mx\/bloomberg\/2024\/05\/15\/el-verano-de-2023-fue-el-mas-caluroso-en-2-mil-anos-por-que-el-2024-podria-ser-peor\/\">El verano de 2023 fue el m\u00e1s caluroso en 2 mil a\u00f1os: \u00bfPor qu\u00e9 el 2024 podr\u00eda ser peor?<\/a><\/p>\n\n\n\n<p>Estas condiciones clim\u00e1ticas se presentan frecuentemente en los meses de&nbsp;<strong>marzo, abril y mayo&nbsp;<\/strong>propiciando d\u00edas despejados, altas temperaturas, baja humedad y vientos escasos, elementos que, a su vez, provocan una mayor concentraci\u00f3n y escasa dispersi\u00f3n de contaminantes.<\/p>\n\n\n\n<figure class=\"wp-block-image\"><img decoding=\"async\" src=\"https:\/\/www.elfinanciero.com.mx\/resizer\/8iDVtfU2NNxyigv4cHGbiEaxnMM=\/1440x0\/filters:format(jpg):quality(70)\/cloudfront-us-east-1.images.arcpublishing.com\/elfinanciero\/ZWFOTDULE5FJJLON56TGUZZQFE.jpg\" alt=\"\"\/><figcaption>Se podr\u00edan registrar temperaturas de hasta 45 \u00b0C durante la tercera ola de calor en M\u00e9xico. (Foto: Cuartoscuro)<\/figcaption><\/figure>\n\n\n\n<h2 class=\"wp-block-heading\">\u00bfQu\u00e9 estados ser\u00e1n los m\u00e1s afectados por la tercera ola de calor?<\/h2>\n\n\n\n<p>El reporte extendido del SMN para los pr\u00f3ximos d\u00edas pronostica que se mantendr\u00e1n las temperaturas calurosas en gran parte del territorio nacional, pero sobre todo en las siguientes\u00a0<strong>entidades<\/strong>:<\/p>\n\n\n\n<ul class=\"wp-block-list\"><li>Michoac\u00e1n<\/li><li>Guerrero<\/li><li>Oaxaca<\/li><li>Chiapas<\/li><li>Veracruz<\/li><li>Tabasco<\/li><li>Campeche<\/li><\/ul>\n\n\n\n<p><strong>&#8211; Temperaturas m\u00e1ximas superiores a 45 \u00b0C<\/strong>: Michoac\u00e1n, Guerrero, Tamaulipas, San Luis Potos\u00ed, Veracruz, Tabasco, Campeche y Yucat\u00e1n.<\/p>\n\n\n\n<p><strong>&#8211; Temperaturas m\u00e1ximas de 40 a 45 \u00b0C<\/strong>: Coahuila, Nuevo Le\u00f3n, Sinaloa, Jalisco, Colima, Guanajuato, Morelos, Puebla (norte y suroeste), Hidalgo (norte), Quer\u00e9taro (norte), Oaxaca, Chiapas y Quintana Roo.<\/p>\n\n\n\n<p><strong>&#8211; Temperaturas m\u00e1ximas de 35 a 40 \u00b0C<\/strong>: Baja California, Sonora, Chihuahua, Durango, Zacatecas, Nayarit y Estado de M\u00e9xico (suroeste).<\/p>\n\n\n\n<p><strong>&#8211; Temperaturas m\u00e1ximas de 30 a 35 \u00b0C<\/strong>: Baja California Sur, Aguascalientes y Ciudad de M\u00e9xico.<\/p>\n\n\n\n<figure class=\"wp-block-embed is-type-rich is-provider-twitter wp-block-embed-twitter\"><div class=\"wp-block-embed__wrapper\">\n<blockquote class=\"twitter-tweet\" data-width=\"500\" data-dnt=\"true\"><p lang=\"es\" dir=\"ltr\">\u2600\ufe0f\ud83e\udd75  Ayer, las <a href=\"https:\/\/twitter.com\/hashtag\/Temperaturas?src=hash&amp;ref_src=twsrc%5Etfw\">#Temperaturas<\/a> m\u00e1s altas a nivel nacional se registraron en <a href=\"https:\/\/twitter.com\/hashtag\/Campeche?src=hash&amp;ref_src=twsrc%5Etfw\">#Campeche<\/a>, <a href=\"https:\/\/twitter.com\/hashtag\/Veracruz?src=hash&amp;ref_src=twsrc%5Etfw\">#Veracruz<\/a> y <a href=\"https:\/\/twitter.com\/hashtag\/Guerrero?src=hash&amp;ref_src=twsrc%5Etfw\">#Guerrero<\/a>, con valores  m\u00e1ximos de 44 grados <a href=\"https:\/\/twitter.com\/hashtag\/Celsius?src=hash&amp;ref_src=twsrc%5Etfw\">#Celsius<\/a> y superiores.<br><br>M\u00e1s detalles en el link  \u2b07\ufe0f<a href=\"https:\/\/t.co\/w7KUYjKyok\">https:\/\/t.co\/w7KUYjKyok<\/a> <a href=\"https:\/\/t.co\/KdowkwWEJE\">pic.twitter.com\/KdowkwWEJE<\/a><\/p>&mdash; CONAGUA Clima (@conagua_clima) <a href=\"https:\/\/twitter.com\/conagua_clima\/status\/1790832019741593994?ref_src=twsrc%5Etfw\">May 15, 2024<\/a><\/blockquote><script async src=\"https:\/\/platform.twitter.com\/widgets.js\" charset=\"utf-8\"><\/script>\n<\/div><\/figure>\n\n\n\n<p><\/p>\n\n\n\n<h2 class=\"wp-block-heading\">\u00bfCu\u00e1ntos olas de calor faltan en 2024?<\/h2>\n\n\n\n<p>Sin contar la tercera ola de calor, que est\u00e1 pr\u00f3xima a llegar a M\u00e9xico, en total&nbsp;<strong>quedan dos&nbsp;<\/strong><a href=\"https:\/\/www.elfinanciero.com.mx\/tags\/onda-de-calor\/\" target=\"_blank\" rel=\"noreferrer noopener\"><strong>ondas de calor<\/strong><\/a><strong>&nbsp;en lo que resta de 2024<\/strong>, las cuales, adem\u00e1s, pueden intensificar el problema de&nbsp;<a href=\"https:\/\/www.elfinanciero.com.mx\/tags\/sequia\/\" target=\"_blank\" rel=\"noreferrer noopener\">sequ\u00eda<\/a>&nbsp;que azota al pa\u00eds.<\/p>\n\n\n\n<p>La\u00a0<strong>primera ola de calor\u00a0<\/strong>se present\u00f3 entre marzo y abril, con un impacto significativo en el norte y noroeste del pa\u00eds, mientras que la segunda fue particularmente bochornosa para zonas del centro y sur. Tomando en cuenta su duraci\u00f3n,<strong>\u00a0la quinta y \u00faltima ola de calor est\u00e1 prevista para junio<\/strong>, con la cual cerrar\u00e1 la temporada de\u00a0<a href=\"https:\/\/www.elfinanciero.com.mx\/tags\/calor-extremo\/\" target=\"_blank\" rel=\"noreferrer noopener\">calor extremo<\/a>.<a href=\"https:\/\/www.elfinanciero.com.mx\/tags\/olas-de-calor\/\">Olas de calor<\/a><\/p>\n\n\n\n<p>Fuente: <a href=\"https:\/\/www.elfinanciero.com.mx\/nacional\/2024\/05\/15\/tercera-ola-de-calor-en-mexico-2024-cuando-empieza-cuanto-durara-y-que-estados-se-asaran\/\">https:\/\/www.elfinanciero.com.mx\/nacional\/2024\/05\/15\/tercera-ola-de-calor-en-mexico-2024-cuando-empieza-cuanto-durara-y-que-estados-se-asaran\/<\/a><\/p>\n","protected":false},"excerpt":{"rendered":"<p>Los efectos de la tercera ola de calor podr\u00edan ocasionar temperaturas por arriba de los 45 grados en algunos estados. [&hellip;]<\/p>\n","protected":false},"author":1,"featured_media":74337,"comment_status":"open","ping_status":"open","sticky":false,"template":"","format":"standard","meta":{"site-sidebar-layout":"default","site-content-layout":"","ast-site-content-layout":"default","site-content-style":"default","site-sidebar-style":"default","ast-global-header-display":"","ast-banner-title-visibility":"","ast-main-header-display":"","ast-hfb-above-header-display":"","ast-hfb-below-header-display":"","ast-hfb-mobile-header-display":"","site-post-title":"","ast-breadcrumbs-content":"","ast-featured-img":"","footer-sml-layout":"","theme-transparent-header-meta":"","adv-header-id-meta":"","stick-header-meta":"","header-above-stick-meta":"","header-main-stick-meta":"","header-below-stick-meta":"","astra-migrate-meta-layouts":"default","ast-page-background-enabled":"default","ast-page-background-meta":{"desktop":{"background-color":"var(--ast-global-color-4)","background-image":"","background-repeat":"repeat","background-position":"center center","background-size":"auto","background-attachment":"scroll","background-type":"","background-media":"","overlay-type":"","overlay-color":"","overlay-opacity":"","overlay-gradient":""},"tablet":{"background-color":"","background-image":"","background-repeat":"repeat","background-position":"center center","background-size":"auto","background-attachment":"scroll","background-type":"","background-media":"","overlay-type":"","overlay-color":"","overlay-opacity":"","overlay-gradient":""},"mobile":{"background-color":"","background-image":"","background-repeat":"repeat","background-position":"center center","background-size":"auto","background-attachment":"scroll","background-type":"","background-media":"","overlay-type":"","overlay-color":"","overlay-opacity":"","overlay-gradient":""}},"ast-content-background-meta":{"desktop":{"background-color":"var(--ast-global-color-5)","background-image":"","background-repeat":"repeat","background-position":"center center","background-size":"auto","background-attachment":"scroll","background-type":"","background-media":"","overlay-type":"","overlay-color":"","overlay-opacity":"","overlay-gradient":""},"tablet":{"background-color":"var(--ast-global-color-5)","background-image":"","background-repeat":"repeat","background-position":"center center","background-size":"auto","background-attachment":"scroll","background-type":"","background-media":"","overlay-type":"","overlay-color":"","overlay-opacity":"","overlay-gradient":""},"mobile":{"background-color":"var(--ast-global-color-5)","background-image":"","background-repeat":"repeat","background-position":"center center","background-size":"auto","background-attachment":"scroll","background-type":"","background-media":"","overlay-type":"","overlay-color":"","overlay-opacity":"","overlay-gradient":""}},"footnotes":""},"categories":[8],"tags":[25039,3836,10277,25038],"class_list":["post-74336","post","type-post","status-publish","format-standard","has-post-thumbnail","hentry","category-noticias","tag-calor-extremo","tag-sequia","tag-smn","tag-tercera-ola-de-calor-en-mexico"],"_links":{"self":[{"href":"https:\/\/losperiodistas.com.mx\/portal\/wp-json\/wp\/v2\/posts\/74336","targetHints":{"allow":["GET"]}}],"collection":[{"href":"https:\/\/losperiodistas.com.mx\/portal\/wp-json\/wp\/v2\/posts"}],"about":[{"href":"https:\/\/losperiodistas.com.mx\/portal\/wp-json\/wp\/v2\/types\/post"}],"author":[{"embeddable":true,"href":"https:\/\/losperiodistas.com.mx\/portal\/wp-json\/wp\/v2\/users\/1"}],"replies":[{"embeddable":true,"href":"https:\/\/losperiodistas.com.mx\/portal\/wp-json\/wp\/v2\/comments?post=74336"}],"version-history":[{"count":1,"href":"https:\/\/losperiodistas.com.mx\/portal\/wp-json\/wp\/v2\/posts\/74336\/revisions"}],"predecessor-version":[{"id":74338,"href":"https:\/\/losperiodistas.com.mx\/portal\/wp-json\/wp\/v2\/posts\/74336\/revisions\/74338"}],"wp:featuredmedia":[{"embeddable":true,"href":"https:\/\/losperiodistas.com.mx\/portal\/wp-json\/wp\/v2\/media\/74337"}],"wp:attachment":[{"href":"https:\/\/losperiodistas.com.mx\/portal\/wp-json\/wp\/v2\/media?parent=74336"}],"wp:term":[{"taxonomy":"category","embeddable":true,"href":"https:\/\/losperiodistas.com.mx\/portal\/wp-json\/wp\/v2\/categories?post=74336"},{"taxonomy":"post_tag","embeddable":true,"href":"https:\/\/losperiodistas.com.mx\/portal\/wp-json\/wp\/v2\/tags?post=74336"}],"curies":[{"name":"wp","href":"https:\/\/api.w.org\/{rel}","templated":true}]}}