{"id":74333,"date":"2024-05-16T07:18:23","date_gmt":"2024-05-16T12:18:23","guid":{"rendered":"https:\/\/losperiodistas.com.mx\/portal\/?p=74333"},"modified":"2024-05-16T07:18:25","modified_gmt":"2024-05-16T12:18:25","slug":"ana-teresa-y-sus-correligionarios-se-proclaman-vencedores-del-debate-al-senado-intolerancia-diario","status":"publish","type":"post","link":"https:\/\/losperiodistas.com.mx\/portal\/ana-teresa-y-sus-correligionarios-se-proclaman-vencedores-del-debate-al-senado-intolerancia-diario\/","title":{"rendered":"Ana Teresa y sus correligionarios se proclaman vencedores del debate al Senado | Intolerancia Diario"},"content":{"rendered":"\n<h2 class=\"has-medium-font-size wp-block-heading\">Ana Teresa subray\u00f3 que se sinti\u00f3 triunfadora durante todo el debate pero cant\u00f3 La Victoria cuando observ\u00f3 que su oponente mostr\u00f3 su fotograf\u00eda boca abajo con la candidata oficialista, Claudia Sheinbaum.<\/h2>\n\n\n\n<figure class=\"wp-block-image size-large\"><img fetchpriority=\"high\" decoding=\"async\" width=\"1024\" height=\"683\" src=\"https:\/\/losperiodistas.com.mx\/portal\/wp-content\/uploads\/2024\/05\/debate-candidatas-al-senado-629022-1-1715839717408-1024x683.webp\" alt=\"\" class=\"wp-image-74334\" srcset=\"https:\/\/losperiodistas.com.mx\/portal\/wp-content\/uploads\/2024\/05\/debate-candidatas-al-senado-629022-1-1715839717408-1024x683.webp 1024w, https:\/\/losperiodistas.com.mx\/portal\/wp-content\/uploads\/2024\/05\/debate-candidatas-al-senado-629022-1-1715839717408-300x200.webp 300w, https:\/\/losperiodistas.com.mx\/portal\/wp-content\/uploads\/2024\/05\/debate-candidatas-al-senado-629022-1-1715839717408-768x512.webp 768w, https:\/\/losperiodistas.com.mx\/portal\/wp-content\/uploads\/2024\/05\/debate-candidatas-al-senado-629022-1-1715839717408-1536x1024.webp 1536w, https:\/\/losperiodistas.com.mx\/portal\/wp-content\/uploads\/2024\/05\/debate-candidatas-al-senado-629022-1-1715839717408-2048x1365.webp 2048w\" sizes=\"(max-width: 1024px) 100vw, 1024px\" \/><figcaption>Foto: Agencia Enfoque<\/figcaption><\/figure>\n\n\n\n<p class=\"has-vivid-red-color has-text-color has-medium-font-size\"><strong>Jos\u00e9 Antonio Machado \/ Intolerancia Diario<\/strong><\/p>\n\n\n\n<p><strong>Ana Teresa Aranda Orozco<\/strong>, \u00abha&nbsp;<strong>derrotado a la candidata oficialista<\/strong>&nbsp;en el&nbsp;<strong>debate<\/strong>\u00ab, gritaron sus&nbsp;<strong>correligionarios<\/strong>&nbsp;y sus nuevos compa\u00f1eros de lucha como el delegado del&nbsp;<strong>PRI nacional<\/strong>,&nbsp;<strong>Roberto Padilla M\u00e1rquez<\/strong>&nbsp;en&nbsp;<strong>Casa de la Siempre Viva<\/strong>.<\/p>\n\n\n\n<p>La espera de poco m\u00e1s de&nbsp;<strong>30 minutos ni la sintieron<\/strong>&nbsp;porque la&nbsp;<strong>m\u00fasica de Agust\u00edn Lara y los sones cubanos<\/strong>&nbsp;alentaban la noche del&nbsp;<strong>PAN-PRI-PRD<\/strong>. Esos ritmos abrazadores se transformaron en m\u00fasica de mariachi para&nbsp;<strong>recibir a su ganadora<\/strong>, con la canci\u00f3n del&nbsp;<strong>Rey de Jos\u00e9 Alfredo Jim\u00e9nez<\/strong>.<\/p>\n\n\n\n<p><strong>Liliana Ortiz P\u00e9rez, Humberto Aguilar Coronado, Pilar Mor\u00e1n, Leonor Popocatl, Pilar Mor\u00e1n, Carolina Morales<\/strong>\u00a0y panistas de viejo cu\u00f1o, recibieron a\u00a0<strong>Ana Tere<\/strong>\u00a0como campeona, con abrazos, besos y porras.<\/p>\n\n\n\n<p><strong>Aranda&nbsp;Orozco<\/strong>,&nbsp;visiblemente&nbsp;<strong>emocionada asegur\u00f3<\/strong>&nbsp;que est\u00e1n haciendo lo que quieren y lo que sienten, pero sobre, todo&nbsp;<strong>defender el proyecto de naci\u00f3n<\/strong>&nbsp;y de estado, que es lo que quieren confirmaran el&nbsp;<strong>primer domingo<\/strong>&nbsp;de junio en la votaci\u00f3n para&nbsp;<strong>rescatar a M\u00e9xico<\/strong>.<\/p>\n\n\n\n<p>\u00abDe esto se&nbsp;<strong>trataba, de defender el proyecto<\/strong>, de hablar bien de nosotros, de&nbsp;<strong>contrastar lo que estos est\u00e1n haciendo<\/strong>&nbsp;con el pa\u00eds, destruy\u00e9ndolo, de lo que est\u00e1n&nbsp;<strong>haciendo con Puebla<\/strong>&nbsp;que lo est\u00e1n destruyendo, y de&nbsp;<strong>hablar con toda claridad<\/strong>&nbsp;de lo que realmente deber\u00eda ser y es lo que&nbsp;<strong>estamos buscando<\/strong>\u00ab.<\/p>\n\n\n\n<p><strong>Ana Teresa subray\u00f3<\/strong>&nbsp;que se sinti\u00f3 triunfadora durante todo el debate pero cant\u00f3&nbsp;<strong>La Victoria<\/strong>&nbsp;cuando observ\u00f3 que su&nbsp;<strong>oponente mostr\u00f3 su fotograf\u00eda boca abajo<\/strong>&nbsp;con la candidata&nbsp;<strong>presidenciable oficialista Claudia Sheinbaum<\/strong>.<\/p>\n\n\n\n<p>\u00abCuando vi que&nbsp;<strong>estaban boca abajo ella y la Sheinbaum<\/strong>, pues, dije ya perdieron, ya&nbsp;<strong>perdieron<\/strong>, pero tambi\u00e9n, pues&nbsp;<strong>f\u00edjense de repente ten\u00eda muchas ganas de hacer<\/strong>&nbsp;pues un&nbsp;<strong>debate donde te pegan<\/strong>&nbsp;y te&nbsp;<strong>golpean<\/strong>\u00ab.<\/p>\n\n\n\n<p>Pero aclaro que&nbsp;<strong>no le entr\u00f3 a ese juego porque han tenido<\/strong>&nbsp;muchos eventos&nbsp;<strong>desafortunados<\/strong>&nbsp;que no debieron haber&nbsp;<strong>ocurrido<\/strong>,&nbsp;<strong>aunque<\/strong>&nbsp;de repente dan&nbsp;<strong>ganas<\/strong>.<\/p>\n\n\n\n<p>\u00abEllos (ellos los&nbsp;<strong>morenistas<\/strong>) se han&nbsp;<strong>portado muy mal<\/strong>, pero dije, las peores cosas con las&nbsp;<strong>mejores palabras porque creo que finalmente<\/strong>&nbsp;hemos dicho que&nbsp;<strong>no se debe lastimar a una persona<\/strong>&nbsp;por tratarse de un&nbsp;<strong>humano<\/strong>. Y aunque&nbsp;<strong>no estoy muy de acuerdo<\/strong>, creo que me fue muy&nbsp;<strong>bien<\/strong>, que dijimos todo lo que&nbsp;<strong>quer\u00edamos decir<\/strong>,&nbsp;como el&nbsp;<strong>tema de a las estancias infantiles<\/strong>&nbsp;saben que lo hicimos bien que&nbsp;<strong>defendimos<\/strong>\u00ab.<\/p>\n\n\n\n<p>Bajo ese&nbsp;<strong>panorama afirm\u00f3 que Eduardo Rivera<\/strong>&nbsp;ser\u00e1 el&nbsp;<strong>gobernador de Puebla<\/strong>.<\/p>\n\n\n\n<p>Recapitulo que los&nbsp;<strong>compromisos de Eduardo<\/strong>&nbsp;son los compromisos de&nbsp;<strong>Ana Tere<\/strong>, por eso mencion\u00f3 algunos&nbsp;<strong>programas que defiende Eduardo<\/strong>&nbsp;y que este&nbsp;<strong>gobierno malo no quiere porque se mejorar\u00e1<\/strong>&nbsp;la&nbsp;<strong>vida de las y los poblanos<\/strong>.<\/p>\n\n\n\n<p>Preciso que cuando su&nbsp;<strong>rival habl\u00f3 de paridad y de igualdad de g\u00e9nero<\/strong>, la&nbsp;<strong>destroz\u00f3<\/strong>, porque cuando se trata de mejorar la situaci\u00f3n de las&nbsp;<strong>mujeres en administraci\u00f3n p\u00fablica<\/strong>&nbsp;niegan el voto en el&nbsp;<strong>Senado y en el legislativo<\/strong>, como se lo niegan cuando se trata de dar&nbsp;<strong>medicinas a los ni\u00f1os con c\u00e1ncer<\/strong>, \u00abpero ellos siguen&nbsp;<strong>llen\u00e1ndose la boca con mentiras<\/strong>\u00ab.<\/p>\n\n\n\n<p><strong>Ana Teresa Aranda<\/strong>&nbsp;insisti\u00f3 que el&nbsp;<strong>debate lo gan\u00f3 con la verdad<\/strong>&nbsp;al demostrar con&nbsp;<strong>datos duros<\/strong>&nbsp;lo mal que ve a&nbsp;<strong>M\u00e9xico en salud<\/strong>, en&nbsp;<strong>seguridad<\/strong>, en&nbsp;<strong>econom\u00eda<\/strong>; porque esa&nbsp;<strong>pol\u00edtica de dar abrazos<\/strong>&nbsp;no funciona, como s\u00e9&nbsp; confirma que este&nbsp;<strong>sexenio ha sido el m\u00e1s violento<\/strong>&nbsp;de la historia del pa\u00eds con un mayor&nbsp;<strong>n\u00famero de asesinatos<\/strong>&nbsp;y&nbsp;<strong>desapariciones<\/strong>, sin precedentes.<\/p>\n\n\n\n<p>Ante esta perspectiva el&nbsp;<strong>delegado nacional priista Padilla M\u00e1rquez, asegur\u00f3 que Ana Teresa<\/strong>&nbsp;confirm\u00f3 que en la&nbsp;<strong>pol\u00edtica<\/strong>&nbsp;existen grandes&nbsp;<strong>diferencias entre quienes s\u00ed saben<\/strong>&nbsp;y conocen de los&nbsp;<strong>problemas nacionales y locales<\/strong>&nbsp;como&nbsp;<strong>quienes no tienen capacidad<\/strong>.<\/p>\n\n\n\n<p>El&nbsp;<strong>Tigre, Aguilar Coronado, sentenci\u00f3 que Ana Teresa<\/strong>&nbsp;ya es&nbsp;<strong>senadora de la Rep\u00fablica<\/strong>.<\/p>\n\n\n\n<p><strong>Liliana Ortiz precis\u00f3 que Ana Teresa<\/strong>,\u00a0 durante el debate, simplemente\u00a0<strong>confirm\u00f3 que s\u00ed sabe de pol\u00edticas p\u00fablicas aplicables<\/strong>\u00a0para\u00a0<strong>mejorar la calidad de vida de la poblaci\u00f3n<\/strong>, sin distingos\u00a0<strong>partidistas ni colores de camisetas<\/strong>.<\/p>\n\n\n\n<p>Fuente: <a href=\"https:\/\/intoleranciadiario.com\/articles\/politica\/2024\/05\/16\/1025388-ana-teresa-y-sus-correligionarios-se-proclaman-vencedores-del-debate-al-senado.html\">https:\/\/intoleranciadiario.com\/articles\/politica\/2024\/05\/16\/1025388-ana-teresa-y-sus-correligionarios-se-proclaman-vencedores-del-debate-al-senado.html<\/a><\/p>\n","protected":false},"excerpt":{"rendered":"<p>Ana Teresa subray\u00f3 que se sinti\u00f3 triunfadora durante todo el debate pero cant\u00f3 La Victoria cuando observ\u00f3 que su oponente [&hellip;]<\/p>\n","protected":false},"author":1,"featured_media":74334,"comment_status":"open","ping_status":"open","sticky":false,"template":"","format":"standard","meta":{"site-sidebar-layout":"default","site-content-layout":"","ast-site-content-layout":"default","site-content-style":"default","site-sidebar-style":"default","ast-global-header-display":"","ast-banner-title-visibility":"","ast-main-header-display":"","ast-hfb-above-header-display":"","ast-hfb-below-header-display":"","ast-hfb-mobile-header-display":"","site-post-title":"","ast-breadcrumbs-content":"","ast-featured-img":"","footer-sml-layout":"","theme-transparent-header-meta":"","adv-header-id-meta":"","stick-header-meta":"","header-above-stick-meta":"","header-main-stick-meta":"","header-below-stick-meta":"","astra-migrate-meta-layouts":"default","ast-page-background-enabled":"default","ast-page-background-meta":{"desktop":{"background-color":"var(--ast-global-color-4)","background-image":"","background-repeat":"repeat","background-position":"center center","background-size":"auto","background-attachment":"scroll","background-type":"","background-media":"","overlay-type":"","overlay-color":"","overlay-opacity":"","overlay-gradient":""},"tablet":{"background-color":"","background-image":"","background-repeat":"repeat","background-position":"center center","background-size":"auto","background-attachment":"scroll","background-type":"","background-media":"","overlay-type":"","overlay-color":"","overlay-opacity":"","overlay-gradient":""},"mobile":{"background-color":"","background-image":"","background-repeat":"repeat","background-position":"center center","background-size":"auto","background-attachment":"scroll","background-type":"","background-media":"","overlay-type":"","overlay-color":"","overlay-opacity":"","overlay-gradient":""}},"ast-content-background-meta":{"desktop":{"background-color":"var(--ast-global-color-5)","background-image":"","background-repeat":"repeat","background-position":"center center","background-size":"auto","background-attachment":"scroll","background-type":"","background-media":"","overlay-type":"","overlay-color":"","overlay-opacity":"","overlay-gradient":""},"tablet":{"background-color":"var(--ast-global-color-5)","background-image":"","background-repeat":"repeat","background-position":"center center","background-size":"auto","background-attachment":"scroll","background-type":"","background-media":"","overlay-type":"","overlay-color":"","overlay-opacity":"","overlay-gradient":""},"mobile":{"background-color":"var(--ast-global-color-5)","background-image":"","background-repeat":"repeat","background-position":"center center","background-size":"auto","background-attachment":"scroll","background-type":"","background-media":"","overlay-type":"","overlay-color":"","overlay-opacity":"","overlay-gradient":""}},"footnotes":""},"categories":[8],"tags":[5110,18700,9064],"class_list":["post-74333","post","type-post","status-publish","format-standard","has-post-thumbnail","hentry","category-noticias","tag-ana-tere-aranda","tag-liz-sanchez","tag-puebla-elecciones-2024"],"_links":{"self":[{"href":"https:\/\/losperiodistas.com.mx\/portal\/wp-json\/wp\/v2\/posts\/74333","targetHints":{"allow":["GET"]}}],"collection":[{"href":"https:\/\/losperiodistas.com.mx\/portal\/wp-json\/wp\/v2\/posts"}],"about":[{"href":"https:\/\/losperiodistas.com.mx\/portal\/wp-json\/wp\/v2\/types\/post"}],"author":[{"embeddable":true,"href":"https:\/\/losperiodistas.com.mx\/portal\/wp-json\/wp\/v2\/users\/1"}],"replies":[{"embeddable":true,"href":"https:\/\/losperiodistas.com.mx\/portal\/wp-json\/wp\/v2\/comments?post=74333"}],"version-history":[{"count":1,"href":"https:\/\/losperiodistas.com.mx\/portal\/wp-json\/wp\/v2\/posts\/74333\/revisions"}],"predecessor-version":[{"id":74335,"href":"https:\/\/losperiodistas.com.mx\/portal\/wp-json\/wp\/v2\/posts\/74333\/revisions\/74335"}],"wp:featuredmedia":[{"embeddable":true,"href":"https:\/\/losperiodistas.com.mx\/portal\/wp-json\/wp\/v2\/media\/74334"}],"wp:attachment":[{"href":"https:\/\/losperiodistas.com.mx\/portal\/wp-json\/wp\/v2\/media?parent=74333"}],"wp:term":[{"taxonomy":"category","embeddable":true,"href":"https:\/\/losperiodistas.com.mx\/portal\/wp-json\/wp\/v2\/categories?post=74333"},{"taxonomy":"post_tag","embeddable":true,"href":"https:\/\/losperiodistas.com.mx\/portal\/wp-json\/wp\/v2\/tags?post=74333"}],"curies":[{"name":"wp","href":"https:\/\/api.w.org\/{rel}","templated":true}]}}