{"id":74330,"date":"2024-05-16T07:04:23","date_gmt":"2024-05-16T12:04:23","guid":{"rendered":"https:\/\/losperiodistas.com.mx\/portal\/?p=74330"},"modified":"2024-05-16T07:04:37","modified_gmt":"2024-05-16T12:04:37","slug":"se-agrava-crisis-del-agua-en-puebla-pozos-se-secan-y-pipas-suben-de-precio-e-consulta","status":"publish","type":"post","link":"https:\/\/losperiodistas.com.mx\/portal\/se-agrava-crisis-del-agua-en-puebla-pozos-se-secan-y-pipas-suben-de-precio-e-consulta\/","title":{"rendered":"Se agrava crisis del agua en Puebla: pozos se secan y pipas suben de precio | e-consulta"},"content":{"rendered":"\n<p class=\"has-medium-font-size\">Este mi\u00e9rcoles piperos protestaron por el cierre de pozos; diputados prev\u00e9n comparecencia de Agua de Puebla y Soapap<\/p>\n\n\n\n<figure class=\"wp-block-image size-full\"><img fetchpriority=\"high\" decoding=\"async\" width=\"640\" height=\"426\" src=\"https:\/\/losperiodistas.com.mx\/portal\/wp-content\/uploads\/2024\/05\/se_agrava_crisis_del_agua_en_puebla_pozos_se_secan_y_pipas_suben_de_precio.jpg\" alt=\"\" class=\"wp-image-74331\" srcset=\"https:\/\/losperiodistas.com.mx\/portal\/wp-content\/uploads\/2024\/05\/se_agrava_crisis_del_agua_en_puebla_pozos_se_secan_y_pipas_suben_de_precio.jpg 640w, https:\/\/losperiodistas.com.mx\/portal\/wp-content\/uploads\/2024\/05\/se_agrava_crisis_del_agua_en_puebla_pozos_se_secan_y_pipas_suben_de_precio-300x200.jpg 300w\" sizes=\"(max-width: 640px) 100vw, 640px\" \/><figcaption>Foto: Gran Angular<br><br><a href=\"https:\/\/www.facebook.com\/sharer\/sharer.php?u=https:\/\/www.e-consulta.com\/nota\/2024-05-15\/sociedad\/se-agrava-crisis-del-agua-en-puebla-pozos-se-secan-y-pipas-suben-de-precio\" target=\"_blank\" rel=\"noreferrer noopener\"><\/a><a href=\"https:\/\/twitter.com\/intent\/tweet?text=Se%20agrava%20crisis%20del%20agua%20en%20Puebla%3A%20pozos%20se%20secan%20y%20pipas%20suben%20de%20precio&amp;url=https:\/\/www.e-consulta.com\/nota\/2024-05-15\/sociedad\/se-agrava-crisis-del-agua-en-puebla-pozos-se-secan-y-pipas-suben-de-precio&amp;via=e_consulta\" target=\"_blank\" rel=\"noreferrer noopener\"><\/a><a href=\"whatsapp:\/\/send?text=Se%20agrava%20crisis%20del%20agua%20en%20Puebla%3A%20pozos%20se%20secan%20y%20pipas%20suben%20de%20precio%20-%20[Leer]%20https:\/\/www.e-consulta.com\/nota\/2024-05-15\/sociedad\/se-agrava-crisis-del-agua-en-puebla-pozos-se-secan-y-pipas-suben-de-precio\"><\/a><a href=\"\/\/www.e-consulta.com\/nota\/2024-05-15\/sociedad\/se-agrava-crisis-del-agua-en-puebla-pozos-se-secan-y-pipas-suben-de-precio\" target=\"_blank\" rel=\"noreferrer noopener\"><\/a><\/figcaption><\/figure>\n\n\n\n<p class=\"has-vivid-red-color has-text-color has-medium-font-size\"><strong>FERNANDA POTENCIANO \/ e-consulta<\/strong><\/p>\n\n\n\n<p><strong>Puebla&nbsp;<\/strong>vive una&nbsp;<strong>crisis de agua potable<\/strong>. Debido a las&nbsp;<strong>sequ\u00edas y cierres de pozos<\/strong>, las pipas han subidos sus precios&nbsp;<strong>hasta en 200 pesos<\/strong>, las tarifas se incrementaron y se han registrado cortes al suministro, incluso los diputados prev\u00e9n llamar a comparecer al titular del Sistema Operador de los Servicios de Agua Potable y Alcantarillado (<strong>Soapap<\/strong>) y al director de&nbsp;<strong>Agua de Puebla<\/strong>.<\/p>\n\n\n\n<p>Desde los primeros d\u00edas de mayo de este 2024&nbsp;<a href=\"https:\/\/www.e-consulta.com\/nota\/2024-05-14\/ciudad\/suministro-de-agua-en-puebla-enfrenta-el-crecimiento-urbano-descontrolado\" target=\"_blank\" rel=\"noreferrer noopener\">el tema del agua se ha convertido en una preocupaci\u00f3n de cientos de poblanos<\/a>, pues de acuerdo con entrevistas realizadas por&nbsp;<strong>e-consulta&nbsp;<\/strong>a la ciudan\u00eda las&nbsp;<strong>pipas subieron sus precios&nbsp;<\/strong>de un d\u00eda para otro.<\/p>\n\n\n\n<p>Leonardo Andoni, quien tiene un negocio en la zona de&nbsp;<strong>San Andr\u00e9s Cholula<\/strong>,<strong>&nbsp;<\/strong>se\u00f1al\u00f3 que el mes pasado pod\u00eda&nbsp;<strong>llenar dos tanques de agua de mil 100 litros&nbsp;<\/strong>cada uno con&nbsp;<strong>300 pesos<\/strong>, pero este mes ya cuestan&nbsp;<strong>400 pesos<\/strong>&nbsp;los 2 mil 200 litros.<\/p>\n\n\n\n<p>Vecinos de la&nbsp;<strong>colonia Bugambilias<\/strong>, ubicada en la capital poblana, dieron a conocer que&nbsp;<strong>solicitaron una pipa&nbsp;<\/strong>para&nbsp;<strong>regar la zona com\u00fan&nbsp;<\/strong>de \u00e1rboles y plantas debido al intenso calor, pero el precio se increment\u00f3 de un d\u00eda al otro.<\/p>\n\n\n\n<p>Te puede interesar:<\/p>\n\n\n\n<p><a href=\"https:\/\/www.e-consulta.com\/nota\/2024-05-15\/ciudad\/piperos-liberan-vialidades-bloqueo-permanecio-por-mas-de-5-horas\">Piperos liberan vialidades; bloqueo permaneci\u00f3 por m\u00e1s de 5 horas<\/a><\/p>\n\n\n\n<figure class=\"wp-block-embed is-type-rich is-provider-twitter wp-block-embed-twitter\"><div class=\"wp-block-embed__wrapper\">\nhttps:\/\/twitter.com\/e_consulta\/status\/1790933322140377593?ref_src=twsrc%5Etfw%7Ctwcamp%5Etweetembed%7Ctwterm%5E1790933322140377593%7Ctwgr%5E255b80623972ae0c158a703b5326fb60fe777b4e%7Ctwcon%5Es1_c10&#038;ref_url=https%3A%2F%2Fwww.e-consulta.com%2Fnota%2F2024-05-15%2Fsociedad%2Fse-agrava-crisis-del-agua-en-puebla-pozos-se-secan-y-pipas-suben-de-precio\n<\/div><\/figure>\n\n\n\n<p>Aunque s\u00f3lo fueron 20 pesos, se\u00f1alaron que&nbsp;<strong>el servicio de pipas no pudo proporcionar el servicio<\/strong>&nbsp;debido a que&nbsp;<strong>no hay agua en los pozos<\/strong>, misma raz\u00f3n por la que subi\u00f3 el precio de 480 a 500 pesos por una pipa de para refrescar a los \u00e1rboles y pasto.<\/p>\n\n\n\n<p>Asimismo, Alberto V\u00e1zquez dijo que ha tenido ligeras&nbsp;<strong>fluctuaciones en el precio de las pipas<\/strong>;<strong>&nbsp;<\/strong>en la&nbsp;<strong>colonia Loma Linda pas\u00f3 de 450 pesos a 650<\/strong>&nbsp;por 4 mil litros de agua, un incremento del 33 por ciento.<\/p>\n\n\n\n<h2 class=\"wp-block-heading\"><strong>Soapap ser\u00e1 llamado a comparecer para explicar la distribuci\u00f3n de agua<\/strong><\/h2>\n\n\n\n<p>Te puede interesar:<\/p>\n\n\n\n<p><a href=\"https:\/\/www.e-consulta.com\/nota\/2024-05-13\/gobierno\/despues-de-eleccion-congreso-analizara-comparecencia-de-soapap-edgar\">Despu\u00e9s de elecci\u00f3n, Congreso analizar\u00e1 comparecencia de Soapap; Edgar Garmendia<\/a><\/p>\n\n\n\n<p><strong>Edgar Garmendia de los Santos<\/strong>, presidente de la Junta de Gobierno y Coordinaci\u00f3n Pol\u00edtica (Jugocopo) del&nbsp;<strong>Congreso del estado de Puebla<\/strong>,<strong>&nbsp;<\/strong>se\u00f1al\u00f3 que Soapap ser\u00e1 llamado a comparecer para&nbsp;<strong>explicar c\u00f3mo ha realizado el suministro de agua<\/strong>&nbsp;en el estado.<\/p>\n\n\n\n<p>El&nbsp;<strong>Soapap&nbsp;<\/strong>deber\u00e1 enfrentar a la ley para explicar cu\u00e1l fue y c\u00f3mo se llev\u00f3 a cabo la inversi\u00f3n para&nbsp;<strong>llevar el l\u00edquido a las familias poblanas<\/strong>, pues actualmente existe una crisis.<\/p>\n\n\n\n<p>La diputada del PAN,&nbsp;<strong>Guadalupe Leal<\/strong>&nbsp;y su compa\u00f1ero, Jos\u00e9 Luis P\u00e9rez Pavia, evidenciaron la&nbsp;<strong>falta de suministro de agua&nbsp;<\/strong>en toda la entidad, lo cual es preocupante por falta de acciones h\u00eddricas.<\/p>\n\n\n\n<p>En tanto, el petista\u00a0<strong>Jos\u00e9 P\u00e9rez Pavia\u00a0<\/strong>present\u00f3 un exhorto para obligar a la empresa\u00a0<strong>Agua de Puebla para Todos<\/strong>\u00a0a dotar de pipas gratuitas a quienes est\u00e9n al corriente con sus pagos.<\/p>\n\n\n\n<p>Esto debido a que se han presentado diversas anomal\u00edas en el servicio que dejan sin agua a los poblanos.<\/p>\n\n\n\n<p><strong>Quienes suministran agua tambi\u00e9n se ven afectados: piperos cierran calles<\/strong><\/p>\n\n\n\n<p>Este mi\u00e9rcoles\u00a0<strong>piperos del estado de Puebla<\/strong>\u00a0realizaron\u00a0<strong>cierres viales\u00a0<\/strong>en los principales\u00a0<strong>bulevares de Puebla<\/strong>\u00a0y exigieron a las autoridades la\u00a0<strong>reapertura de pozos de agua<\/strong>, lo que gener\u00f3\u00a0<strong>caos vial por m\u00e1s de 5 horas<\/strong>.<\/p>\n\n\n\n<figure class=\"wp-block-embed is-type-rich is-provider-twitter wp-block-embed-twitter\"><div class=\"wp-block-embed__wrapper\">\nhttps:\/\/twitter.com\/e_consulta\/status\/1790848973768425732?ref_src=twsrc%5Etfw%7Ctwcamp%5Etweetembed%7Ctwterm%5E1790848973768425732%7Ctwgr%5E255b80623972ae0c158a703b5326fb60fe777b4e%7Ctwcon%5Es1_c10&#038;ref_url=https%3A%2F%2Fwww.e-consulta.com%2Fnota%2F2024-05-15%2Fsociedad%2Fse-agrava-crisis-del-agua-en-puebla-pozos-se-secan-y-pipas-suben-de-precio\n<\/div><\/figure>\n\n\n\n<p>Se vieron afectados el&nbsp;<strong>bulevar Esteban de Antu\u00f1ano<\/strong>, la&nbsp;<strong>Recta a Cholula<\/strong>, el&nbsp;<strong>Perif\u00e9rico Ecol\u00f3gico<\/strong>&nbsp;y<strong>&nbsp;Valsequillo a altura de San Francisco Totimehuacan<\/strong>; amenazaron con continuar los cierres hasta el d\u00eda de ma\u00f1ana.<\/p>\n\n\n\n<p>Sin embargo, en la tarde personal de gobierno colabor\u00f3 para implementar una mesa de trabajo en que la\u00a0<strong>Comisi\u00f3n Nacional del Agua\u00a0<\/strong>(Conagua)\u00a0<strong>se comprometi\u00f3 a revisar cada cierre de pozo<\/strong>. (CR)<\/p>\n\n\n\n<p>Fuente: <a href=\"https:\/\/www.e-consulta.com\/nota\/2024-05-15\/sociedad\/se-agrava-crisis-del-agua-en-puebla-pozos-se-secan-y-pipas-suben-de-precio\">https:\/\/www.e-consulta.com\/nota\/2024-05-15\/sociedad\/se-agrava-crisis-del-agua-en-puebla-pozos-se-secan-y-pipas-suben-de-precio<\/a><\/p>\n","protected":false},"excerpt":{"rendered":"<p>Este mi\u00e9rcoles piperos protestaron por el cierre de pozos; diputados prev\u00e9n comparecencia de Agua de Puebla y Soapap FERNANDA POTENCIANO [&hellip;]<\/p>\n","protected":false},"author":1,"featured_media":74331,"comment_status":"open","ping_status":"open","sticky":false,"template":"","format":"standard","meta":{"site-sidebar-layout":"default","site-content-layout":"","ast-site-content-layout":"default","site-content-style":"default","site-sidebar-style":"default","ast-global-header-display":"","ast-banner-title-visibility":"","ast-main-header-display":"","ast-hfb-above-header-display":"","ast-hfb-below-header-display":"","ast-hfb-mobile-header-display":"","site-post-title":"","ast-breadcrumbs-content":"","ast-featured-img":"","footer-sml-layout":"","theme-transparent-header-meta":"","adv-header-id-meta":"","stick-header-meta":"","header-above-stick-meta":"","header-main-stick-meta":"","header-below-stick-meta":"","astra-migrate-meta-layouts":"default","ast-page-background-enabled":"default","ast-page-background-meta":{"desktop":{"background-color":"var(--ast-global-color-4)","background-image":"","background-repeat":"repeat","background-position":"center center","background-size":"auto","background-attachment":"scroll","background-type":"","background-media":"","overlay-type":"","overlay-color":"","overlay-opacity":"","overlay-gradient":""},"tablet":{"background-color":"","background-image":"","background-repeat":"repeat","background-position":"center center","background-size":"auto","background-attachment":"scroll","background-type":"","background-media":"","overlay-type":"","overlay-color":"","overlay-opacity":"","overlay-gradient":""},"mobile":{"background-color":"","background-image":"","background-repeat":"repeat","background-position":"center center","background-size":"auto","background-attachment":"scroll","background-type":"","background-media":"","overlay-type":"","overlay-color":"","overlay-opacity":"","overlay-gradient":""}},"ast-content-background-meta":{"desktop":{"background-color":"var(--ast-global-color-5)","background-image":"","background-repeat":"repeat","background-position":"center center","background-size":"auto","background-attachment":"scroll","background-type":"","background-media":"","overlay-type":"","overlay-color":"","overlay-opacity":"","overlay-gradient":""},"tablet":{"background-color":"var(--ast-global-color-5)","background-image":"","background-repeat":"repeat","background-position":"center center","background-size":"auto","background-attachment":"scroll","background-type":"","background-media":"","overlay-type":"","overlay-color":"","overlay-opacity":"","overlay-gradient":""},"mobile":{"background-color":"var(--ast-global-color-5)","background-image":"","background-repeat":"repeat","background-position":"center center","background-size":"auto","background-attachment":"scroll","background-type":"","background-media":"","overlay-type":"","overlay-color":"","overlay-opacity":"","overlay-gradient":""}},"footnotes":""},"categories":[8],"tags":[25036,25035,25034,9788],"class_list":["post-74330","post","type-post","status-publish","format-standard","has-post-thumbnail","hentry","category-noticias","tag-cierre-de-pozos-puebla","tag-crisis-agua-potable-puebla","tag-pipero","tag-soapap"],"_links":{"self":[{"href":"https:\/\/losperiodistas.com.mx\/portal\/wp-json\/wp\/v2\/posts\/74330","targetHints":{"allow":["GET"]}}],"collection":[{"href":"https:\/\/losperiodistas.com.mx\/portal\/wp-json\/wp\/v2\/posts"}],"about":[{"href":"https:\/\/losperiodistas.com.mx\/portal\/wp-json\/wp\/v2\/types\/post"}],"author":[{"embeddable":true,"href":"https:\/\/losperiodistas.com.mx\/portal\/wp-json\/wp\/v2\/users\/1"}],"replies":[{"embeddable":true,"href":"https:\/\/losperiodistas.com.mx\/portal\/wp-json\/wp\/v2\/comments?post=74330"}],"version-history":[{"count":1,"href":"https:\/\/losperiodistas.com.mx\/portal\/wp-json\/wp\/v2\/posts\/74330\/revisions"}],"predecessor-version":[{"id":74332,"href":"https:\/\/losperiodistas.com.mx\/portal\/wp-json\/wp\/v2\/posts\/74330\/revisions\/74332"}],"wp:featuredmedia":[{"embeddable":true,"href":"https:\/\/losperiodistas.com.mx\/portal\/wp-json\/wp\/v2\/media\/74331"}],"wp:attachment":[{"href":"https:\/\/losperiodistas.com.mx\/portal\/wp-json\/wp\/v2\/media?parent=74330"}],"wp:term":[{"taxonomy":"category","embeddable":true,"href":"https:\/\/losperiodistas.com.mx\/portal\/wp-json\/wp\/v2\/categories?post=74330"},{"taxonomy":"post_tag","embeddable":true,"href":"https:\/\/losperiodistas.com.mx\/portal\/wp-json\/wp\/v2\/tags?post=74330"}],"curies":[{"name":"wp","href":"https:\/\/api.w.org\/{rel}","templated":true}]}}