{"id":74311,"date":"2024-05-15T12:34:42","date_gmt":"2024-05-15T17:34:42","guid":{"rendered":"https:\/\/losperiodistas.com.mx\/portal\/?p=74311"},"modified":"2024-05-15T12:34:44","modified_gmt":"2024-05-15T17:34:44","slug":"entre-las-lagrimas-de-juliette-binoche-y-la-humildad-de-meryl-streep-el-festival-de-cannes-se-presenta-repleto-de-emociones-magas","status":"publish","type":"post","link":"https:\/\/losperiodistas.com.mx\/portal\/entre-las-lagrimas-de-juliette-binoche-y-la-humildad-de-meryl-streep-el-festival-de-cannes-se-presenta-repleto-de-emociones-magas\/","title":{"rendered":"Entre las l\u00e1grimas de Juliette Binoche y la humildad de Meryl Streep el Festival de Cannes se presenta repleto de emociones | Magas"},"content":{"rendered":"\n<h2 class=\"has-medium-font-size wp-block-heading\">Una elegante Meryl Streep recogi\u00f3 la Palma de Honor con un gran derroche de emoci\u00f3n y humildad, a partes iguales.<\/h2>\n\n\n\n<p><\/p>\n\n\n\n<figure class=\"wp-block-image size-large\"><img fetchpriority=\"high\" decoding=\"async\" width=\"1024\" height=\"576\" src=\"https:\/\/losperiodistas.com.mx\/portal\/wp-content\/uploads\/2024\/05\/855424703_242310378_1706x960-1024x576.jpg\" alt=\"\" class=\"wp-image-74315\" srcset=\"https:\/\/losperiodistas.com.mx\/portal\/wp-content\/uploads\/2024\/05\/855424703_242310378_1706x960-1024x576.jpg 1024w, https:\/\/losperiodistas.com.mx\/portal\/wp-content\/uploads\/2024\/05\/855424703_242310378_1706x960-300x169.jpg 300w, https:\/\/losperiodistas.com.mx\/portal\/wp-content\/uploads\/2024\/05\/855424703_242310378_1706x960-768x432.jpg 768w, https:\/\/losperiodistas.com.mx\/portal\/wp-content\/uploads\/2024\/05\/855424703_242310378_1706x960-1536x864.jpg 1536w, https:\/\/losperiodistas.com.mx\/portal\/wp-content\/uploads\/2024\/05\/855424703_242310378_1706x960.jpg 1706w\" sizes=\"(max-width: 1024px) 100vw, 1024px\" \/><figcaption>Meryl Streep recogiendo la Palma de Honor en el Festival de Cannes.\u00a0Gtres<\/figcaption><\/figure>\n\n\n\n<p class=\"has-vivid-red-color has-text-color has-medium-font-size\"><strong><a href=\"https:\/\/www.elespanol.com\/autor\/montse-f-frias\/\">Montse F. Fr\u00edas<\/a> \/ MAGAS<\/strong><\/p>\n\n\n\n<p id=\"paragraph_1\">\u00abHas cambiado&nbsp;<strong>la forma de ver a las mujeres en el cine<\/strong>&nbsp;y nos has dado una nueva imagen de nosotras mismas\u00bb pronunci\u00f3 entre l\u00e1grimas la actriz francesa&nbsp;<strong>Juliette Binoche<\/strong>, al entregar<strong>&nbsp;la Palma de Honor<\/strong>&nbsp;a una incombustible&nbsp;<a href=\"https:\/\/www.elespanol.com\/mujer\/moda\/20231020\/lecciones-moda-meryl-streep-copiar-personal-estilo-actriz-polifacetica-hollywood\/803199679_3.html\">Meryl Streep<\/a><strong>,<\/strong>&nbsp;anoche en la ceremonia inaugural del&nbsp;<strong>Festival de Cannes<\/strong>.<\/p>\n\n\n\n<p id=\"paragraph_2\">\u00abEstoy muy contenta de que no os hay\u00e1is cansado de mi cara\u00bb, dijo la actriz que ha recibido&nbsp;<strong>tres premios Oscar, nueve Globos de Oro, tres Emmys y dos Bafta<\/strong>.<\/p>\n\n\n\n<p id=\"paragraph_3\"><strong>Meryl Streep ha sido la protagonista indiscutible<\/strong>&nbsp;de la ceremonia de apertura de la 77 edici\u00f3n de este Festival. La actriz vive cada galard\u00f3n con la misma ilusi\u00f3n con la que recibi\u00f3 el primero, y tambi\u00e9n con la humildad que caracteriza a la estrella.<\/p>\n\n\n\n<p id=\"paragraph_4\"><em><a href=\"https:\/\/www.elespanol.com\/mujer\/moda\/20240510\/scarlett-johansson-protagoniza-nueva-campana-prada-galleria-evolucion-constante-clasico\/846415654_0.html\">[Scarlett Johansson protagoniza la nueva campa\u00f1a de Prada Galleria: la evoluci\u00f3n constante de un cl\u00e1sico]<\/a><\/em><\/p>\n\n\n\n<p id=\"paragraph_4\"><\/p>\n\n\n\n<figure class=\"wp-block-image size-large\"><img decoding=\"async\" width=\"1024\" height=\"575\" src=\"https:\/\/losperiodistas.com.mx\/portal\/wp-content\/uploads\/2024\/05\/Captura-de-Pantalla-2024-05-15-a-las-11.30.20-1024x575.jpg\" alt=\"\" class=\"wp-image-74314\" srcset=\"https:\/\/losperiodistas.com.mx\/portal\/wp-content\/uploads\/2024\/05\/Captura-de-Pantalla-2024-05-15-a-las-11.30.20-1024x575.jpg 1024w, https:\/\/losperiodistas.com.mx\/portal\/wp-content\/uploads\/2024\/05\/Captura-de-Pantalla-2024-05-15-a-las-11.30.20-300x168.jpg 300w, https:\/\/losperiodistas.com.mx\/portal\/wp-content\/uploads\/2024\/05\/Captura-de-Pantalla-2024-05-15-a-las-11.30.20-768x431.jpg 768w, https:\/\/losperiodistas.com.mx\/portal\/wp-content\/uploads\/2024\/05\/Captura-de-Pantalla-2024-05-15-a-las-11.30.20.jpg 1304w\" sizes=\"(max-width: 1024px) 100vw, 1024px\" \/><\/figure>\n\n\n\n<p>Meryl Streep recibe el galard\u00f3n de manos de Juliette Binoche.&nbsp;Gtres<\/p>\n\n\n\n<h3 class=\"wp-block-heading\">Toda una vida en cine<\/h3>\n\n\n\n<p id=\"paragraph_5\">Tras la proyecci\u00f3n de un video que&nbsp;<strong>ha repasado toda su filmograf\u00eda<\/strong>, y del que la actriz ha comentado que ese resumen es como mirar por la venta de un tren de alta velocidad que&nbsp;<strong>va como un rel\u00e1mpago,<\/strong>&nbsp;\u00abdesde mi juventud al d\u00eda de hoy\u00bb.<\/p>\n\n\n\n<p id=\"paragraph_6\"><em><a href=\"https:\/\/www.elespanol.com\/mujer\/actualidad\/20231020\/premios-princesa-asturias-llegan-primeros-invitados-teatro-campoamor\/803449654_3.html\">[De la alegr\u00eda de Meryl Streep a los llamativos complementos de Paloma Rocasolano: los invitados de los Premios Princesa de Asturias]<\/a><\/em><\/p>\n\n\n\n<p id=\"paragraph_7\">En su discurso, Streep ha recordado\u00a0<strong>lo que pens\u00f3 hace 35 a\u00f1os,<\/strong>\u00a0cuando pis\u00f3 por primera vez el Festival Internacional de Cannes. \u00abEra madre de tres hijos.\u00a0<strong>Me acercaba a los 40 y pens\u00e9 que mi carrera hab\u00eda terminado<\/strong>. En ese momento, para una actriz, esa era una predicci\u00f3n razonable. La \u00fanica raz\u00f3n por la que estoy aqu\u00ed esta noche es por los maravillosos artistas con los que he trabajado\u00bb, ha se\u00f1alado.<\/p>\n\n\n\n<p id=\"paragraph_7\"><\/p>\n\n\n\n<figure class=\"wp-block-image size-large\"><img decoding=\"async\" width=\"1024\" height=\"580\" src=\"https:\/\/losperiodistas.com.mx\/portal\/wp-content\/uploads\/2024\/05\/Captura-de-Pantalla-2024-05-15-a-las-11.30.31-1024x580.jpg\" alt=\"\" class=\"wp-image-74313\" srcset=\"https:\/\/losperiodistas.com.mx\/portal\/wp-content\/uploads\/2024\/05\/Captura-de-Pantalla-2024-05-15-a-las-11.30.31-1024x580.jpg 1024w, https:\/\/losperiodistas.com.mx\/portal\/wp-content\/uploads\/2024\/05\/Captura-de-Pantalla-2024-05-15-a-las-11.30.31-300x170.jpg 300w, https:\/\/losperiodistas.com.mx\/portal\/wp-content\/uploads\/2024\/05\/Captura-de-Pantalla-2024-05-15-a-las-11.30.31-768x435.jpg 768w, https:\/\/losperiodistas.com.mx\/portal\/wp-content\/uploads\/2024\/05\/Captura-de-Pantalla-2024-05-15-a-las-11.30.31.jpg 1300w\" sizes=\"(max-width: 1024px) 100vw, 1024px\" \/><\/figure>\n\n\n\n<p>Streep con un impecable vestido claro en el Festival de Cannes.&nbsp;Gtres<\/p>\n\n\n\n<h3 class=\"wp-block-heading\">Su peluquero y su m\u00e1nager<\/h3>\n\n\n\n<p id=\"paragraph_8\">As\u00ed, cit\u00f3 a las&nbsp;<strong>dos personas con las que forma equipo<\/strong>&nbsp;y a las que ha dedicado la Palma de Oro porque \u00ables debo mucho\u00bb, confirmaba. No eran otros que&nbsp;<strong>su representante Kevin Huvane<\/strong>, que gestiona su carrera desde hace 33 a\u00f1os. \u00abM\u00e1s de tres d\u00e9cadas de feliz y productiva amistad y colaboraci\u00f3n profesional\u00bb, ha dicho.<\/p>\n\n\n\n<p id=\"paragraph_9\">Tambi\u00e9n ha tenido palabras para su&nbsp;<strong>maquillador y peluquero Roy Helland<\/strong>. \u00ab\u00c9l es el responsable de casi cada uno de los personajes que he interpretado durante la \u00faltima mitad de este siglo\u00bb, asegur\u00f3 la actriz.<\/p>\n\n\n\n<h3 class=\"wp-block-heading\">Vestido largo y claro<\/h3>\n\n\n\n<p id=\"paragraph_10\">Ataviada con un elegante vestido blanco y derrochando estilo, la actriz de 74 a\u00f1os, hizo su entrada en escena con la m\u00fasica de&nbsp;<em>Memorias de \u00c1frica<\/em>&nbsp;(1985) dirigida por Sydney Pollack, y uno de sus papeles m\u00e1s reconocidos.<\/p>\n\n\n\n<p id=\"paragraph_11\">En la alfombra roja hizo gala de su sentido del humor al son de\u00a0<em>Dancing Queen<\/em>, la canci\u00f3n de ABBA, que figura en la banda sonora de la pel\u00edcula\u00a0<em>Mamma Mia<\/em>\u00a0en la que demostr\u00f3 que puede hacer comedia igual que drama.<\/p>\n\n\n\n<p id=\"paragraph_12\">Ya por la ma\u00f1ana, hab\u00eda posado ante la prensa a su llegada a Cannes, con un traje blanco, camisa de rayas, stilettos plateados de tac\u00f3n muy alto y sombrero, demostrando lo que es,&nbsp;<strong>una gran dama del cine<\/strong>.<\/p>\n","protected":false},"excerpt":{"rendered":"<p>Una elegante Meryl Streep recogi\u00f3 la Palma de Honor con un gran derroche de emoci\u00f3n y humildad, a partes iguales. [&hellip;]<\/p>\n","protected":false},"author":1,"featured_media":74315,"comment_status":"open","ping_status":"open","sticky":false,"template":"","format":"standard","meta":{"site-sidebar-layout":"default","site-content-layout":"","ast-site-content-layout":"default","site-content-style":"default","site-sidebar-style":"default","ast-global-header-display":"","ast-banner-title-visibility":"","ast-main-header-display":"","ast-hfb-above-header-display":"","ast-hfb-below-header-display":"","ast-hfb-mobile-header-display":"","site-post-title":"","ast-breadcrumbs-content":"","ast-featured-img":"","footer-sml-layout":"","theme-transparent-header-meta":"","adv-header-id-meta":"","stick-header-meta":"","header-above-stick-meta":"","header-main-stick-meta":"","header-below-stick-meta":"","astra-migrate-meta-layouts":"default","ast-page-background-enabled":"default","ast-page-background-meta":{"desktop":{"background-color":"var(--ast-global-color-4)","background-image":"","background-repeat":"repeat","background-position":"center center","background-size":"auto","background-attachment":"scroll","background-type":"","background-media":"","overlay-type":"","overlay-color":"","overlay-opacity":"","overlay-gradient":""},"tablet":{"background-color":"","background-image":"","background-repeat":"repeat","background-position":"center center","background-size":"auto","background-attachment":"scroll","background-type":"","background-media":"","overlay-type":"","overlay-color":"","overlay-opacity":"","overlay-gradient":""},"mobile":{"background-color":"","background-image":"","background-repeat":"repeat","background-position":"center center","background-size":"auto","background-attachment":"scroll","background-type":"","background-media":"","overlay-type":"","overlay-color":"","overlay-opacity":"","overlay-gradient":""}},"ast-content-background-meta":{"desktop":{"background-color":"var(--ast-global-color-5)","background-image":"","background-repeat":"repeat","background-position":"center center","background-size":"auto","background-attachment":"scroll","background-type":"","background-media":"","overlay-type":"","overlay-color":"","overlay-opacity":"","overlay-gradient":""},"tablet":{"background-color":"var(--ast-global-color-5)","background-image":"","background-repeat":"repeat","background-position":"center center","background-size":"auto","background-attachment":"scroll","background-type":"","background-media":"","overlay-type":"","overlay-color":"","overlay-opacity":"","overlay-gradient":""},"mobile":{"background-color":"var(--ast-global-color-5)","background-image":"","background-repeat":"repeat","background-position":"center center","background-size":"auto","background-attachment":"scroll","background-type":"","background-media":"","overlay-type":"","overlay-color":"","overlay-opacity":"","overlay-gradient":""}},"footnotes":""},"categories":[8],"tags":[24991,8200,25031],"class_list":["post-74311","post","type-post","status-publish","format-standard","has-post-thumbnail","hentry","category-noticias","tag-festival-de-cannes-2024","tag-juliette-binoche","tag-meryl-streep"],"_links":{"self":[{"href":"https:\/\/losperiodistas.com.mx\/portal\/wp-json\/wp\/v2\/posts\/74311","targetHints":{"allow":["GET"]}}],"collection":[{"href":"https:\/\/losperiodistas.com.mx\/portal\/wp-json\/wp\/v2\/posts"}],"about":[{"href":"https:\/\/losperiodistas.com.mx\/portal\/wp-json\/wp\/v2\/types\/post"}],"author":[{"embeddable":true,"href":"https:\/\/losperiodistas.com.mx\/portal\/wp-json\/wp\/v2\/users\/1"}],"replies":[{"embeddable":true,"href":"https:\/\/losperiodistas.com.mx\/portal\/wp-json\/wp\/v2\/comments?post=74311"}],"version-history":[{"count":1,"href":"https:\/\/losperiodistas.com.mx\/portal\/wp-json\/wp\/v2\/posts\/74311\/revisions"}],"predecessor-version":[{"id":74316,"href":"https:\/\/losperiodistas.com.mx\/portal\/wp-json\/wp\/v2\/posts\/74311\/revisions\/74316"}],"wp:featuredmedia":[{"embeddable":true,"href":"https:\/\/losperiodistas.com.mx\/portal\/wp-json\/wp\/v2\/media\/74315"}],"wp:attachment":[{"href":"https:\/\/losperiodistas.com.mx\/portal\/wp-json\/wp\/v2\/media?parent=74311"}],"wp:term":[{"taxonomy":"category","embeddable":true,"href":"https:\/\/losperiodistas.com.mx\/portal\/wp-json\/wp\/v2\/categories?post=74311"},{"taxonomy":"post_tag","embeddable":true,"href":"https:\/\/losperiodistas.com.mx\/portal\/wp-json\/wp\/v2\/tags?post=74311"}],"curies":[{"name":"wp","href":"https:\/\/api.w.org\/{rel}","templated":true}]}}