{"id":74308,"date":"2024-05-15T09:09:18","date_gmt":"2024-05-15T14:09:18","guid":{"rendered":"https:\/\/losperiodistas.com.mx\/portal\/?p=74308"},"modified":"2024-05-15T09:09:20","modified_gmt":"2024-05-15T14:09:20","slug":"amlo-da-regalo-por-el-dia-del-maestro-anuncia-aumento-salarial-de-10-el-financiero","status":"publish","type":"post","link":"https:\/\/losperiodistas.com.mx\/portal\/amlo-da-regalo-por-el-dia-del-maestro-anuncia-aumento-salarial-de-10-el-financiero\/","title":{"rendered":"AMLO da \u2018regalo\u2019 por el D\u00eda del Maestro: Anuncia aumento salarial de 10% | El Financiero"},"content":{"rendered":"\n<h2 class=\"has-medium-font-size wp-block-heading\">Estos son los temas m\u00e1s importantes de la conferencia matutina del presidente Andr\u00e9s Manuel L\u00f3pez Obrador este mi\u00e9rcoles.<\/h2>\n\n\n\n<figure class=\"wp-block-image\"><img decoding=\"async\" src=\"https:\/\/www.elfinanciero.com.mx\/resizer\/gtBsvb5x8zvFwkHYkj2UIdPZdR8=\/800x0\/filters:format(jpg):quality(70)\/cloudfront-us-east-1.images.arcpublishing.com\/elfinanciero\/3LJQP3WNDFAJNFIXWE2EFB6XKQ.jpg\" alt=\"\"\/><figcaption>Andr\u00e9s Manuel L\u00f3pez Obrador, presidente de M\u00e9xico, durante su intervenci\u00f3n en la conferencia de prensa matutina en Palacio Nacional.&nbsp;(Mario Jasso)<\/figcaption><\/figure>\n\n\n\n<p class=\"has-vivid-red-color has-text-color has-medium-font-size\"><strong>Redacci\u00f3n El Financiero<\/strong><\/p>\n\n\n\n<p>El\u00a0<strong>presidente Andr\u00e9s Manuel L\u00f3pez Obrador\u00a0<\/strong><a href=\"https:\/\/www.elfinanciero.com.mx\/nacional\/2024\/05\/13\/amlo-mananera-temas-hoy-14-de-mayo-2024-en-vivo\/\" target=\"_blank\" rel=\"noreferrer noopener\">encabeza su conferencia \u2018ma\u00f1anera\u2019\u00a0<\/a>de este mi\u00e9rcoles 15 de mayo desde Palacio Nacional.<\/p>\n\n\n\n<h2 class=\"wp-block-heading\">AMLO \u2018da regalo\u2019 por D\u00eda del Maestro y anuncia c\u00f3mo quedar\u00e1 el aumento salarial<\/h2>\n\n\n\n<p>Al iniciar la conferencia matutina de este mi\u00e9rcoles, AMLO felicit\u00f3 a las maestras y maestros en su d\u00eda. Adem\u00e1s, anunci\u00f3 que habr\u00e1 un aumento salarial del 10 por ciento, por lo que el sueldo a los docentes se ajustar\u00e1 al final de su sexenio.<\/p>\n\n\n\n<p>L\u00f3pez Obrador dijo que al mediod\u00eda de este 15 de mayo tendr\u00e1 un evento con maestros, l\u00edderes, representantes y dirigentes de todo el pa\u00eds.<\/p>\n\n\n\n<p>El presidente agreg\u00f3 que durante la comida se har\u00e1n otros anuncios en materia educativa, pero adelant\u00f3 que el aumento salarial quedar\u00e1 en 17 mil 635 pesos mensuales lo que representa un aumento de 47 por ciento en lo que va de su administraci\u00f3n.<\/p>\n\n\n\n<p>\u201cEn nuestro gobierno jam\u00e1s le hemos faltado al respeto a maestras y maestros por el trato digno que merecen, junto con la admiraci\u00f3n. Hemos procurado mejorar sus condiciones salariales y condiciones sociales hasta el l\u00edmite de nuestras posibilidades\u201d, fue parte de la carta que ley\u00f3 AMLO para conmemorar a los docentes.<\/p>\n\n\n\n<h2 class=\"wp-block-heading\">AMLO: Lo \u00faltimo de sus conferencias \u2018ma\u00f1aneras\u2019 esta semana<\/h2>\n\n\n\n<ul class=\"wp-block-list\"><li>Al finalizar su conferencia del martes, el presidente afirm\u00f3 que visitar\u00eda Puebla y Tlaxcala y este mi\u00e9rcoles 15 de mayo, ir\u00e1 a Toluca para revisar la federalizaci\u00f3n del sistema de salud.<\/li><li>Al hablar sobre la imparcialidad en el&nbsp;<a href=\"https:\/\/www.elfinanciero.com.mx\/elecciones-mexico-2024\/2024\/05\/12\/tercer-debate-chilango-2024-hoy-sigue-el-ultimo-agarron-de-brugada-taboada-y-chertorivski-en-vivo\/\">proceso electoral del 2 de junio<\/a>, el presidente asegur\u00f3 que hay \u201c<strong>piso parejo<\/strong>\u201d para los candidatos a la presidencia de la de Rep\u00fablica.<\/li><li>El titular del Ejecutivo rechaz\u00f3 que durante las elecciones del pr\u00f3ximo 2 de junio ocurra un&nbsp;<a href=\"https:\/\/www.elfinanciero.com.mx\/nacional\/2024\/05\/13\/segunda-ola-de-calor-se-despide-sistema-electrico-se-pone-a-prueba-con-dos-alertas\/\">apag\u00f3n en el pa\u00eds<\/a>, esto luego de que la consejera del INE, Guadalupe Taddei externara su preocupaci\u00f3n para el d\u00eda de las elecciones, \u201ceso s\u00ed calienta, si no somos iguales\u201d.<\/li><\/ul>\n\n\n\n<p>Fuente: <a href=\"https:\/\/www.elfinanciero.com.mx\/nacional\/2024\/05\/15\/amlo-mananera-temas-hoy-15-de-mayo-2024-en-vivo\/\">https:\/\/www.elfinanciero.com.mx\/nacional\/2024\/05\/15\/amlo-mananera-temas-hoy-15-de-mayo-2024-en-vivo\/<\/a><\/p>\n","protected":false},"excerpt":{"rendered":"<p>Estos son los temas m\u00e1s importantes de la conferencia matutina del presidente Andr\u00e9s Manuel L\u00f3pez Obrador este mi\u00e9rcoles. Redacci\u00f3n El [&hellip;]<\/p>\n","protected":false},"author":1,"featured_media":74309,"comment_status":"open","ping_status":"open","sticky":false,"template":"","format":"standard","meta":{"site-sidebar-layout":"default","site-content-layout":"","ast-site-content-layout":"default","site-content-style":"default","site-sidebar-style":"default","ast-global-header-display":"","ast-banner-title-visibility":"","ast-main-header-display":"","ast-hfb-above-header-display":"","ast-hfb-below-header-display":"","ast-hfb-mobile-header-display":"","site-post-title":"","ast-breadcrumbs-content":"","ast-featured-img":"","footer-sml-layout":"","theme-transparent-header-meta":"","adv-header-id-meta":"","stick-header-meta":"","header-above-stick-meta":"","header-main-stick-meta":"","header-below-stick-meta":"","astra-migrate-meta-layouts":"default","ast-page-background-enabled":"default","ast-page-background-meta":{"desktop":{"background-color":"var(--ast-global-color-4)","background-image":"","background-repeat":"repeat","background-position":"center center","background-size":"auto","background-attachment":"scroll","background-type":"","background-media":"","overlay-type":"","overlay-color":"","overlay-opacity":"","overlay-gradient":""},"tablet":{"background-color":"","background-image":"","background-repeat":"repeat","background-position":"center center","background-size":"auto","background-attachment":"scroll","background-type":"","background-media":"","overlay-type":"","overlay-color":"","overlay-opacity":"","overlay-gradient":""},"mobile":{"background-color":"","background-image":"","background-repeat":"repeat","background-position":"center center","background-size":"auto","background-attachment":"scroll","background-type":"","background-media":"","overlay-type":"","overlay-color":"","overlay-opacity":"","overlay-gradient":""}},"ast-content-background-meta":{"desktop":{"background-color":"var(--ast-global-color-5)","background-image":"","background-repeat":"repeat","background-position":"center center","background-size":"auto","background-attachment":"scroll","background-type":"","background-media":"","overlay-type":"","overlay-color":"","overlay-opacity":"","overlay-gradient":""},"tablet":{"background-color":"var(--ast-global-color-5)","background-image":"","background-repeat":"repeat","background-position":"center center","background-size":"auto","background-attachment":"scroll","background-type":"","background-media":"","overlay-type":"","overlay-color":"","overlay-opacity":"","overlay-gradient":""},"mobile":{"background-color":"var(--ast-global-color-5)","background-image":"","background-repeat":"repeat","background-position":"center center","background-size":"auto","background-attachment":"scroll","background-type":"","background-media":"","overlay-type":"","overlay-color":"","overlay-opacity":"","overlay-gradient":""}},"footnotes":""},"categories":[8],"tags":[25030,25029],"class_list":["post-74308","post","type-post","status-publish","format-standard","has-post-thumbnail","hentry","category-noticias","tag-aumento-salarial-a-maestros","tag-dia-del-maestro-en-mexico"],"_links":{"self":[{"href":"https:\/\/losperiodistas.com.mx\/portal\/wp-json\/wp\/v2\/posts\/74308","targetHints":{"allow":["GET"]}}],"collection":[{"href":"https:\/\/losperiodistas.com.mx\/portal\/wp-json\/wp\/v2\/posts"}],"about":[{"href":"https:\/\/losperiodistas.com.mx\/portal\/wp-json\/wp\/v2\/types\/post"}],"author":[{"embeddable":true,"href":"https:\/\/losperiodistas.com.mx\/portal\/wp-json\/wp\/v2\/users\/1"}],"replies":[{"embeddable":true,"href":"https:\/\/losperiodistas.com.mx\/portal\/wp-json\/wp\/v2\/comments?post=74308"}],"version-history":[{"count":1,"href":"https:\/\/losperiodistas.com.mx\/portal\/wp-json\/wp\/v2\/posts\/74308\/revisions"}],"predecessor-version":[{"id":74310,"href":"https:\/\/losperiodistas.com.mx\/portal\/wp-json\/wp\/v2\/posts\/74308\/revisions\/74310"}],"wp:featuredmedia":[{"embeddable":true,"href":"https:\/\/losperiodistas.com.mx\/portal\/wp-json\/wp\/v2\/media\/74309"}],"wp:attachment":[{"href":"https:\/\/losperiodistas.com.mx\/portal\/wp-json\/wp\/v2\/media?parent=74308"}],"wp:term":[{"taxonomy":"category","embeddable":true,"href":"https:\/\/losperiodistas.com.mx\/portal\/wp-json\/wp\/v2\/categories?post=74308"},{"taxonomy":"post_tag","embeddable":true,"href":"https:\/\/losperiodistas.com.mx\/portal\/wp-json\/wp\/v2\/tags?post=74308"}],"curies":[{"name":"wp","href":"https:\/\/api.w.org\/{rel}","templated":true}]}}