{"id":74300,"date":"2024-05-15T08:37:09","date_gmt":"2024-05-15T13:37:09","guid":{"rendered":"https:\/\/losperiodistas.com.mx\/portal\/?p=74300"},"modified":"2024-05-15T08:37:11","modified_gmt":"2024-05-15T13:37:11","slug":"dia-internacional-de-la-objecion-de-conciencia-did","status":"publish","type":"post","link":"https:\/\/losperiodistas.com.mx\/portal\/dia-internacional-de-la-objecion-de-conciencia-did\/","title":{"rendered":"D\u00eda Internacional de la Objeci\u00f3n de Conciencia | DID"},"content":{"rendered":"\n<div class=\"wp-block-image\"><figure class=\"alignright size-full is-resized\"><img fetchpriority=\"high\" decoding=\"async\" src=\"https:\/\/losperiodistas.com.mx\/portal\/wp-content\/uploads\/2024\/05\/05-15_dia-mundial-objecion-conciencia-2023.jpeg\" alt=\"\" class=\"wp-image-74301\" width=\"388\" height=\"258\" srcset=\"https:\/\/losperiodistas.com.mx\/portal\/wp-content\/uploads\/2024\/05\/05-15_dia-mundial-objecion-conciencia-2023.jpeg 305w, https:\/\/losperiodistas.com.mx\/portal\/wp-content\/uploads\/2024\/05\/05-15_dia-mundial-objecion-conciencia-2023-300x200.jpeg 300w\" sizes=\"(max-width: 388px) 100vw, 388px\" \/><\/figure><\/div>\n\n\n\n<p><\/p>\n\n\n\n<p class=\"has-vivid-red-color has-text-color has-medium-font-size\"><strong>REDACCI\u00d3N D\u00cdA INTERNACIONAL DE<\/strong><\/p>\n\n\n\n<p><strong>El D\u00eda Internacional de la Objeci\u00f3n de Conciencia<\/strong>\u00a0se celebra el 15 de mayo con el objetivo de celebrar la resistencia de los objetores de conciencia por la paz y su firme decisi\u00f3n de no formar parte de la guerra armada.<\/p>\n\n\n\n<figure class=\"wp-block-embed is-type-video is-provider-youtube wp-block-embed-youtube wp-embed-aspect-16-9 wp-has-aspect-ratio\"><div class=\"wp-block-embed__wrapper\">\n<iframe title=\"Llamado para el D\u00eda Internacional de la Objeci\u00f3n de Conciencia\" width=\"500\" height=\"281\" src=\"https:\/\/www.youtube.com\/embed\/oGrvGmYbOI4?feature=oembed\" frameborder=\"0\" allow=\"accelerometer; autoplay; clipboard-write; encrypted-media; gyroscope; picture-in-picture; web-share\" referrerpolicy=\"strict-origin-when-cross-origin\" allowfullscreen><\/iframe>\n<\/div><\/figure>\n\n\n\n<p><\/p>\n\n\n\n<h2 class=\"wp-block-heading\" id=\"resTit_2\">\u00bfQu\u00e9 es la objeci\u00f3n de conciencia?<\/h2>\n\n\n\n<p>Se entiende por objeci\u00f3n de conciencia a la total negaci\u00f3n que tiene un ciudadano de realizar actos o cumplir leyes, bas\u00e1ndose en motivos religiosos o \u00e9ticos. Es un derecho inalienable que tiene toda persona de no cumplir los mandatos de la autoridad si ello vulnera sus principios morales, sociales o religiosos.<\/p>\n\n\n\n<p>En otras palabras, la objeci\u00f3n de conciencia est\u00e1 relacionada con los valores y convicciones que est\u00e1n arraigados en cada individuo y que no le permite llevar a cabo actos que vayan en contra de sus principios y los cuales est\u00e1n amparados en los tratados internacionales de derechos humanos.<\/p>\n\n\n\n<h2 class=\"wp-block-heading\" id=\"resTit_3\">Origen del D\u00eda Internacional de la objeci\u00f3n de Conciencia<\/h2>\n\n\n\n<figure class=\"wp-block-image\"><img decoding=\"async\" src=\"https:\/\/www.diainternacionalde.com\/imagenes\/dias\/mayo\/05-15-dia-internacional-objecion-conciencia_m.jpg\" alt=\"\" title=\"\"\/><\/figure>\n\n\n\n<p>El origen de este d\u00eda comienza con los grupos pertenecientes a la&nbsp;<strong>Internacional de Resistentes a la Guerra<\/strong>&nbsp;que se conformaron a partir del a\u00f1o 1981 y la cual tuvo vigencia hasta el a\u00f1o 1997, llev\u00e1ndose a cabo en algunos pa\u00edses de Europa como Espa\u00f1a, Austria Francia, Hungr\u00eda, Turqu\u00eda y el continente suramericano representado por Colombia.<\/p>\n\n\n\n<p>Desde su creaci\u00f3n, el objetivo fue la puesta en marcha de un movimiento activista para la objeci\u00f3n de conciencia y con el transcurrir de los a\u00f1os, se le concedi\u00f3 mayor importancia a todos los miembros de esta organizaci\u00f3n pertenecientes a pa\u00edses donde su situaci\u00f3n era m\u00e1s cr\u00edtica y precaria.<\/p>\n\n\n\n<p>Cada a\u00f1o se emplea el&nbsp;<strong>D\u00eda Internacional de Objeci\u00f3n de Conciencia<\/strong>&nbsp;para tratar diferentes tem\u00e1ticas de los distintos problemas que confrontan los pa\u00edses y que son de inter\u00e9s para sus ciudadanos como por ejemplo el asilo pol\u00edtico para aquellas personas que no han cumplido el servicio militar.<\/p>\n\n\n\n<h2 class=\"wp-block-heading\" id=\"resTit_4\">\u00bfC\u00f3mo celebrar el D\u00eda Internacional de la Objeci\u00f3n de Conciencia?<\/h2>\n\n\n\n<p>Se puede decir, que esta fecha lleva muchos a\u00f1os en los cuales no se realiza ning\u00fan tipo de evento o celebraci\u00f3n, sin embargo, no por ello, el trabajo que cumplen estas personas se ha detenido. Muchos integrantes y grupos en distintas partes del mundo realizan actividades, campa\u00f1as y seminarios de manera continua.<\/p>\n\n\n\n<p>As\u00ed mismo, t\u00fa tambi\u00e9n puedes formar parte de esta celebraci\u00f3n. Puedes subir a las redes cualquier informaci\u00f3n o simplemente dar tu opini\u00f3n sobre este interesante tema.<\/p>\n\n\n\n<p>Fuente: <a href=\"https:\/\/www.diainternacionalde.com\/ficha\/dia-internacional-objecion-conciencia\">https:\/\/www.diainternacionalde.com\/ficha\/dia-internacional-objecion-conciencia<\/a><\/p>\n","protected":false},"excerpt":{"rendered":"<p>REDACCI\u00d3N D\u00cdA INTERNACIONAL DE El D\u00eda Internacional de la Objeci\u00f3n de Conciencia\u00a0se celebra el 15 de mayo con el objetivo [&hellip;]<\/p>\n","protected":false},"author":1,"featured_media":74301,"comment_status":"open","ping_status":"open","sticky":false,"template":"","format":"standard","meta":{"site-sidebar-layout":"default","site-content-layout":"","ast-site-content-layout":"default","site-content-style":"default","site-sidebar-style":"default","ast-global-header-display":"","ast-banner-title-visibility":"","ast-main-header-display":"","ast-hfb-above-header-display":"","ast-hfb-below-header-display":"","ast-hfb-mobile-header-display":"","site-post-title":"","ast-breadcrumbs-content":"","ast-featured-img":"","footer-sml-layout":"","theme-transparent-header-meta":"","adv-header-id-meta":"","stick-header-meta":"","header-above-stick-meta":"","header-main-stick-meta":"","header-below-stick-meta":"","astra-migrate-meta-layouts":"default","ast-page-background-enabled":"default","ast-page-background-meta":{"desktop":{"background-color":"var(--ast-global-color-4)","background-image":"","background-repeat":"repeat","background-position":"center center","background-size":"auto","background-attachment":"scroll","background-type":"","background-media":"","overlay-type":"","overlay-color":"","overlay-opacity":"","overlay-gradient":""},"tablet":{"background-color":"","background-image":"","background-repeat":"repeat","background-position":"center center","background-size":"auto","background-attachment":"scroll","background-type":"","background-media":"","overlay-type":"","overlay-color":"","overlay-opacity":"","overlay-gradient":""},"mobile":{"background-color":"","background-image":"","background-repeat":"repeat","background-position":"center center","background-size":"auto","background-attachment":"scroll","background-type":"","background-media":"","overlay-type":"","overlay-color":"","overlay-opacity":"","overlay-gradient":""}},"ast-content-background-meta":{"desktop":{"background-color":"var(--ast-global-color-5)","background-image":"","background-repeat":"repeat","background-position":"center center","background-size":"auto","background-attachment":"scroll","background-type":"","background-media":"","overlay-type":"","overlay-color":"","overlay-opacity":"","overlay-gradient":""},"tablet":{"background-color":"var(--ast-global-color-5)","background-image":"","background-repeat":"repeat","background-position":"center center","background-size":"auto","background-attachment":"scroll","background-type":"","background-media":"","overlay-type":"","overlay-color":"","overlay-opacity":"","overlay-gradient":""},"mobile":{"background-color":"var(--ast-global-color-5)","background-image":"","background-repeat":"repeat","background-position":"center center","background-size":"auto","background-attachment":"scroll","background-type":"","background-media":"","overlay-type":"","overlay-color":"","overlay-opacity":"","overlay-gradient":""}},"footnotes":""},"categories":[8],"tags":[25028],"class_list":["post-74300","post","type-post","status-publish","format-standard","has-post-thumbnail","hentry","category-noticias","tag-dia-internacional-de-objecion-de-conciencia"],"_links":{"self":[{"href":"https:\/\/losperiodistas.com.mx\/portal\/wp-json\/wp\/v2\/posts\/74300","targetHints":{"allow":["GET"]}}],"collection":[{"href":"https:\/\/losperiodistas.com.mx\/portal\/wp-json\/wp\/v2\/posts"}],"about":[{"href":"https:\/\/losperiodistas.com.mx\/portal\/wp-json\/wp\/v2\/types\/post"}],"author":[{"embeddable":true,"href":"https:\/\/losperiodistas.com.mx\/portal\/wp-json\/wp\/v2\/users\/1"}],"replies":[{"embeddable":true,"href":"https:\/\/losperiodistas.com.mx\/portal\/wp-json\/wp\/v2\/comments?post=74300"}],"version-history":[{"count":1,"href":"https:\/\/losperiodistas.com.mx\/portal\/wp-json\/wp\/v2\/posts\/74300\/revisions"}],"predecessor-version":[{"id":74302,"href":"https:\/\/losperiodistas.com.mx\/portal\/wp-json\/wp\/v2\/posts\/74300\/revisions\/74302"}],"wp:featuredmedia":[{"embeddable":true,"href":"https:\/\/losperiodistas.com.mx\/portal\/wp-json\/wp\/v2\/media\/74301"}],"wp:attachment":[{"href":"https:\/\/losperiodistas.com.mx\/portal\/wp-json\/wp\/v2\/media?parent=74300"}],"wp:term":[{"taxonomy":"category","embeddable":true,"href":"https:\/\/losperiodistas.com.mx\/portal\/wp-json\/wp\/v2\/categories?post=74300"},{"taxonomy":"post_tag","embeddable":true,"href":"https:\/\/losperiodistas.com.mx\/portal\/wp-json\/wp\/v2\/tags?post=74300"}],"curies":[{"name":"wp","href":"https:\/\/api.w.org\/{rel}","templated":true}]}}