{"id":74293,"date":"2024-05-15T07:51:31","date_gmt":"2024-05-15T12:51:31","guid":{"rendered":"https:\/\/losperiodistas.com.mx\/portal\/?p=74293"},"modified":"2024-05-15T07:51:33","modified_gmt":"2024-05-15T12:51:33","slug":"cuadros-de-bacon-fontana-y-mitchell-destacan-en-subasta-de-sothebys-la-lista","status":"publish","type":"post","link":"https:\/\/losperiodistas.com.mx\/portal\/cuadros-de-bacon-fontana-y-mitchell-destacan-en-subasta-de-sothebys-la-lista\/","title":{"rendered":"Cuadros de Bacon, Fontana y Mitchell destacan en subasta de Sotheby\u2019s | La-Lista"},"content":{"rendered":"\n<p class=\"has-medium-font-size\">Sotheby&#8217;s destac\u00f3 que los 234 millones generados por la subasta contempor\u00e1nea suponen un 40% m\u00e1s que en el mismo evento del a\u00f1o pasado.<\/p>\n\n\n\n<figure class=\"wp-block-image size-large\"><img fetchpriority=\"high\" decoding=\"async\" width=\"1024\" height=\"632\" src=\"https:\/\/losperiodistas.com.mx\/portal\/wp-content\/uploads\/2024\/05\/subasta-Sothebys-efe-1024x632.jpg\" alt=\"\" class=\"wp-image-74294\" srcset=\"https:\/\/losperiodistas.com.mx\/portal\/wp-content\/uploads\/2024\/05\/subasta-Sothebys-efe-1024x632.jpg 1024w, https:\/\/losperiodistas.com.mx\/portal\/wp-content\/uploads\/2024\/05\/subasta-Sothebys-efe-300x185.jpg 300w, https:\/\/losperiodistas.com.mx\/portal\/wp-content\/uploads\/2024\/05\/subasta-Sothebys-efe-768x474.jpg 768w, https:\/\/losperiodistas.com.mx\/portal\/wp-content\/uploads\/2024\/05\/subasta-Sothebys-efe.jpg 1280w\" sizes=\"(max-width: 1024px) 100vw, 1024px\" \/><figcaption>Fotograf\u00eda cedida por Julian Cassady que muestra una subasta de Sotheby&#8217;s, en Nueva York. Foto: EFE<\/figcaption><\/figure>\n\n\n\n<p><\/p>\n\n\n\n<p class=\"has-vivid-red-color has-text-color has-medium-font-size\"><em><strong>Redacci\u00f3n La-Lista<\/strong><\/em><\/p>\n\n\n\n<p>Cuadros de Francis Bacon, Lucio Fontana y Joan Mitchell destacaron en la subasta de arte contempor\u00e1neo de Sotheby\u2019s en Nueva York, que gener\u00f3 m\u00e1s de 234 millones de d\u00f3lares en ventas, con precios de martillo dentro de las estimaciones.<\/p>\n\n\n\n<p>Como estaba previsto, los&nbsp;<a href=\"https:\/\/twitter.com\/Sothebys\" target=\"_blank\" rel=\"noreferrer noopener\">cuadros m\u00e1s valiosos<\/a>&nbsp;de la tarde fueron&nbsp;<em>Portrait of George Dyer Crouching<\/em>, de Francis Bacon, que se vendi\u00f3 por 27.7 millones de d\u00f3lares, en el rango alto de la horquilla, y&nbsp;<em>Concetto Spaziale. La fine di Dio<\/em>&nbsp;de Lucio Fontana, por 22.9 millones de d\u00f3lares, en el rango bajo.<\/p>\n\n\n\n<figure class=\"wp-block-image\"><a href=\"https:\/\/la-lista.com\/cultura\/2024\/05\/04\/basquiat-picasso-monet-y-warhol-destacan-en-las-proximas-subastas-de-primavera-de-nueva-york\"><img decoding=\"async\" src=\"https:\/\/i0.wp.com\/la-lista.com\/wp-content\/uploads\/2024\/05\/subastas-primavera-ny.jpg?resize=600%2C338&amp;ssl=1\" alt=\"Cuadros de Bacon, Fontana y Mitchell destacan en subasta de Sotheby's - subastas-primavera-ny-600x338\" title=\"Basquiat, Picasso, Monet y Warhol destacan en las pr\u00f3ximas subastas de primavera de Nueva York\"\/><\/a><\/figure>\n\n\n\n<p><a href=\"https:\/\/la-lista.com\/seccion\/cultura\">CULTURA<\/a><strong><a href=\"https:\/\/la-lista.com\/cultura\/2024\/05\/04\/basquiat-picasso-monet-y-warhol-destacan-en-las-proximas-subastas-de-primavera-de-nueva-york\">Basquiat, Picasso, Monet y Warhol destacan en las pr\u00f3ximas subastas de primavera de Nueva York<\/a><\/strong><a href=\"https:\/\/la-lista.com\/cultura\/2024\/05\/04\/basquiat-picasso-monet-y-warhol-destacan-en-las-proximas-subastas-de-primavera-de-nueva-york\">LEER MAS<\/a><\/p>\n\n\n\n<p>En tercer lugar por precio, se vendi\u00f3 un cuadro de Joan Mitchell titulado&nbsp;<em>Noon<\/em>, por 22.6 millones, y fue este el m\u00e1s exitoso de cuatro lienzos de la pintora expresionista de la escuela de Nueva York de los a\u00f1os 50 del siglo pasado, que recaudaron en total m\u00e1s de 45 millones.<\/p>\n\n\n\n<p>Tambi\u00e9n destac\u00f3 una colaboraci\u00f3n entre Andy Warhol y Jean-Michel Basquiat sin nombre, que se vendi\u00f3 por 19.3 millones, marcando un r\u00e9cord para cualquier pintura colaborativa, y un cuadro abstracto del recientemente fallecido Frank Stella,&nbsp;<em>Ifafa I<\/em>, por 15.2 millones.<\/p>\n\n\n\n<figure class=\"wp-block-image\"><a href=\"https:\/\/la-lista.com\/cultura\/2024\/04\/28\/una-pintura-de-monet-saldra-a-subasta-por-30-mdd-en-sothebys\"><img decoding=\"async\" src=\"https:\/\/i0.wp.com\/la-lista.com\/wp-content\/uploads\/2024\/04\/meules_giverny_obras_monet_pintura_sothebys_subasta_.jpg?resize=600%2C370&amp;ssl=1\" alt=\"Cuadros de Bacon, Fontana y Mitchell destacan en subasta de Sotheby's - meules_giverny_obras_monet_pintura_sothebys_subasta_-600x370\" title=\"Una pintura de Monet saldr\u00e1 a subasta por 30 mdd en Sotheby\u2019s\"\/><\/a><\/figure>\n\n\n\n<p><a href=\"https:\/\/la-lista.com\/seccion\/cultura\">CULTURA<\/a><strong><a href=\"https:\/\/la-lista.com\/cultura\/2024\/04\/28\/una-pintura-de-monet-saldra-a-subasta-por-30-mdd-en-sothebys\">Una pintura de Monet saldr\u00e1 a subasta por 30 mdd en Sotheby\u2019s<\/a><\/strong><a href=\"https:\/\/la-lista.com\/cultura\/2024\/04\/28\/una-pintura-de-monet-saldra-a-subasta-por-30-mdd-en-sothebys\">LEER MAS<\/a><\/p>\n\n\n\n<p>Sotheby\u2019s destac\u00f3 que los 234 millones generados por la subasta contempor\u00e1nea suponen un 40% m\u00e1s que en el mismo evento del a\u00f1o pasado, precisamente en un momento en que el mercado de arte afronta una baja demanda.<\/p>\n\n\n\n<p>La casa, que inici\u00f3 este lunes una semana de subastas clave en el mercado del arte en la que tambi\u00e9n participa su rival Christie\u2019s, recaud\u00f3 tambi\u00e9n esta tarde en una venta de obras actuales 32.7 millones de d\u00f3lares, con marcas sobresalientes para dos artistas: Justin Caguiat y Lucy Bull.<\/p>\n\n\n\n<p><em>-Con informaci\u00f3n de EFE.<\/em><\/p>\n\n\n\n<p>Fuente: <a href=\"https:\/\/la-lista.com\/cultura\/arte\/2024\/05\/14\/cuadros-de-bacon-fontana-y-mitchell-destacan-en-subasta-de-sothebys\">https:\/\/la-lista.com\/cultura\/arte\/2024\/05\/14\/cuadros-de-bacon-fontana-y-mitchell-destacan-en-subasta-de-sothebys<\/a><\/p>\n","protected":false},"excerpt":{"rendered":"<p>Sotheby&#8217;s destac\u00f3 que los 234 millones generados por la subasta contempor\u00e1nea suponen un 40% m\u00e1s que en el mismo evento [&hellip;]<\/p>\n","protected":false},"author":1,"featured_media":74294,"comment_status":"open","ping_status":"open","sticky":false,"template":"","format":"standard","meta":{"site-sidebar-layout":"default","site-content-layout":"","ast-site-content-layout":"default","site-content-style":"default","site-sidebar-style":"default","ast-global-header-display":"","ast-banner-title-visibility":"","ast-main-header-display":"","ast-hfb-above-header-display":"","ast-hfb-below-header-display":"","ast-hfb-mobile-header-display":"","site-post-title":"","ast-breadcrumbs-content":"","ast-featured-img":"","footer-sml-layout":"","theme-transparent-header-meta":"","adv-header-id-meta":"","stick-header-meta":"","header-above-stick-meta":"","header-main-stick-meta":"","header-below-stick-meta":"","astra-migrate-meta-layouts":"default","ast-page-background-enabled":"default","ast-page-background-meta":{"desktop":{"background-color":"var(--ast-global-color-4)","background-image":"","background-repeat":"repeat","background-position":"center center","background-size":"auto","background-attachment":"scroll","background-type":"","background-media":"","overlay-type":"","overlay-color":"","overlay-opacity":"","overlay-gradient":""},"tablet":{"background-color":"","background-image":"","background-repeat":"repeat","background-position":"center center","background-size":"auto","background-attachment":"scroll","background-type":"","background-media":"","overlay-type":"","overlay-color":"","overlay-opacity":"","overlay-gradient":""},"mobile":{"background-color":"","background-image":"","background-repeat":"repeat","background-position":"center center","background-size":"auto","background-attachment":"scroll","background-type":"","background-media":"","overlay-type":"","overlay-color":"","overlay-opacity":"","overlay-gradient":""}},"ast-content-background-meta":{"desktop":{"background-color":"var(--ast-global-color-5)","background-image":"","background-repeat":"repeat","background-position":"center center","background-size":"auto","background-attachment":"scroll","background-type":"","background-media":"","overlay-type":"","overlay-color":"","overlay-opacity":"","overlay-gradient":""},"tablet":{"background-color":"var(--ast-global-color-5)","background-image":"","background-repeat":"repeat","background-position":"center center","background-size":"auto","background-attachment":"scroll","background-type":"","background-media":"","overlay-type":"","overlay-color":"","overlay-opacity":"","overlay-gradient":""},"mobile":{"background-color":"var(--ast-global-color-5)","background-image":"","background-repeat":"repeat","background-position":"center center","background-size":"auto","background-attachment":"scroll","background-type":"","background-media":"","overlay-type":"","overlay-color":"","overlay-opacity":"","overlay-gradient":""}},"footnotes":""},"categories":[8],"tags":[25022,25023,25024,15210,25025],"class_list":["post-74293","post","type-post","status-publish","format-standard","has-post-thumbnail","hentry","category-noticias","tag-bacon","tag-fontana","tag-mitchell","tag-sothebys-2","tag-subasta-pintura"],"_links":{"self":[{"href":"https:\/\/losperiodistas.com.mx\/portal\/wp-json\/wp\/v2\/posts\/74293","targetHints":{"allow":["GET"]}}],"collection":[{"href":"https:\/\/losperiodistas.com.mx\/portal\/wp-json\/wp\/v2\/posts"}],"about":[{"href":"https:\/\/losperiodistas.com.mx\/portal\/wp-json\/wp\/v2\/types\/post"}],"author":[{"embeddable":true,"href":"https:\/\/losperiodistas.com.mx\/portal\/wp-json\/wp\/v2\/users\/1"}],"replies":[{"embeddable":true,"href":"https:\/\/losperiodistas.com.mx\/portal\/wp-json\/wp\/v2\/comments?post=74293"}],"version-history":[{"count":1,"href":"https:\/\/losperiodistas.com.mx\/portal\/wp-json\/wp\/v2\/posts\/74293\/revisions"}],"predecessor-version":[{"id":74295,"href":"https:\/\/losperiodistas.com.mx\/portal\/wp-json\/wp\/v2\/posts\/74293\/revisions\/74295"}],"wp:featuredmedia":[{"embeddable":true,"href":"https:\/\/losperiodistas.com.mx\/portal\/wp-json\/wp\/v2\/media\/74294"}],"wp:attachment":[{"href":"https:\/\/losperiodistas.com.mx\/portal\/wp-json\/wp\/v2\/media?parent=74293"}],"wp:term":[{"taxonomy":"category","embeddable":true,"href":"https:\/\/losperiodistas.com.mx\/portal\/wp-json\/wp\/v2\/categories?post=74293"},{"taxonomy":"post_tag","embeddable":true,"href":"https:\/\/losperiodistas.com.mx\/portal\/wp-json\/wp\/v2\/tags?post=74293"}],"curies":[{"name":"wp","href":"https:\/\/api.w.org\/{rel}","templated":true}]}}