{"id":74288,"date":"2024-05-15T07:21:50","date_gmt":"2024-05-15T12:21:50","guid":{"rendered":"https:\/\/losperiodistas.com.mx\/portal\/?p=74288"},"modified":"2024-05-15T07:21:52","modified_gmt":"2024-05-15T12:21:52","slug":"abriran-carriles-centrales-de-la-via-atlixcayotl-a-partir-de-este-15-de-mayo-oem","status":"publish","type":"post","link":"https:\/\/losperiodistas.com.mx\/portal\/abriran-carriles-centrales-de-la-via-atlixcayotl-a-partir-de-este-15-de-mayo-oem\/","title":{"rendered":"Abrir\u00e1n carriles centrales de la V\u00eda Atlixc\u00e1yotl a partir de este 15 de mayo | OEM"},"content":{"rendered":"\n<h3 class=\"wp-block-heading\">La SMT inform\u00f3 que las laterales quedar\u00e1n cerradas por las maniobras de la maquinaria pesada<\/h3>\n\n\n\n<p><img decoding=\"async\" src=\"https:\/\/www.elsoldepuebla.com.mx\/local\/q4el0w-abriran-carriles-centrales-de-la-via-atlixcayotl-a-partir-de-este-15-de-mayo\/alternates\/LANDSCAPE_768\/Abrir%C3%A1n%20carriles%20centrales%20de%20la%20V%C3%ADa%20Atlixc%C3%A1yotl%20a%20partir%20de%20este%2015%20de%20mayo\" alt=\"\"><\/p>\n\n\n\n<h4 class=\"wp-block-heading\">Reabrir\u00e1n carriles centrales en la V\u00eda Atlixc\u00e1yotl. Foto: Julio C\u00e9sar Mart\u00ednez \/ El Sol de Puebla<a href=\"https:\/\/www.elsoldepuebla.com.mx\/local\/abriran-carriles-centrales-de-la-via-atlixcayotl-a-partir-de-este-15-de-mayo-11919471.html\"><\/a><\/h4>\n\n\n\n<p class=\"has-vivid-red-color has-text-color has-medium-font-size\"><strong>Martha Cuaya \/ El Sol de Puebla<\/strong><\/p>\n\n\n\n<p>A partir del&nbsp;<strong>15 de mayo, a las 16:00 horas<\/strong>, ser\u00e1n<strong>&nbsp;reabiertos los carriles centrales de V\u00eda Atlixc\u00e1yotl&nbsp;<\/strong>a la altura de<strong>&nbsp;Perif\u00e9rico Ecol\u00f3gico<\/strong>&nbsp;en ambos sentidos, sin embargo,&nbsp;<strong>las laterales quedar\u00e1n cerradas por las maniobras de la maquinaria<\/strong>&nbsp;pesada, inform\u00f3 la Secretar\u00eda de Movilidad y Transporte (SMT) del gobierno del estado.<\/p>\n\n\n\n<p><\/p>\n\n\n\n<p>Fue a trav\u00e9s de un comunicado que la dependencia dio a conocer que habr\u00e1 nuevas modificaciones a la circulaci\u00f3n en la vialidad antes mencionada por procesos constructivos en diferentes \u00e1reas del<strong>&nbsp;Distribuidor Vial \u201cPerif\u00e9rico Ecol\u00f3gico-V\u00eda Atlixc\u00e1yotl\u201d.<\/strong><\/p>\n\n\n\n<p><a href=\"https:\/\/www.elsoldepuebla.com.mx\/local\/\">LOCAL<\/a><\/p>\n\n\n\n<figure class=\"wp-block-image\"><a href=\"https:\/\/www.elsoldepuebla.com.mx\/local\/ya-pronto-cuando-reabriran-los-carriles-del-periferico-y-la-atlixcayotl-11878399.html\"><img decoding=\"async\" src=\"https:\/\/www.elsoldepuebla.com.mx\/local\/bk7g9t-ya-pronto-cuando-reabrira-en-los-carriles-del-periferico-y-la-atlixcayotl\/alternates\/LANDSCAPE_200\/Ya%20pronto,%20%C2%BFcuando%20reabrir%C3%A1%20en%20los%20carriles%20del%20Perif%C3%A9rico%20y%20la%20Atlixc%C3%A1yotl-\" alt=\"\" title=\"Ya pronto, \u00bfcuando reabrir\u00e1 en los carriles del Perif\u00e9rico y la Atlixc\u00e1yotl?\"\/><\/a><\/figure>\n\n\n\n<h4 class=\"wp-block-heading\"><a href=\"https:\/\/www.elsoldepuebla.com.mx\/local\/ya-pronto-cuando-reabriran-los-carriles-del-periferico-y-la-atlixcayotl-11878399.html\">Ya pronto, \u00bfcuando reabrir\u00e1n los carriles del Perif\u00e9rico y la Atlixc\u00e1yotl?<\/a><\/h4>\n\n\n\n<p>Por tanto, ahora<strong>&nbsp;las laterales permanecer\u00e1n cerradas&nbsp;<\/strong>a la&nbsp;<strong>altura del Perif\u00e9rico Ecol\u00f3gico en ambos sentidos,<\/strong>&nbsp;adem\u00e1s de que quedar\u00e1 bloqueado el retorno temporal con sentido a Valsequillo, as\u00ed como la incorporaci\u00f3n a los carriles centrales a la altura del fraccionamiento La Vista Country Club con sentido al centro de la ciudad de Puebla.<\/p>\n\n\n\n<h2 class=\"wp-block-heading\"><strong>Estas son las v\u00edas alternas<\/strong><\/h2>\n\n\n\n<p>De acuerdo con la SMT, los conductores que salgan de los<strong>&nbsp;fraccionamientos de Lomas de Angel\u00f3polis<\/strong>&nbsp;con direcci\u00f3n a la autopista M\u00e9xico-Puebla, deber\u00e1n<strong>&nbsp;tomar V\u00eda Atlixc\u00e1yotl con sentido al Centro de Puebla<\/strong>, para luego<strong>&nbsp;utilizar el distribuidor de Avenida las Torres&nbsp;<\/strong>(Municipio Libre),<strong>&nbsp;y retornar a V\u00eda Atlixc\u00e1yotl<\/strong>&nbsp;con direcci\u00f3n a Atlixco y posteriormente retomar la gasa de incorporaci\u00f3n a Perif\u00e9rico con sentido a Volkswagen.<\/p>\n\n\n\n<p><a href=\"https:\/\/www.elsoldepuebla.com.mx\/local\/\">LOCAL<\/a><\/p>\n\n\n\n<figure class=\"wp-block-image\"><a href=\"https:\/\/www.elsoldepuebla.com.mx\/local\/anuncian-reduccion-de-carriles-en-el-entronque-de-amalucan-11815309.html\"><img decoding=\"async\" src=\"https:\/\/www.elsoldepuebla.com.mx\/local\/qdy8bc-atencion-anuncian-reduccion-de-carriles-en-el-entronque-de-amalucan\/alternates\/LANDSCAPE_200\/%C2%A1Atenci%C3%B3n!%20Anuncian%20reducci%C3%B3n%20de%20carriles%20en%20el%20entronque%20de%20Amalucan\" alt=\"\" title=\"\u00a1Atenci\u00f3n! Anuncian reducci\u00f3n de carriles en el entronque de Amalucan\"\/><\/a><\/figure>\n\n\n\n<h4 class=\"wp-block-heading\"><a href=\"https:\/\/www.elsoldepuebla.com.mx\/local\/anuncian-reduccion-de-carriles-en-el-entronque-de-amalucan-11815309.html\">\u00a1Atenci\u00f3n! Anuncian reducci\u00f3n de carriles en el entronque de Amalucan<\/a><\/h4>\n\n\n\n<p>Mientras que se recomienda a los&nbsp;<strong>usuarios que circulan por V\u00eda Atlixc\u00e1yotl con sentido a Atlixco&nbsp;<\/strong>y quieran dirigirse a Valsequillo, incorporarse a Perif\u00e9rico Ecol\u00f3gico con rumbo hacia Volkswagen y retornar en el Puente a Santa Clara para dirigirse a los carriles centrales en Perif\u00e9rico sentido a Valsequillo.<\/p>\n\n\n\n<p>Con estas medidas, se pretende\u00a0<strong>evitar el congestionamiento vehicular\u00a0<\/strong>que se hab\u00eda formado desde principios de abril en el retorno ubicado antes de la caseta a Atlixco, en el Bulevar de Los Reyes.<\/p>\n\n\n\n<p>Fuente: <a href=\"https:\/\/www.elsoldepuebla.com.mx\/local\/abriran-carriles-centrales-de-la-via-atlixcayotl-a-partir-de-este-15-de-mayo-11919471.html\">https:\/\/www.elsoldepuebla.com.mx\/local\/abriran-carriles-centrales-de-la-via-atlixcayotl-a-partir-de-este-15-de-mayo-11919471.html<\/a><\/p>\n","protected":false},"excerpt":{"rendered":"<p>La SMT inform\u00f3 que las laterales quedar\u00e1n cerradas por las maniobras de la maquinaria pesada Reabrir\u00e1n carriles centrales en la [&hellip;]<\/p>\n","protected":false},"author":1,"featured_media":74289,"comment_status":"open","ping_status":"open","sticky":false,"template":"","format":"standard","meta":{"site-sidebar-layout":"default","site-content-layout":"","ast-site-content-layout":"default","site-content-style":"default","site-sidebar-style":"default","ast-global-header-display":"","ast-banner-title-visibility":"","ast-main-header-display":"","ast-hfb-above-header-display":"","ast-hfb-below-header-display":"","ast-hfb-mobile-header-display":"","site-post-title":"","ast-breadcrumbs-content":"","ast-featured-img":"","footer-sml-layout":"","theme-transparent-header-meta":"","adv-header-id-meta":"","stick-header-meta":"","header-above-stick-meta":"","header-main-stick-meta":"","header-below-stick-meta":"","astra-migrate-meta-layouts":"default","ast-page-background-enabled":"default","ast-page-background-meta":{"desktop":{"background-color":"var(--ast-global-color-4)","background-image":"","background-repeat":"repeat","background-position":"center center","background-size":"auto","background-attachment":"scroll","background-type":"","background-media":"","overlay-type":"","overlay-color":"","overlay-opacity":"","overlay-gradient":""},"tablet":{"background-color":"","background-image":"","background-repeat":"repeat","background-position":"center center","background-size":"auto","background-attachment":"scroll","background-type":"","background-media":"","overlay-type":"","overlay-color":"","overlay-opacity":"","overlay-gradient":""},"mobile":{"background-color":"","background-image":"","background-repeat":"repeat","background-position":"center center","background-size":"auto","background-attachment":"scroll","background-type":"","background-media":"","overlay-type":"","overlay-color":"","overlay-opacity":"","overlay-gradient":""}},"ast-content-background-meta":{"desktop":{"background-color":"var(--ast-global-color-5)","background-image":"","background-repeat":"repeat","background-position":"center center","background-size":"auto","background-attachment":"scroll","background-type":"","background-media":"","overlay-type":"","overlay-color":"","overlay-opacity":"","overlay-gradient":""},"tablet":{"background-color":"var(--ast-global-color-5)","background-image":"","background-repeat":"repeat","background-position":"center center","background-size":"auto","background-attachment":"scroll","background-type":"","background-media":"","overlay-type":"","overlay-color":"","overlay-opacity":"","overlay-gradient":""},"mobile":{"background-color":"var(--ast-global-color-5)","background-image":"","background-repeat":"repeat","background-position":"center center","background-size":"auto","background-attachment":"scroll","background-type":"","background-media":"","overlay-type":"","overlay-color":"","overlay-opacity":"","overlay-gradient":""}},"footnotes":""},"categories":[8],"tags":[25021,25020],"class_list":["post-74288","post","type-post","status-publish","format-standard","has-post-thumbnail","hentry","category-noticias","tag-secretaria-de-movilidad-y-transporte","tag-via-atlixcayotl"],"_links":{"self":[{"href":"https:\/\/losperiodistas.com.mx\/portal\/wp-json\/wp\/v2\/posts\/74288","targetHints":{"allow":["GET"]}}],"collection":[{"href":"https:\/\/losperiodistas.com.mx\/portal\/wp-json\/wp\/v2\/posts"}],"about":[{"href":"https:\/\/losperiodistas.com.mx\/portal\/wp-json\/wp\/v2\/types\/post"}],"author":[{"embeddable":true,"href":"https:\/\/losperiodistas.com.mx\/portal\/wp-json\/wp\/v2\/users\/1"}],"replies":[{"embeddable":true,"href":"https:\/\/losperiodistas.com.mx\/portal\/wp-json\/wp\/v2\/comments?post=74288"}],"version-history":[{"count":1,"href":"https:\/\/losperiodistas.com.mx\/portal\/wp-json\/wp\/v2\/posts\/74288\/revisions"}],"predecessor-version":[{"id":74290,"href":"https:\/\/losperiodistas.com.mx\/portal\/wp-json\/wp\/v2\/posts\/74288\/revisions\/74290"}],"wp:featuredmedia":[{"embeddable":true,"href":"https:\/\/losperiodistas.com.mx\/portal\/wp-json\/wp\/v2\/media\/74289"}],"wp:attachment":[{"href":"https:\/\/losperiodistas.com.mx\/portal\/wp-json\/wp\/v2\/media?parent=74288"}],"wp:term":[{"taxonomy":"category","embeddable":true,"href":"https:\/\/losperiodistas.com.mx\/portal\/wp-json\/wp\/v2\/categories?post=74288"},{"taxonomy":"post_tag","embeddable":true,"href":"https:\/\/losperiodistas.com.mx\/portal\/wp-json\/wp\/v2\/tags?post=74288"}],"curies":[{"name":"wp","href":"https:\/\/api.w.org\/{rel}","templated":true}]}}