{"id":74282,"date":"2024-05-15T06:05:56","date_gmt":"2024-05-15T11:05:56","guid":{"rendered":"https:\/\/losperiodistas.com.mx\/portal\/?p=74282"},"modified":"2024-05-15T06:56:21","modified_gmt":"2024-05-15T11:56:21","slug":"los-movimientos-para-crear-un-bloque-unitario-contra-morena-dividen-aun-mas-a-la-oposicion-el-pais","status":"publish","type":"post","link":"https:\/\/losperiodistas.com.mx\/portal\/los-movimientos-para-crear-un-bloque-unitario-contra-morena-dividen-aun-mas-a-la-oposicion-el-pais\/","title":{"rendered":"Los movimientos para crear un bloque unitario contra Morena dividen a\u00fan m\u00e1s a la oposici\u00f3n | El Pa\u00eds"},"content":{"rendered":"\n<h2 class=\"has-background has-medium-font-size wp-block-heading\" style=\"background-color:#7bf5c8\">La oferta del presidente del PRI de apartarse a cambio de la declinaci\u00f3n de M\u00e1ynez en favor de G\u00e1lvez vence el domingo. El emecista responde con otro \u00f3rdago que escenifica las diferencias internas y la premura a las puertas de la elecci\u00f3n<\/h2>\n\n\n\n<figure class=\"wp-block-image size-large\"><img fetchpriority=\"high\" decoding=\"async\" width=\"1024\" height=\"577\" src=\"https:\/\/losperiodistas.com.mx\/portal\/wp-content\/uploads\/2024\/05\/Captura-de-Pantalla-2024-05-15-a-las-5.51.51-1024x577.jpg\" alt=\"\" class=\"wp-image-74283\" srcset=\"https:\/\/losperiodistas.com.mx\/portal\/wp-content\/uploads\/2024\/05\/Captura-de-Pantalla-2024-05-15-a-las-5.51.51-1024x577.jpg 1024w, https:\/\/losperiodistas.com.mx\/portal\/wp-content\/uploads\/2024\/05\/Captura-de-Pantalla-2024-05-15-a-las-5.51.51-300x169.jpg 300w, https:\/\/losperiodistas.com.mx\/portal\/wp-content\/uploads\/2024\/05\/Captura-de-Pantalla-2024-05-15-a-las-5.51.51-768x433.jpg 768w, https:\/\/losperiodistas.com.mx\/portal\/wp-content\/uploads\/2024\/05\/Captura-de-Pantalla-2024-05-15-a-las-5.51.51-1536x865.jpg 1536w, https:\/\/losperiodistas.com.mx\/portal\/wp-content\/uploads\/2024\/05\/Captura-de-Pantalla-2024-05-15-a-las-5.51.51-2048x1154.jpg 2048w\" sizes=\"(max-width: 1024px) 100vw, 1024px\" \/><figcaption>Jorge \u00c1lvarez M\u00e1ynez, Luis Donaldo Colosio Riojas y Alejandro Moreno C\u00e1rdenas.EL PA\u00cdS<\/figcaption><\/figure>\n\n\n\n<p class=\"has-vivid-red-color has-text-color has-medium-font-size\"><strong><a href=\"https:\/\/elpais.com\/autor\/carmen-moran-brena\/#?rel=author_top\">CARMEN MOR\u00c1N BRE\u00d1A<\/a> \/ EL PA\u00cdS<\/strong><a href=\"https:\/\/elpais.com\/mexico\/elecciones-mexicanas\/2024-05-15\/los-movimientos-para-crear-un-bloque-unitario-contra-morena-dividen-aun-mas-a-la-oposicion.html#comentarios\"><\/a><\/p>\n\n\n\n<p>Como en una comedia de enredo se han sucedido las \u00faltimas horas en la campa\u00f1a electoral mexicana. Primero\u00a0<a href=\"https:\/\/elpais.com\/mexico\/elecciones-mexicanas\/2024-05-13\/luis-donaldo-colosio-abre-la-posibilidad-de-que-maynez-decline-en-favor-de-xochitl-galvez.html\">sali\u00f3 al escenario Luis Donaldo Colosio\u00a0<\/a>para sugerir que el tercer candidato en liza, es decir, su compa\u00f1ero Jorge \u00c1lvarez M\u00e1ynez, podr\u00eda declinar en favor de la segunda, X\u00f3chitl G\u00e1lvez; remat\u00f3 la jugada el l\u00edder del PRI, Alito Moreno, convocando una rueda de prensa importante: en atenci\u00f3n a las condiciones impuestas por M\u00e1ynez, ofreci\u00f3 su dirigencia en el partido y su candidatura al Senado si este declinaba antes del \u00faltimo debate. M\u00e1ynez respondi\u00f3 raudo: \u201c\u00bfY tu nieve, de qu\u00e9 la quieres?\u201d. Cerr\u00f3 el bucle Colosio: \u201cA\u00fan falta el tercer debate, d\u00e9monos la oportunidad\u2026\u201d. Los tres se han envuelto en la bandera para decir que sus decisiones vienen impulsadas por el bien superior de M\u00e9xico. Una ret\u00f3rica habitual que esconde el movimiento desesperado de quienes ven que se les acaba el tiempo. G\u00e1lvez sigue a m\u00e1s de 20 puntos de la puntera, Claudia Sheinbaum, y m\u00e1s lejos todav\u00eda se sit\u00faa M\u00e1ynez a menos de tres semanas para las elecciones.<\/p>\n\n\n\n<p>La \u00faltimos movimientos de la escena pol\u00edtica mexicana apuntan a una pugna entre dos bloques: el gobernante y el opositor, sin cabida para un tercero, pero ese candidato existe y se llama&nbsp;<a href=\"https:\/\/elpais.com\/mexico\/elecciones-mexicanas\/2024-04-07\/las-propuestas-de-jorge-alvarez-maynez-el-candidato-de-movimiento-ciudadano-en-las-elecciones-de-2024.html\">Jorge \u00c1lvarez M\u00e1ynez, representante de Movimiento Ciudadano<\/a>, sobre el que est\u00e1n lloviendo las presiones de propios y ajenos para que se baje de la contienda. El l\u00edder del PRI, fajado en mil batallas, ha sacado la calculadora: si se unen todos contra Morena, el partido oficialista, asegura que podr\u00edan derrotarle: 21 millones de votos frente a 23, seg\u00fan sus cuentas. Pero no es eso lo que dicen las encuestas, que dan a la candidata morenista Claudia Sheinbaum una diferencia m\u00e1s que suficiente. \u201c\u00bfPara qu\u00e9 las encuestas si tenemos los resultados de las elecciones pasadas?\u201d, dijo Moreno este martes en una reuni\u00f3n con corresponsales internacionales refiri\u00e9ndose al mordisco que dio la oposici\u00f3n en el parlamento. \u201cSolo hay dos proyectos de pa\u00eds, dos bloques y hay que llegar al debate del domingo en esos dos bloques bien consolidados\u201d. Y empez\u00f3 la cuenta atr\u00e1s: su oferta de pasar a un segundo plano en la pol\u00edtica, \u201ccomo un soldado m\u00e1s\u201d, se autodestruir\u00e1 antes del domingo.<\/p>\n\n\n\n<p>Pero el bloque compacto del que habla Alito no es tal, lo suyo ha sido de nuevo una escapada ciclista en solitario. No ha habido por parte de la coalici\u00f3n opositora una negociaci\u00f3n conjunta con Movimiento Ciudadano, que se conozca. Cuando M\u00e1ynez lanz\u00f3 su \u00f3rdago d\u00edas atr\u00e1s no solo pidi\u00f3 al priista que se alejara de sus funciones y su candidatura al Senado, tambi\u00e9n se lo exigi\u00f3 al jefe del PAN, Marko Cort\u00e9s, que hasta ahora no ha dicho esta boca es m\u00eda. \u201cCada uno tiene que tomar su decisi\u00f3n\u201d, zanj\u00f3 Alito. Cabe preguntarse, entonces, qu\u00e9 espera Moreno de esta jugada. Preguntado por la posibilidad de que ya sea tarde para que Movimiento Ciudadano d\u00e9 el paso atr\u00e1s que se le pide, el l\u00edder del tricolor asegur\u00f3 que no tiene por qu\u00e9 retirar el nombre de M\u00e1ynez de la boleta electoral, sino prestar toda su fuerza y su campa\u00f1a publicitaria a favor de X\u00f3chitl G\u00e1lvez y, despu\u00e9s, \u201cdedicarse al Congreso\u201d. El Congreso, es decir, los asientos que consigan unos y otros en las C\u00e1maras, ser\u00e1 sin duda una de las claves de estas elecciones ante el final del mandato de L\u00f3pez Obrador y una oportunidad de jugar con los apoyos. La salida de Moreno, que ha sumido en un espeso silencio a sus aliados, ha colocado el foco en el propio PRI, pero tambi\u00e9n en Movimiento Ciudadano.<\/p>\n\n\n\n<p>El priista tampoco ha hablado con Colosio, asegura,&nbsp;<a href=\"https:\/\/elpais.com\/mexico\/elecciones-mexicanas\/2024-05-15\/colosio-riojas-pide-a-xochitl-galvez-y-maynez-hacer-un-ultimo-esfuerzo-ustedes-tienen-la-oportunidad-de-llegar-a-un-acuerdo-por-el-futuro-de-mexico.html\">a quien le pide que se explique \u201ccon claridad\u201d,&nbsp;<\/a>porque el emecista dej\u00f3 en el aire en un primer momento qui\u00e9n deb\u00eda declinar en pro de la unidad, si su compa\u00f1ero M\u00e1ynez o la candidata G\u00e1lvez. Este martes se lo pidi\u00f3 a los dos, al que primero levante la mano, y todos sabr\u00e1n, a\u00f1adi\u00f3, \u201creconocer la madurez pol\u00edtica y el sentido de la responsabilidad\u201d de quien se inmole. Pero Colosio tambi\u00e9n pidi\u00f3 tiempo al \u00e1rbitro en que se ha convertido Alito Moreno por unas horas: \u201cA\u00fan falta el tercer debate presidencial, d\u00e9monos la oportunidad de terminar de escuchar las propuestas, contrastemos, tomemos la mejor decisi\u00f3n\u201d. Moreno no va a esperar. \u201cA Movimiento Ciudadano le digo: no habr\u00e1 un 2030 sin antes pasar por 2024 y M\u00e9xico no aguantar\u00e1 seis a\u00f1os m\u00e1s de tragedia. \u00bfDe qu\u00e9 lado est\u00e1n?\u201d.<\/p>\n\n\n\n<p>Para m\u00e1s enredo, M\u00e1ynez no solo ha rechazado la oferta del PRI, sino que ha ampliado sus exigencias: ahora no se conforma con que Moreno se aparte, quiere&nbsp;<a href=\"https:\/\/elpais.com\/mexico\/elecciones-mexicanas\/2024-05-14\/alvarez-maynez-abre-la-puerta-a-discutir-con-beatriz-paredes-una-posible-alianza-despues-del-tercer-debate.html\">que su lugar lo ocupe Beatriz Paredes,&nbsp;<\/a>para negociar con ella, eventualmente, despu\u00e9s del \u00faltimo debate. Paredes compiti\u00f3 con X\u00f3chitl G\u00e1lvez para la candidatura y fue descabalgada por su propio partido antes de que finalizaran las consultas previstas en aquel proceso. Quiz\u00e1 ya no tiene ganas de jugar m\u00e1s, ni en su equipo ni en el de enfrente. A Moreno, la respuesta que ha dado M\u00e1ynez a su \u201cpropuesta seria\u201d le resulta \u201cpat\u00e9tica\u201d. \u201cEsto no es una borrachera viendo el f\u00fatbol desde el palco\u201d, le ha recriminado.<\/p>\n\n\n\n<p>Mucho m\u00e1s templada&nbsp;<a href=\"https:\/\/elpais.com\/mexico\/2024-05-15\/xochitl-galvez-pone-sobre-la-mesa-la-construccion-de-un-gran-acuerdo-con-movimiento-ciudadano.html\">se ha manifestado la candidata del bloque opositor<\/a>: \u201cCreo que es el momento de pensar todos lo que queremos, que M\u00e9xico camine hacia otro lugar, sentarnos, tranquilizarnos, no descalificarnos y ver si podemos construir un gran acuerdo\u201d, ha dicho G\u00e1lvez, quien ha guardado un d\u00eda y medio de prudente silencio desde que Colosio destap\u00f3 la caja de las declinaciones en su propia trinchera. G\u00e1lvez ha valorado el paso dado por Moreno como un \u201cgesto de altura pol\u00edtica\u201d, lo que deja la pelota en el tejado de Marko Cort\u00e9s, que a\u00fan no ha declarado nada al respecto. G\u00e1lvez solo ha mencionado la posibilidad de \u201cun gran acuerdo\u201d.<\/p>\n\n\n\n<p>Mirando la pol\u00e9mica que m\u00e1s que unir parece dividir a la oposici\u00f3n,\u00a0<a href=\"https:\/\/elpais.com\/mexico\/elecciones-mexicanas\/2024-05-08\/claudia-sheinbaum-despliega-la-estrategia-del-catenaccio-parapetada-en-su-fuerte-ventaja-electoral.html\">la morenista Claudia Sheinbaum,\u00a0<\/a>victoriosa en las encuestas, interpreta que este fenomenal enredo solo significa que los \u201cdel otro lado ya reconocieron su derrota, ya se andan peleando por qui\u00e9n renuncia por qui\u00e9n\u201d.<\/p>\n\n\n\n<p>Fuente: <a href=\"https:\/\/elpais.com\/mexico\/elecciones-mexicanas\/2024-05-15\/los-movimientos-para-crear-un-bloque-unitario-contra-morena-dividen-aun-mas-a-la-oposicion.html\">https:\/\/elpais.com\/mexico\/elecciones-mexicanas\/2024-05-15\/los-movimientos-para-crear-un-bloque-unitario-contra-morena-dividen-aun-mas-a-la-oposicion.html<\/a><\/p>\n","protected":false},"excerpt":{"rendered":"<p>La oferta del presidente del PRI de apartarse a cambio de la declinaci\u00f3n de M\u00e1ynez en favor de G\u00e1lvez vence [&hellip;]<\/p>\n","protected":false},"author":1,"featured_media":74283,"comment_status":"open","ping_status":"open","sticky":false,"template":"","format":"standard","meta":{"site-sidebar-layout":"default","site-content-layout":"","ast-site-content-layout":"default","site-content-style":"default","site-sidebar-style":"default","ast-global-header-display":"","ast-banner-title-visibility":"","ast-main-header-display":"","ast-hfb-above-header-display":"","ast-hfb-below-header-display":"","ast-hfb-mobile-header-display":"","site-post-title":"","ast-breadcrumbs-content":"","ast-featured-img":"","footer-sml-layout":"","theme-transparent-header-meta":"","adv-header-id-meta":"","stick-header-meta":"","header-above-stick-meta":"","header-main-stick-meta":"","header-below-stick-meta":"","astra-migrate-meta-layouts":"default","ast-page-background-enabled":"default","ast-page-background-meta":{"desktop":{"background-color":"var(--ast-global-color-4)","background-image":"","background-repeat":"repeat","background-position":"center center","background-size":"auto","background-attachment":"scroll","background-type":"","background-media":"","overlay-type":"","overlay-color":"","overlay-opacity":"","overlay-gradient":""},"tablet":{"background-color":"","background-image":"","background-repeat":"repeat","background-position":"center center","background-size":"auto","background-attachment":"scroll","background-type":"","background-media":"","overlay-type":"","overlay-color":"","overlay-opacity":"","overlay-gradient":""},"mobile":{"background-color":"","background-image":"","background-repeat":"repeat","background-position":"center center","background-size":"auto","background-attachment":"scroll","background-type":"","background-media":"","overlay-type":"","overlay-color":"","overlay-opacity":"","overlay-gradient":""}},"ast-content-background-meta":{"desktop":{"background-color":"var(--ast-global-color-5)","background-image":"","background-repeat":"repeat","background-position":"center center","background-size":"auto","background-attachment":"scroll","background-type":"","background-media":"","overlay-type":"","overlay-color":"","overlay-opacity":"","overlay-gradient":""},"tablet":{"background-color":"var(--ast-global-color-5)","background-image":"","background-repeat":"repeat","background-position":"center center","background-size":"auto","background-attachment":"scroll","background-type":"","background-media":"","overlay-type":"","overlay-color":"","overlay-opacity":"","overlay-gradient":""},"mobile":{"background-color":"var(--ast-global-color-5)","background-image":"","background-repeat":"repeat","background-position":"center center","background-size":"auto","background-attachment":"scroll","background-type":"","background-media":"","overlay-type":"","overlay-color":"","overlay-opacity":"","overlay-gradient":""}},"footnotes":""},"categories":[8],"tags":[10782,21488,5743,25017,25015],"class_list":["post-74282","post","type-post","status-publish","format-standard","has-post-thumbnail","hentry","category-noticias","tag-alito-moreno","tag-alvarez-maynez","tag-elecciones-mexico-2024","tag-luis-colosio","tag-oposicion-dividida"],"_links":{"self":[{"href":"https:\/\/losperiodistas.com.mx\/portal\/wp-json\/wp\/v2\/posts\/74282","targetHints":{"allow":["GET"]}}],"collection":[{"href":"https:\/\/losperiodistas.com.mx\/portal\/wp-json\/wp\/v2\/posts"}],"about":[{"href":"https:\/\/losperiodistas.com.mx\/portal\/wp-json\/wp\/v2\/types\/post"}],"author":[{"embeddable":true,"href":"https:\/\/losperiodistas.com.mx\/portal\/wp-json\/wp\/v2\/users\/1"}],"replies":[{"embeddable":true,"href":"https:\/\/losperiodistas.com.mx\/portal\/wp-json\/wp\/v2\/comments?post=74282"}],"version-history":[{"count":1,"href":"https:\/\/losperiodistas.com.mx\/portal\/wp-json\/wp\/v2\/posts\/74282\/revisions"}],"predecessor-version":[{"id":74284,"href":"https:\/\/losperiodistas.com.mx\/portal\/wp-json\/wp\/v2\/posts\/74282\/revisions\/74284"}],"wp:featuredmedia":[{"embeddable":true,"href":"https:\/\/losperiodistas.com.mx\/portal\/wp-json\/wp\/v2\/media\/74283"}],"wp:attachment":[{"href":"https:\/\/losperiodistas.com.mx\/portal\/wp-json\/wp\/v2\/media?parent=74282"}],"wp:term":[{"taxonomy":"category","embeddable":true,"href":"https:\/\/losperiodistas.com.mx\/portal\/wp-json\/wp\/v2\/categories?post=74282"},{"taxonomy":"post_tag","embeddable":true,"href":"https:\/\/losperiodistas.com.mx\/portal\/wp-json\/wp\/v2\/tags?post=74282"}],"curies":[{"name":"wp","href":"https:\/\/api.w.org\/{rel}","templated":true}]}}