{"id":74280,"date":"2024-05-15T06:07:42","date_gmt":"2024-05-15T11:07:42","guid":{"rendered":"https:\/\/losperiodistas.com.mx\/portal\/?p=74280"},"modified":"2024-05-15T08:22:28","modified_gmt":"2024-05-15T13:22:28","slug":"opinion-entre-ruidos-y-senales-mexico-y-sus-nuevas-desigualdades-automatizacion-y-cambio-climatico","status":"publish","type":"post","link":"https:\/\/losperiodistas.com.mx\/portal\/opinion-entre-ruidos-y-senales-mexico-y-sus-nuevas-desigualdades-automatizacion-y-cambio-climatico\/","title":{"rendered":"Opini\u00f3n Entre Ruidos y Se\u00f1ales | M\u00e9xico y sus nuevas desigualdades: Automatizaci\u00f3n y cambio clim\u00e1tico"},"content":{"rendered":"\n<p><br><br><\/p>\n\n\n\n<p class=\"has-vivid-red-color has-text-color\" style=\"font-size:26px\"><em><strong>Por Ricardo Mart\u00ednez Mart\u00ednez<\/strong><\/em><\/p>\n\n\n\n<p><a href=\"https:\/\/losperiodistas.com.mx\/portal\/tag\/ricardommz07\/\">@ricardommz07<\/a><\/p>\n\n\n\n<p>\u201c\u00bfPor qu\u00e9 dejaron su planeta?\u201d, pregunta Jin Cheng a una emisaria de la civilizaci\u00f3n extraterrestre San Ti, que planea invadir la Tierra. \u201cPor el caos\u201d, responde ella. \u201cNuestro sistema solar hac\u00eda imposible la vida estable y continua\u201d. Ustedes, los humanos, han desarrollado su civilizaci\u00f3n y progreso gracias a la estabilidad y a la tecnolog\u00eda.<\/p>\n\n\n\n<p>Esta par\u00e1frasis del di\u00e1logo de <em>El dilema de los tres cuerpos<\/em>, novela de Cixin Liu, adaptada por Netflix, sirve como punto de partida para recordarnos que, en gran medida, el progreso humano ha sido posible gracias a la estabilidad de nuestro clima y la posibilidad de aprovechar los recursos del entorno mediante la tecnolog\u00eda.<\/p>\n\n\n\n<p>Hoy en d\u00eda, sin embargo, la presencia cada vez m\u00e1s recurrente y ca\u00f3tica de sequ\u00edas, abundantes precipitaciones, temperaturas extremas y tormentas, resultado de los efectos del cambio clim\u00e1tico, han agregado nuevos elementos a las desigualdades ya imperantes en nuestro pa\u00eds.<\/p>\n\n\n\n<p>Nos encontramos como caminando en una pista de hielo que puede quebrarse bajo nuestros pies. Sin embargo, esta no es la \u00fanica nueva invitada a esta \u201crifa del tigre\u201d de las nuevas desigualdades.<\/p>\n\n\n\n<p>La creciente incorporaci\u00f3n de automatizaci\u00f3n e inteligencia artificial en los procesos productivos tambi\u00e9n sugiere un aumento en la desigualdad y la eliminaci\u00f3n de empleos, seg\u00fan indica el <em>Artificial Intelligence Index Report 2024<\/em> del Stanford Institute for Human-Centered Artificial Intelligence (HAI).<\/p>\n\n\n\n<p>Una mirada al desaf\u00edo que enfrenta la automatizaci\u00f3n y la inteligencia artificial nos revela que, de acuerdo a V\u00e9lez Grajales y Monroy-G\u00f3mez-Franco, \u201ccerca del 65 por ciento de las plazas laborales en M\u00e9xico ya podr\u00edan ser sustituidas, o estar\u00edan cerca de serlo, por m\u00e1quinas\u201d (2021, p. 143).<\/p>\n\n\n\n<p>Adem\u00e1s, seg\u00fan el <em>Artificial Intelligence Index Report 2024<\/em>, solo el 20% de las organizaciones en Am\u00e9rica del Norte consideran que los riesgos de equidad son relevantes para sus estrategias de adopci\u00f3n de IA. Esto sugiere una menor conciencia o priorizaci\u00f3n de la equidad en IA en esta regi\u00f3n, lo que podr\u00eda contribuir al aumento de la desigualdad a medida que la IA se integra m\u00e1s en diversos aspectos de la vida y la econom\u00eda.<\/p>\n\n\n\n<p>El desaf\u00edo de la inteligencia artificial y la automatizaci\u00f3n es grande, y lo es a\u00fan m\u00e1s el del cambio clim\u00e1tico y sus consecuencias, cuya visibilidad no har\u00e1 sino agudizarse.<\/p>\n\n\n\n<p>Muestra de ello es lo que encontraron Mar\u00eda Eugenia Ibarrar\u00e1n, Elizabeth Malone y Antoinette Brenkert al evaluar la capacidad de las entidades federativas mexicanas para enfrentar los impactos del cambio clim\u00e1tico. Esta capacidad, denominada resiliencia, depende de los recursos econ\u00f3micos, humanos, c\u00edvicos y ambientales disponibles en cada estado, as\u00ed como de su vulnerabilidad relacionada con la infraestructura, los servicios de salud, la seguridad alimentaria y los ecosistemas.<\/p>\n\n\n\n<p>Descubrieron, lamentablemente pero no sorprendentemente, que los estados del sur de M\u00e9xico presentan una resiliencia m\u00e1s baja y una mayor vulnerabilidad. Concluyeron que las regiones que probablemente sufrir\u00e1n mayores da\u00f1os por el cambio clim\u00e1tico son tambi\u00e9n las que tienen menos recursos para mitigar sus efectos: Oaxaca, Guerrero, Chiapas y Veracruz, campeones de la desigualdad en nuestro pa\u00eds.<\/p>\n\n\n\n<p>Ante este panorama, \u00bfcu\u00e1les son los desaf\u00edos de estas nuevas desigualdades? En materia de pol\u00edticas p\u00fablicas, es crucial cuidar y redirigir el relato, orient\u00e1ndonos hacia una respuesta resiliente, tanto en materia clim\u00e1tica como en el avance tecnol\u00f3gico que se avecina.<\/p>\n\n\n\n<p>La visi\u00f3n que se tenga de estos desaf\u00edos es crucial. Uno se presenta en formato de problema y otro en formato de conflicto. Los problemas se resuelven; los conflictos buscan enemigos y culpables. Dado que el \u201cenemigo\u201d nos sobrepasa, bien har\u00edamos todos los mexicanos en formar un frente com\u00fan para evitar estas desigualdades clim\u00e1ticas y tecnol\u00f3gicas.<\/p>\n\n\n\n<p>El Estado debe ser un agente promotor y firme en su papel regulador. Aunque nada de esto parezca \u201curgente\u201d ni pol\u00edticamente rentable, es fundamental que, como sociedad, visibilicemos y discutamos estos temas, buscando m\u00faltiples soluciones, reflexionando y actuando desde un cuestionamiento \u00e9tico fundamental: \u00bfSeremos buenos ancestros?<\/p>\n","protected":false},"excerpt":{"rendered":"<p>Por Ricardo Mart\u00ednez Mart\u00ednez @ricardommz07 \u201c\u00bfPor qu\u00e9 dejaron su planeta?\u201d, pregunta Jin Cheng a una emisaria de la civilizaci\u00f3n extraterrestre [&hellip;]<\/p>\n","protected":false},"author":1,"featured_media":73390,"comment_status":"open","ping_status":"open","sticky":false,"template":"","format":"standard","meta":{"site-sidebar-layout":"default","site-content-layout":"","ast-site-content-layout":"default","site-content-style":"default","site-sidebar-style":"default","ast-global-header-display":"","ast-banner-title-visibility":"","ast-main-header-display":"","ast-hfb-above-header-display":"","ast-hfb-below-header-display":"","ast-hfb-mobile-header-display":"","site-post-title":"","ast-breadcrumbs-content":"","ast-featured-img":"","footer-sml-layout":"","theme-transparent-header-meta":"","adv-header-id-meta":"","stick-header-meta":"","header-above-stick-meta":"","header-main-stick-meta":"","header-below-stick-meta":"","astra-migrate-meta-layouts":"default","ast-page-background-enabled":"default","ast-page-background-meta":{"desktop":{"background-color":"var(--ast-global-color-4)","background-image":"","background-repeat":"repeat","background-position":"center center","background-size":"auto","background-attachment":"scroll","background-type":"","background-media":"","overlay-type":"","overlay-color":"","overlay-opacity":"","overlay-gradient":""},"tablet":{"background-color":"","background-image":"","background-repeat":"repeat","background-position":"center center","background-size":"auto","background-attachment":"scroll","background-type":"","background-media":"","overlay-type":"","overlay-color":"","overlay-opacity":"","overlay-gradient":""},"mobile":{"background-color":"","background-image":"","background-repeat":"repeat","background-position":"center center","background-size":"auto","background-attachment":"scroll","background-type":"","background-media":"","overlay-type":"","overlay-color":"","overlay-opacity":"","overlay-gradient":""}},"ast-content-background-meta":{"desktop":{"background-color":"var(--ast-global-color-5)","background-image":"","background-repeat":"repeat","background-position":"center center","background-size":"auto","background-attachment":"scroll","background-type":"","background-media":"","overlay-type":"","overlay-color":"","overlay-opacity":"","overlay-gradient":""},"tablet":{"background-color":"var(--ast-global-color-5)","background-image":"","background-repeat":"repeat","background-position":"center center","background-size":"auto","background-attachment":"scroll","background-type":"","background-media":"","overlay-type":"","overlay-color":"","overlay-opacity":"","overlay-gradient":""},"mobile":{"background-color":"var(--ast-global-color-5)","background-image":"","background-repeat":"repeat","background-position":"center center","background-size":"auto","background-attachment":"scroll","background-type":"","background-media":"","overlay-type":"","overlay-color":"","overlay-opacity":"","overlay-gradient":""}},"footnotes":""},"categories":[8,22],"tags":[25013,176,25014],"class_list":["post-74280","post","type-post","status-publish","format-standard","has-post-thumbnail","hentry","category-noticias","category-opinion-invitada","tag-ricardommz07","tag-cambio-climatico","tag-desigualdades-en-mexico"],"_links":{"self":[{"href":"https:\/\/losperiodistas.com.mx\/portal\/wp-json\/wp\/v2\/posts\/74280","targetHints":{"allow":["GET"]}}],"collection":[{"href":"https:\/\/losperiodistas.com.mx\/portal\/wp-json\/wp\/v2\/posts"}],"about":[{"href":"https:\/\/losperiodistas.com.mx\/portal\/wp-json\/wp\/v2\/types\/post"}],"author":[{"embeddable":true,"href":"https:\/\/losperiodistas.com.mx\/portal\/wp-json\/wp\/v2\/users\/1"}],"replies":[{"embeddable":true,"href":"https:\/\/losperiodistas.com.mx\/portal\/wp-json\/wp\/v2\/comments?post=74280"}],"version-history":[{"count":2,"href":"https:\/\/losperiodistas.com.mx\/portal\/wp-json\/wp\/v2\/posts\/74280\/revisions"}],"predecessor-version":[{"id":74299,"href":"https:\/\/losperiodistas.com.mx\/portal\/wp-json\/wp\/v2\/posts\/74280\/revisions\/74299"}],"wp:featuredmedia":[{"embeddable":true,"href":"https:\/\/losperiodistas.com.mx\/portal\/wp-json\/wp\/v2\/media\/73390"}],"wp:attachment":[{"href":"https:\/\/losperiodistas.com.mx\/portal\/wp-json\/wp\/v2\/media?parent=74280"}],"wp:term":[{"taxonomy":"category","embeddable":true,"href":"https:\/\/losperiodistas.com.mx\/portal\/wp-json\/wp\/v2\/categories?post=74280"},{"taxonomy":"post_tag","embeddable":true,"href":"https:\/\/losperiodistas.com.mx\/portal\/wp-json\/wp\/v2\/tags?post=74280"}],"curies":[{"name":"wp","href":"https:\/\/api.w.org\/{rel}","templated":true}]}}