{"id":74214,"date":"2024-05-14T08:05:21","date_gmt":"2024-05-14T13:05:21","guid":{"rendered":"https:\/\/losperiodistas.com.mx\/portal\/?p=74214"},"modified":"2024-05-14T08:05:23","modified_gmt":"2024-05-14T13:05:23","slug":"sheinbaum-con-56-de-preferencia-el-economista","status":"publish","type":"post","link":"https:\/\/losperiodistas.com.mx\/portal\/sheinbaum-con-56-de-preferencia-el-economista\/","title":{"rendered":"Sheinbaum, con 56% de preferencia | El Economista"},"content":{"rendered":"\n<figure class=\"wp-block-image size-large\"><img fetchpriority=\"high\" decoding=\"async\" width=\"1024\" height=\"807\" src=\"https:\/\/losperiodistas.com.mx\/portal\/wp-content\/uploads\/2024\/05\/Captura-de-Pantalla-2024-05-14-a-las-6.59.08-1024x807.jpg\" alt=\"\" class=\"wp-image-74215\" srcset=\"https:\/\/losperiodistas.com.mx\/portal\/wp-content\/uploads\/2024\/05\/Captura-de-Pantalla-2024-05-14-a-las-6.59.08-1024x807.jpg 1024w, https:\/\/losperiodistas.com.mx\/portal\/wp-content\/uploads\/2024\/05\/Captura-de-Pantalla-2024-05-14-a-las-6.59.08-300x236.jpg 300w, https:\/\/losperiodistas.com.mx\/portal\/wp-content\/uploads\/2024\/05\/Captura-de-Pantalla-2024-05-14-a-las-6.59.08-768x605.jpg 768w, https:\/\/losperiodistas.com.mx\/portal\/wp-content\/uploads\/2024\/05\/Captura-de-Pantalla-2024-05-14-a-las-6.59.08.jpg 1490w\" sizes=\"(max-width: 1024px) 100vw, 1024px\" \/><\/figure>\n\n\n\n<p><\/p>\n\n\n\n<p><\/p>\n\n\n\n<p>Rolando Ramos \/ El Economista<\/p>\n\n\n\n<p>La Encuesta nacional mensual Tendencias electorales Rumbo al 2 de junio 2024, correspondiente a mayo, levantada en viviendas para&nbsp;<em>El Economista<\/em>&nbsp;por Mitofsky, indica que la morenista y la panista cayeron 2.8 y 1.7%, respectivamente.<a href=\"https:\/\/api.whatsapp.com\/send?text=https%3A%2F%2Fwww.eleconomista.com.mx%2Fpolitica%2FSheinbaum-con-56-de-preferencia-20240513-0138.html\" target=\"_blank\" rel=\"noreferrer noopener\"><\/a><a href=\"https:\/\/twitter.com\/intent\/tweet?text=Sheinbaum%2C%20con%2056%25%20de%20preferencia&amp;url=https%3A%2F%2Fwww.eleconomista.com.mx%2Fpolitica%2FSheinbaum-con-56-de-preferencia-20240513-0138.html\" target=\"_blank\" rel=\"noreferrer noopener\"><\/a><a href=\"https:\/\/www.facebook.com\/sharer\/sharer.php?u=https%3A%2F%2Fwww.eleconomista.com.mx%2Fpolitica%2FSheinbaum-con-56-de-preferencia-20240513-0138.html\" target=\"_blank\" rel=\"noreferrer noopener\"><\/a><a href=\"https:\/\/www.linkedin.com\/sharing\/share-offsite\/?url=https%3A%2F%2Fwww.eleconomista.com.mx%2Fpolitica%2FSheinbaum-con-56-de-preferencia-20240513-0138.html\" target=\"_blank\" rel=\"noreferrer noopener\"><\/a><\/p>\n\n\n\n<figure class=\"wp-block-image\"><img decoding=\"async\" src=\"https:\/\/www.eleconomista.com.mx\/export\/sites\/eleconomista\/img\/2024\/05\/14\/elecciones-2_140524w.jpg_2011524435.jpg\" alt=\"\"\/><\/figure>\n\n\n\n<p>A menos de un mes de los comicios, cinco, tres y uno de cada 10 ciudadanos revelaron que votar\u00e1n por&nbsp;<strong>Claudia Sheinbaum<\/strong>&nbsp;(56%),&nbsp;<strong>X\u00f3chitl G\u00e1lvez<\/strong>&nbsp;(32.2%) y&nbsp;<strong>Jorge \u00c1lvarez M\u00e1ynez<\/strong>&nbsp;(11.8%), candidatos de Morena, PT y PVEM, PAN, PRI y PRD, y del partido Movimiento Ciudadano (MC) a la Presidencia de la Rep\u00fablica, respectivamente.<\/p>\n\n\n\n<p>La Encuesta nacional mensual Tendencias electorales Rumbo al 2 de junio 2024, correspondiente a mayo, levantada en viviendas para&nbsp;<em>El Economista<\/em>&nbsp;por&nbsp;<strong>Mitofsky<\/strong>, indica que la morenista y la panista cayeron 2.8 y 1.7%, respectivamente, comparado con los resultados del mes anterior, mientras que el emecista subi\u00f3 1.2 puntos.https:\/\/geo.dailymotion.com\/player\/x9ws1.html?playlist=x7lrcy&amp;mute=true<\/p>\n\n\n\n<p>Seg\u00fan el sondeo realizado entre 1,600 ciudadanos con simulaci\u00f3n de urna y boleta electoral, 50.1% respondi\u00f3 que votar\u00e1 por la alianza de Morena, PT y PVEM; 26.4% dijo que lo har\u00e1 por la uni\u00f3n PAN, PRI y PRD; por MC, 11.4%; 7.8% contest\u00f3 no saber a\u00fan y 4.3%, que por ning\u00fan partido pol\u00edtico.<\/p>\n\n\n\n<figure class=\"wp-block-image\"><img decoding=\"async\" src=\"https:\/\/www.eleconomista.com.mx\/export\/sites\/eleconomista\/img\/2024\/05\/14\/elecciones-3_140524w.jpg_2003658315.jpg\" alt=\"\"\/><\/figure>\n\n\n\n<p><\/p>\n\n\n\n<p>Fuente: <a href=\"https:\/\/www.eleconomista.com.mx\/politica\/Sheinbaum-con-56-de-preferencia-20240513-0138.html\">https:\/\/www.eleconomista.com.mx\/politica\/Sheinbaum-con-56-de-preferencia-20240513-0138.html<\/a><\/p>\n","protected":false},"excerpt":{"rendered":"<p>Rolando Ramos \/ El Economista La Encuesta nacional mensual Tendencias electorales Rumbo al 2 de junio 2024, correspondiente a mayo, [&hellip;]<\/p>\n","protected":false},"author":1,"featured_media":74215,"comment_status":"open","ping_status":"open","sticky":false,"template":"","format":"standard","meta":{"site-sidebar-layout":"default","site-content-layout":"","ast-site-content-layout":"default","site-content-style":"default","site-sidebar-style":"default","ast-global-header-display":"","ast-banner-title-visibility":"","ast-main-header-display":"","ast-hfb-above-header-display":"","ast-hfb-below-header-display":"","ast-hfb-mobile-header-display":"","site-post-title":"","ast-breadcrumbs-content":"","ast-featured-img":"","footer-sml-layout":"","theme-transparent-header-meta":"","adv-header-id-meta":"","stick-header-meta":"","header-above-stick-meta":"","header-main-stick-meta":"","header-below-stick-meta":"","astra-migrate-meta-layouts":"default","ast-page-background-enabled":"default","ast-page-background-meta":{"desktop":{"background-color":"var(--ast-global-color-4)","background-image":"","background-repeat":"repeat","background-position":"center center","background-size":"auto","background-attachment":"scroll","background-type":"","background-media":"","overlay-type":"","overlay-color":"","overlay-opacity":"","overlay-gradient":""},"tablet":{"background-color":"","background-image":"","background-repeat":"repeat","background-position":"center center","background-size":"auto","background-attachment":"scroll","background-type":"","background-media":"","overlay-type":"","overlay-color":"","overlay-opacity":"","overlay-gradient":""},"mobile":{"background-color":"","background-image":"","background-repeat":"repeat","background-position":"center center","background-size":"auto","background-attachment":"scroll","background-type":"","background-media":"","overlay-type":"","overlay-color":"","overlay-opacity":"","overlay-gradient":""}},"ast-content-background-meta":{"desktop":{"background-color":"var(--ast-global-color-5)","background-image":"","background-repeat":"repeat","background-position":"center center","background-size":"auto","background-attachment":"scroll","background-type":"","background-media":"","overlay-type":"","overlay-color":"","overlay-opacity":"","overlay-gradient":""},"tablet":{"background-color":"var(--ast-global-color-5)","background-image":"","background-repeat":"repeat","background-position":"center center","background-size":"auto","background-attachment":"scroll","background-type":"","background-media":"","overlay-type":"","overlay-color":"","overlay-opacity":"","overlay-gradient":""},"mobile":{"background-color":"var(--ast-global-color-5)","background-image":"","background-repeat":"repeat","background-position":"center center","background-size":"auto","background-attachment":"scroll","background-type":"","background-media":"","overlay-type":"","overlay-color":"","overlay-opacity":"","overlay-gradient":""}},"footnotes":""},"categories":[8],"tags":[24977,116,24978,24979],"class_list":["post-74214","post","type-post","status-publish","format-standard","has-post-thumbnail","hentry","category-noticias","tag-encuesta-nacional-mensual-tendencias-electorales","tag-mitofsky","tag-sheinbaum-56-por-ciento","tag-xochitl-32-2"],"_links":{"self":[{"href":"https:\/\/losperiodistas.com.mx\/portal\/wp-json\/wp\/v2\/posts\/74214","targetHints":{"allow":["GET"]}}],"collection":[{"href":"https:\/\/losperiodistas.com.mx\/portal\/wp-json\/wp\/v2\/posts"}],"about":[{"href":"https:\/\/losperiodistas.com.mx\/portal\/wp-json\/wp\/v2\/types\/post"}],"author":[{"embeddable":true,"href":"https:\/\/losperiodistas.com.mx\/portal\/wp-json\/wp\/v2\/users\/1"}],"replies":[{"embeddable":true,"href":"https:\/\/losperiodistas.com.mx\/portal\/wp-json\/wp\/v2\/comments?post=74214"}],"version-history":[{"count":1,"href":"https:\/\/losperiodistas.com.mx\/portal\/wp-json\/wp\/v2\/posts\/74214\/revisions"}],"predecessor-version":[{"id":74216,"href":"https:\/\/losperiodistas.com.mx\/portal\/wp-json\/wp\/v2\/posts\/74214\/revisions\/74216"}],"wp:featuredmedia":[{"embeddable":true,"href":"https:\/\/losperiodistas.com.mx\/portal\/wp-json\/wp\/v2\/media\/74215"}],"wp:attachment":[{"href":"https:\/\/losperiodistas.com.mx\/portal\/wp-json\/wp\/v2\/media?parent=74214"}],"wp:term":[{"taxonomy":"category","embeddable":true,"href":"https:\/\/losperiodistas.com.mx\/portal\/wp-json\/wp\/v2\/categories?post=74214"},{"taxonomy":"post_tag","embeddable":true,"href":"https:\/\/losperiodistas.com.mx\/portal\/wp-json\/wp\/v2\/tags?post=74214"}],"curies":[{"name":"wp","href":"https:\/\/api.w.org\/{rel}","templated":true}]}}