{"id":74158,"date":"2024-05-13T06:29:36","date_gmt":"2024-05-13T11:29:36","guid":{"rendered":"https:\/\/losperiodistas.com.mx\/portal\/?p=74158"},"modified":"2024-05-13T06:29:38","modified_gmt":"2024-05-13T11:29:38","slug":"altas-temperaturas-se-prolongaran-cuatro-dias-mas-en-el-pais-el-economista","status":"publish","type":"post","link":"https:\/\/losperiodistas.com.mx\/portal\/altas-temperaturas-se-prolongaran-cuatro-dias-mas-en-el-pais-el-economista\/","title":{"rendered":"Altas temperaturas se prolongar\u00e1n cuatro d\u00edas m\u00e1s en el pa\u00eds | El Economista"},"content":{"rendered":"\n<p class=\"has-medium-font-size\">El fen\u00f3meno de la ola de calor se atenuar\u00e1 ligeramente, pero se mantendr\u00e1 durante la mayor parte de esta semana con temperaturas superiores al promedio<\/p>\n\n\n\n<p><\/p>\n\n\n\n<figure class=\"wp-block-image size-large\"><img fetchpriority=\"high\" decoding=\"async\" width=\"1024\" height=\"1011\" src=\"https:\/\/losperiodistas.com.mx\/portal\/wp-content\/uploads\/2024\/05\/Captura-de-Pantalla-2024-05-13-a-las-5.23.58-1024x1011.jpg\" alt=\"\" class=\"wp-image-74159\" srcset=\"https:\/\/losperiodistas.com.mx\/portal\/wp-content\/uploads\/2024\/05\/Captura-de-Pantalla-2024-05-13-a-las-5.23.58-1024x1011.jpg 1024w, https:\/\/losperiodistas.com.mx\/portal\/wp-content\/uploads\/2024\/05\/Captura-de-Pantalla-2024-05-13-a-las-5.23.58-300x296.jpg 300w, https:\/\/losperiodistas.com.mx\/portal\/wp-content\/uploads\/2024\/05\/Captura-de-Pantalla-2024-05-13-a-las-5.23.58-768x759.jpg 768w, https:\/\/losperiodistas.com.mx\/portal\/wp-content\/uploads\/2024\/05\/Captura-de-Pantalla-2024-05-13-a-las-5.23.58.jpg 1474w\" sizes=\"(max-width: 1024px) 100vw, 1024px\" \/><\/figure>\n\n\n\n<p><\/p>\n\n\n\n<p class=\"has-vivid-red-color has-text-color has-medium-font-size\"><strong><a href=\"https:\/\/www.eleconomista.com.mx\/autor\/rmelgoza\">Rocio Melgoza Delgado<\/a>\u00a0\/\u00a0<a href=\"https:\/\/www.eleconomista.com.mx\/autor\/rolando.ramos\">Rolando Ramos<\/a> \/ El Economista<\/strong><\/p>\n\n\n\n<p>Las altas temperaturas no dar\u00e1n tregua en la mayor parte del territorio nacional durante los pr\u00f3ximos cuatro d\u00edas, con valores que podr\u00edan superar los 45 grados Celsius en al menos siete entidades del pa\u00eds, report\u00f3 el Servicio Meteorol\u00f3gico Nacional (SMN) de la Comisi\u00f3n Nacional del Agua (Conagua).<\/p>\n\n\n\n<p>El organismo agreg\u00f3 que la segunda ola de calor que afecta al pa\u00eds comenzar\u00e1 a disminuir a partir de este lunes, pero no habr\u00e1 un descenso significativo de las temperaturas s\u00f3lo una moderaci\u00f3n.<\/p>\n\n\n\n<p>De acuerdo con el \u00faltimo pron\u00f3stico del SMN, este inicio de semana se registrar\u00e1 una circulaci\u00f3n anticicl\u00f3nica en niveles medios de la atm\u00f3sfera que se ubicar\u00e1 sobre el occidente del mar Caribe, dejando de afectar directamente al territorio nacional. No obstante, esto propiciar\u00e1 que prevalezca un ambiente de caluroso a muy caluroso en entidades del occidente, oriente, sur y sureste de M\u00e9xico.<\/p>\n\n\n\n<p>El pron\u00f3stico es que en los estados de Tamaulipas, San Luis Potos\u00ed, Veracruz, Tabasco y Campeche las temperaturas podr\u00edan superar los 45 grados Celsius. Para el resto de la semana, a estos cinco estados se sumar\u00e1 el estado de Chiapas, donde tambi\u00e9n se esperan valores extremos que podr\u00edan rebasar los 45 grados.<\/p>\n\n\n\n<h2 class=\"wp-block-heading\">Con calor intenso, 19 estados<\/h2>\n\n\n\n<p>El Servicio Meteorol\u00f3gico Nacional se\u00f1ala que del lunes 13 al jueves 16 de mayo, adem\u00e1s de los estados mencionados anteriormente, por lo menos otras 19 entidades experimentar\u00e1n temperaturas entre 35 y 45 grados Celsius durante las pr\u00f3ximas 96 horas.<\/p>\n\n\n\n<p>As\u00ed, en Nuevo Le\u00f3n, Michoac\u00e1n, Guerrero, Morelos, Puebla (norte y suroeste), Oaxaca y Quintana Roo, el term\u00f3metro marcar\u00eda entre 40 y 45 \u00b0C. En Baja California, Sonora, Chihuahua, Coahuila, Durango, Sinaloa, Nayarit, Jalisco, Colima, Guanajuato, Quer\u00e9taro e Hidalgo el calor oscilar\u00e1 entre 35 y 40 \u00b0C, de acuerdo con los datos del organismo adscrito a la Conagua.<\/p>\n\n\n\n<p>El SMN hab\u00eda pronosticado que el 11 de mayo se terminaba la segunda ola de calor, sin embargo, sus efectos se han prolongado por condiciones clim\u00e1ticas.<\/p>\n\n\n\n<h2 class=\"wp-block-heading\">\u00bfQu\u00e9 es una ola de calor?<\/h2>\n\n\n\n<p>Una ola de calor se define como un periodo de m\u00e1s de tres d\u00edas consecutivos con temperaturas por encima del promedio, tanto para las m\u00e1ximas (entre las 2:00 p. m. y 4:00 p. m.) como para las m\u00ednimas (entre las 5:00 a. m. y 7:00 a. m. ). Este fen\u00f3meno se origina por la presencia de un anticicl\u00f3n en niveles altos de la atm\u00f3sfera, que favorece un ambiente diurno extremadamente caluroso.<\/p>\n\n\n\n<h2 class=\"wp-block-heading\">Cuidados para prevenir da\u00f1os a la salud<\/h2>\n\n\n\n<p>Las autoridades de salud han alertado sobre el riesgo de padecer enfermedades relacionadas con el calor, como el golpe de calor y la insolaci\u00f3n. En lo que va de la temporada de calor, se han registrado 337 casos preliminares de da\u00f1os a la salud por temperaturas extremas y siete defunciones a nivel nacional.<\/p>\n\n\n\n<p>Para prevenir estas afectaciones, se recomienda consumir agua en abundancia; permanecer en lugares frescos y protegidos del sol directo; usar protector solar; vestir ropa ligera y lentes con protecci\u00f3n UV; lavar bien las frutas y verduras antes de consumirlas; asegurarse de que los alimentos est\u00e9n bien refrigerados y frescos.<\/p>\n\n\n\n<p>En caso de presentar s\u00edntomas como mareos, n\u00e1useas, dolor de cabeza, confusi\u00f3n o desmayo, es importante buscar atenci\u00f3n m\u00e9dica de inmediato.<\/p>\n\n\n\n<h2 class=\"wp-block-heading\">Diez ciudades han rebasado su temperatura r\u00e9cord con la ola de calor<\/h2>\n\n\n\n<p>Las altas temperaturas en el pa\u00eds contin\u00faan, por lo que en este 2024 se podr\u00eda superar los registros del a\u00f1o previo como el m\u00e1s caluroso en M\u00e9xico, de acuerdo con los registros de la Comisi\u00f3n Nacional del Agua (Conagua).<\/p>\n\n\n\n<p>La dependencia federal estableci\u00f3 que el calentamiento global, as\u00ed como otras tendencias de cambio clim\u00e1tico, propician altos niveles de gases de efecto invernadero que retienen el calor en la atm\u00f3sfera.<\/p>\n\n\n\n<p>Estas condiciones han generado que se registren altas temperaturas en buena parte del territorio nacional, incluso el viernes 9 de mayo se registraron r\u00e9cords en varias ciudades.<\/p>\n\n\n\n<p>Germ\u00e1n A. Mart\u00ednez Santoyo, director general de la Conagua, inform\u00f3 que 10 ciudades en el pa\u00eds establecieron nuevos registros de temperaturas.\u00a0<em>(Paul Constantino)<\/em><\/p>\n\n\n\n<p>Fuente: <a href=\"https:\/\/www.eleconomista.com.mx\/politica\/Altas-temperaturas-se-prolongaran-cuatro-dias-mas-en-el-pais-20240512-0097.html\">https:\/\/www.eleconomista.com.mx\/politica\/Altas-temperaturas-se-prolongaran-cuatro-dias-mas-en-el-pais-20240512-0097.html<\/a><\/p>\n","protected":false},"excerpt":{"rendered":"<p>El fen\u00f3meno de la ola de calor se atenuar\u00e1 ligeramente, pero se mantendr\u00e1 durante la mayor parte de esta semana [&hellip;]<\/p>\n","protected":false},"author":1,"featured_media":74159,"comment_status":"open","ping_status":"open","sticky":false,"template":"","format":"standard","meta":{"site-sidebar-layout":"default","site-content-layout":"","ast-site-content-layout":"default","site-content-style":"default","site-sidebar-style":"default","ast-global-header-display":"","ast-banner-title-visibility":"","ast-main-header-display":"","ast-hfb-above-header-display":"","ast-hfb-below-header-display":"","ast-hfb-mobile-header-display":"","site-post-title":"","ast-breadcrumbs-content":"","ast-featured-img":"","footer-sml-layout":"","theme-transparent-header-meta":"","adv-header-id-meta":"","stick-header-meta":"","header-above-stick-meta":"","header-main-stick-meta":"","header-below-stick-meta":"","astra-migrate-meta-layouts":"default","ast-page-background-enabled":"default","ast-page-background-meta":{"desktop":{"background-color":"var(--ast-global-color-4)","background-image":"","background-repeat":"repeat","background-position":"center center","background-size":"auto","background-attachment":"scroll","background-type":"","background-media":"","overlay-type":"","overlay-color":"","overlay-opacity":"","overlay-gradient":""},"tablet":{"background-color":"","background-image":"","background-repeat":"repeat","background-position":"center center","background-size":"auto","background-attachment":"scroll","background-type":"","background-media":"","overlay-type":"","overlay-color":"","overlay-opacity":"","overlay-gradient":""},"mobile":{"background-color":"","background-image":"","background-repeat":"repeat","background-position":"center center","background-size":"auto","background-attachment":"scroll","background-type":"","background-media":"","overlay-type":"","overlay-color":"","overlay-opacity":"","overlay-gradient":""}},"ast-content-background-meta":{"desktop":{"background-color":"var(--ast-global-color-5)","background-image":"","background-repeat":"repeat","background-position":"center center","background-size":"auto","background-attachment":"scroll","background-type":"","background-media":"","overlay-type":"","overlay-color":"","overlay-opacity":"","overlay-gradient":""},"tablet":{"background-color":"var(--ast-global-color-5)","background-image":"","background-repeat":"repeat","background-position":"center center","background-size":"auto","background-attachment":"scroll","background-type":"","background-media":"","overlay-type":"","overlay-color":"","overlay-opacity":"","overlay-gradient":""},"mobile":{"background-color":"var(--ast-global-color-5)","background-image":"","background-repeat":"repeat","background-position":"center center","background-size":"auto","background-attachment":"scroll","background-type":"","background-media":"","overlay-type":"","overlay-color":"","overlay-opacity":"","overlay-gradient":""}},"footnotes":""},"categories":[8],"tags":[4853,24954,10277],"class_list":["post-74158","post","type-post","status-publish","format-standard","has-post-thumbnail","hentry","category-noticias","tag-conagua","tag-ola-de-carlor-mexico","tag-smn"],"_links":{"self":[{"href":"https:\/\/losperiodistas.com.mx\/portal\/wp-json\/wp\/v2\/posts\/74158","targetHints":{"allow":["GET"]}}],"collection":[{"href":"https:\/\/losperiodistas.com.mx\/portal\/wp-json\/wp\/v2\/posts"}],"about":[{"href":"https:\/\/losperiodistas.com.mx\/portal\/wp-json\/wp\/v2\/types\/post"}],"author":[{"embeddable":true,"href":"https:\/\/losperiodistas.com.mx\/portal\/wp-json\/wp\/v2\/users\/1"}],"replies":[{"embeddable":true,"href":"https:\/\/losperiodistas.com.mx\/portal\/wp-json\/wp\/v2\/comments?post=74158"}],"version-history":[{"count":1,"href":"https:\/\/losperiodistas.com.mx\/portal\/wp-json\/wp\/v2\/posts\/74158\/revisions"}],"predecessor-version":[{"id":74160,"href":"https:\/\/losperiodistas.com.mx\/portal\/wp-json\/wp\/v2\/posts\/74158\/revisions\/74160"}],"wp:featuredmedia":[{"embeddable":true,"href":"https:\/\/losperiodistas.com.mx\/portal\/wp-json\/wp\/v2\/media\/74159"}],"wp:attachment":[{"href":"https:\/\/losperiodistas.com.mx\/portal\/wp-json\/wp\/v2\/media?parent=74158"}],"wp:term":[{"taxonomy":"category","embeddable":true,"href":"https:\/\/losperiodistas.com.mx\/portal\/wp-json\/wp\/v2\/categories?post=74158"},{"taxonomy":"post_tag","embeddable":true,"href":"https:\/\/losperiodistas.com.mx\/portal\/wp-json\/wp\/v2\/tags?post=74158"}],"curies":[{"name":"wp","href":"https:\/\/api.w.org\/{rel}","templated":true}]}}