{"id":74152,"date":"2024-05-13T06:11:43","date_gmt":"2024-05-13T11:11:43","guid":{"rendered":"https:\/\/losperiodistas.com.mx\/portal\/?p=74152"},"modified":"2024-05-13T06:11:45","modified_gmt":"2024-05-13T11:11:45","slug":"puebla-rompe-record-de-alta-temperatura-en-77-anos-no-habia-registrado-35-2-grados-centrigrados-conagua-ljo","status":"publish","type":"post","link":"https:\/\/losperiodistas.com.mx\/portal\/puebla-rompe-record-de-alta-temperatura-en-77-anos-no-habia-registrado-35-2-grados-centrigrados-conagua-ljo\/","title":{"rendered":"Puebla rompe r\u00e9cord de alta temperatura; en 77 a\u00f1os no hab\u00eda registrado 35.2 grados centr\u00edgrados: Conagua | LJO"},"content":{"rendered":"\n<p class=\"has-medium-font-size\">No hay una incidencia alta de casos derivados de las altas temperaturas: Ssa<\/p>\n\n\n\n<figure class=\"wp-block-image\"><img decoding=\"async\" src=\"https:\/\/www.lajornadadeoriente.com.mx\/wp-content\/uploads\/2024\/05\/240509AECALOR-6-696x464.jpg\" alt=\"Puebla rompe r\u00e9cord de alta temperatura; en 77 a\u00f1os no hab\u00eda registrado 35.2 grados centr\u00edgrados: Conagua\" title=\"Puebla rompe r\u00e9cord de alta temperatura; en 77 a\u00f1os no hab\u00eda registrado 35.2 grados centr\u00edgrados: Conagua\"\/><\/figure>\n\n\n\n<p><\/p>\n\n\n\n<p><\/p>\n\n\n\n<p class=\"has-vivid-red-color has-text-color has-medium-font-size\"><strong><a href=\"https:\/\/lajornadadeoriente.com.mx\/author\/yadira_llaven\">Yadira Llaven Anzures<\/a>  \/ La Jornada de Oriente<\/strong><\/p>\n\n\n\n<p><strong>El municipio de Puebla registr\u00f3 su temperatura m\u00e1s alta, alcanzando un nuevo r\u00e9cord que no se hab\u00eda reportado desde hace 77 a\u00f1os<\/strong>.&nbsp;<\/p>\n\n\n\n<p>As\u00ed lo inform\u00f3 Germ\u00e1n Mart\u00ednez Santoyo, titular de Comisi\u00f3n Nacional del Agua (Conagua), tras precisar que en el caso de Puebla la temperatura fue de 35.2 grados el pasado 9 de mayo, 0.9 grados m\u00e1s alto que el r\u00e9cord anterior registrado el 23 de mayo de 1947.&nbsp;&nbsp;<\/p>\n\n\n\n<p>En redes sociales, Mart\u00ednez Satoyo public\u00f3 un listado de al menos una decena de municipios con el incremento de temperaturas en M\u00e9xico durante la segunda ola de calor del a\u00f1o.\u00a0\u00a0<\/p>\n\n\n\n<p>Entre otros municipios que tambi\u00e9n rompieron r\u00e9cords de temperatura el 9 de mayo fueron:\u202fToluca, Cuernavaca, Ciudad Victoria, M\u00e9rida, Campeche, Progreso, Torre\u00f3n, Quer\u00e9taro\u202fy Ciudad de M\u00e9xico.&nbsp;<\/p>\n\n\n\n<p>Llam\u00f3 la atenci\u00f3n que Puebla es la \u00fanica ciudad de la lista que mantuvo su r\u00e9cord de temperatura durante m\u00e1s tiempo.\u202f\u202f\u00a0<\/p>\n\n\n\n<p>Mientras que Teotlalco fue el&nbsp;<a href=\"https:\/\/www.lajornadadeoriente.com.mx\/puebla\/pide-secretaria-de-salud-extremar-precauciones-por-altas-temperaturas-para-prevenir-golpes-de-calor\/\" target=\"_blank\" rel=\"noreferrer noopener\">municipio m\u00e1s caluros<\/a>o durante la primera ola de calor en el pa\u00eds, con 41 grados cent\u00edgrados el 21 de abril.&nbsp;<\/p>\n\n\n\n<p><strong>La Conagua advirti\u00f3 que en el caso de Puebla podr\u00eda haber un aumento de hasta 2 grados centr\u00edgrados en la \u00faltima d\u00e9cada<\/strong>.&nbsp;<\/p>\n\n\n\n<p>Seg\u00fan el Servicio Meteorol\u00f3gico Nacional de la dependencia federal se esperan temperaturas m\u00e1s altas para este lunes en regiones del norte y suroeste del estado, alcanzando los 45 grados cent\u00edgrados en algunas \u00e1reas.\u202f\u202f&nbsp;<\/p>\n\n\n\n<p>Adem\u00e1s, inform\u00f3 que para esta semana habr\u00e1 intervalos de chubascos con lluvias puntuales fuertes (25 a 50 mm), as\u00ed como en Hidalgo y Chiapas.&nbsp;<\/p>\n\n\n\n<p>Hasta el momento, en Puebla se han registrado dos de las cinco olas de calor que se esperan para este a\u00f1o.&nbsp;<\/p>\n\n\n\n<h2 class=\"wp-block-heading\">Para evitar riesgos, Salud emite recomendaciones por ola de calor<\/h2>\n\n\n\n<p>Derivado de esta segunda ola de calor que afecta al pa\u00eds, la&nbsp;<a href=\"https:\/\/twitter.com\/SaludGobPue\" target=\"_blank\" rel=\"noreferrer noopener\">Secretar\u00eda de Salud<\/a>&nbsp;(Ssa) realiz\u00f3 una serie de recomendaciones a la poblaci\u00f3n para evitar enfermedades diarreicas, deshidrataci\u00f3n o golpes de calor.&nbsp;<\/p>\n\n\n\n<p><strong>Inform\u00f3 que es importante mantenerse hidratado, lavarse las manos antes de preparar y\/o consumir alimentos, verificar que pescados y mariscos est\u00e9n bien cocidos<\/strong>, evitar exponerse a los rayos del sol de manera prolongada entre las 11 y 16 horas, as\u00ed como usar protector solar.&nbsp;<\/p>\n\n\n\n<p>En caso de presentar dolor de cuerpo y est\u00f3mago, escalofr\u00edos y tener antecedentes de haber estado durante mucho tiempo bajo el sol, acudir a la unidad m\u00e9dica m\u00e1s cercana y evitar automedicarse, para evitar da\u00f1os a la salud.&nbsp;<\/p>\n","protected":false},"excerpt":{"rendered":"<p>No hay una incidencia alta de casos derivados de las altas temperaturas: Ssa Yadira Llaven Anzures \/ La Jornada de [&hellip;]<\/p>\n","protected":false},"author":1,"featured_media":74153,"comment_status":"open","ping_status":"open","sticky":false,"template":"","format":"standard","meta":{"site-sidebar-layout":"default","site-content-layout":"","ast-site-content-layout":"default","site-content-style":"default","site-sidebar-style":"default","ast-global-header-display":"","ast-banner-title-visibility":"","ast-main-header-display":"","ast-hfb-above-header-display":"","ast-hfb-below-header-display":"","ast-hfb-mobile-header-display":"","site-post-title":"","ast-breadcrumbs-content":"","ast-featured-img":"","footer-sml-layout":"","theme-transparent-header-meta":"","adv-header-id-meta":"","stick-header-meta":"","header-above-stick-meta":"","header-main-stick-meta":"","header-below-stick-meta":"","astra-migrate-meta-layouts":"default","ast-page-background-enabled":"default","ast-page-background-meta":{"desktop":{"background-color":"var(--ast-global-color-4)","background-image":"","background-repeat":"repeat","background-position":"center center","background-size":"auto","background-attachment":"scroll","background-type":"","background-media":"","overlay-type":"","overlay-color":"","overlay-opacity":"","overlay-gradient":""},"tablet":{"background-color":"","background-image":"","background-repeat":"repeat","background-position":"center center","background-size":"auto","background-attachment":"scroll","background-type":"","background-media":"","overlay-type":"","overlay-color":"","overlay-opacity":"","overlay-gradient":""},"mobile":{"background-color":"","background-image":"","background-repeat":"repeat","background-position":"center center","background-size":"auto","background-attachment":"scroll","background-type":"","background-media":"","overlay-type":"","overlay-color":"","overlay-opacity":"","overlay-gradient":""}},"ast-content-background-meta":{"desktop":{"background-color":"var(--ast-global-color-5)","background-image":"","background-repeat":"repeat","background-position":"center center","background-size":"auto","background-attachment":"scroll","background-type":"","background-media":"","overlay-type":"","overlay-color":"","overlay-opacity":"","overlay-gradient":""},"tablet":{"background-color":"var(--ast-global-color-5)","background-image":"","background-repeat":"repeat","background-position":"center center","background-size":"auto","background-attachment":"scroll","background-type":"","background-media":"","overlay-type":"","overlay-color":"","overlay-opacity":"","overlay-gradient":""},"mobile":{"background-color":"var(--ast-global-color-5)","background-image":"","background-repeat":"repeat","background-position":"center center","background-size":"auto","background-attachment":"scroll","background-type":"","background-media":"","overlay-type":"","overlay-color":"","overlay-opacity":"","overlay-gradient":""}},"footnotes":""},"categories":[8],"tags":[24951,24952],"class_list":["post-74152","post","type-post","status-publish","format-standard","has-post-thumbnail","hentry","category-noticias","tag-puebla-35-2-grados","tag-temperatura-record-en-77-anos"],"_links":{"self":[{"href":"https:\/\/losperiodistas.com.mx\/portal\/wp-json\/wp\/v2\/posts\/74152","targetHints":{"allow":["GET"]}}],"collection":[{"href":"https:\/\/losperiodistas.com.mx\/portal\/wp-json\/wp\/v2\/posts"}],"about":[{"href":"https:\/\/losperiodistas.com.mx\/portal\/wp-json\/wp\/v2\/types\/post"}],"author":[{"embeddable":true,"href":"https:\/\/losperiodistas.com.mx\/portal\/wp-json\/wp\/v2\/users\/1"}],"replies":[{"embeddable":true,"href":"https:\/\/losperiodistas.com.mx\/portal\/wp-json\/wp\/v2\/comments?post=74152"}],"version-history":[{"count":1,"href":"https:\/\/losperiodistas.com.mx\/portal\/wp-json\/wp\/v2\/posts\/74152\/revisions"}],"predecessor-version":[{"id":74154,"href":"https:\/\/losperiodistas.com.mx\/portal\/wp-json\/wp\/v2\/posts\/74152\/revisions\/74154"}],"wp:featuredmedia":[{"embeddable":true,"href":"https:\/\/losperiodistas.com.mx\/portal\/wp-json\/wp\/v2\/media\/74153"}],"wp:attachment":[{"href":"https:\/\/losperiodistas.com.mx\/portal\/wp-json\/wp\/v2\/media?parent=74152"}],"wp:term":[{"taxonomy":"category","embeddable":true,"href":"https:\/\/losperiodistas.com.mx\/portal\/wp-json\/wp\/v2\/categories?post=74152"},{"taxonomy":"post_tag","embeddable":true,"href":"https:\/\/losperiodistas.com.mx\/portal\/wp-json\/wp\/v2\/tags?post=74152"}],"curies":[{"name":"wp","href":"https:\/\/api.w.org\/{rel}","templated":true}]}}