{"id":74134,"date":"2024-05-12T21:57:41","date_gmt":"2024-05-13T02:57:41","guid":{"rendered":"https:\/\/losperiodistas.com.mx\/portal\/?p=74134"},"modified":"2024-05-12T21:57:43","modified_gmt":"2024-05-13T02:57:43","slug":"rivera-armenta-y-morales-se-atacan-sobre-caso-marin-tania-y-nexos-con-presuntos-delincuentes-oem","status":"publish","type":"post","link":"https:\/\/losperiodistas.com.mx\/portal\/rivera-armenta-y-morales-se-atacan-sobre-caso-marin-tania-y-nexos-con-presuntos-delincuentes-oem\/","title":{"rendered":"Rivera, Armenta y Morales se atacan sobre caso Mar\u00edn, Tania y nexos con presuntos delincuentes | OEM"},"content":{"rendered":"\n<h3 class=\"wp-block-heading\">Eduardo Rivera llam\u00f3 \u00abesquirol\u00bb a Fernando Morales y \u00abArmiente\u00bb a Armenta, mientras que el candidato morenista le dijo reiteradamente \u00abal candidato del PRI, no te enojes\u00bb y \u00abtienes atravesado a Mar\u00edn\u00bb<\/h3>\n\n\n\n<p><img decoding=\"async\" src=\"https:\/\/www.elsoldepuebla.com.mx\/elecciones-2024\/u9i0bm-en-debate-entre-candidatos-a-la-gubernatura-de-puebla-se-lanzan-duros-atacan\/alternates\/LANDSCAPE_768\/en%20debate%20entre%20candidatos%20a%20la%20gubernatura%20de%20Puebla%20se%20lanzan%20duros%20atacan\" alt=\"\"><\/p>\n\n\n\n<h4 class=\"wp-block-heading\">En debate entre candidatos a la gubernatura de Puebla se lanzan duros ataques. Foto: Capturas de pantalla<a href=\"https:\/\/www.elsoldepuebla.com.mx\/elecciones-2024\/rivera-armenta-y-morales-se-atacan-sobre-caso-marin-tania-y-nexos-con-presuntos-delincuentes-11907454.html\" target=\"_blank\" rel=\"noreferrer noopener\"><\/a><\/h4>\n\n\n\n<h2 class=\"wp-block-heading\"><a href=\"https:\/\/www.elsoldepuebla.com.mx\/elecciones-2024\/rivera-armenta-y-morales-se-atacan-sobre-caso-marin-tania-y-nexos-con-presuntos-delincuentes-11907454.html\"><\/a><\/h2>\n\n\n\n<p class=\"has-vivid-red-color has-text-color has-medium-font-size\"><strong>Daniela Hern\u00e1ndez \/ El Sol de Puebla<\/strong><\/p>\n\n\n\n<p>El primer y \u00fanico debate de candidatos al gobierno del estado de Puebla estuvo\u00a0<strong>plagado de ataques y cr\u00edticas principalmente vertidas entre los punteros de la contienda<\/strong>. El panista Eduardo Rivera P\u00e9rez descalific\u00f3 a su adversario morenista por su vinculaci\u00f3n con\u00a0<strong>Mario Mar\u00edn.<\/strong>\u00a0Alejandro Armenta Mier, por su parte, contest\u00f3 con reproches sobre la<strong>\u00a0inseguridad, la privatizaci\u00f3n del agua y las finanzas que dej\u00f3 en la capital poblana<\/strong>\u00a0cuando fue presidente municipal.<\/p>\n\n\n\n<p><em>\u201cRepresentas el segundo piso de Mario Mar\u00edn\u201d,<\/em>&nbsp;dijo con desd\u00e9n el candidato de la oposici\u00f3n a su adversario, a quien llam\u00f3 el \u201c<strong>candidato Armentira<\/strong>\u201d, y este \u00faltimo agot\u00f3, en m\u00e1s de una ocasi\u00f3n, su tiempo de intervenci\u00f3n para insistir sobre los siete mil millones de pesos que<strong>&nbsp;Rivera utiliz\u00f3 para promocionar su imagen<\/strong>. En tanto, e<strong>l emecista Fernando Morales, que poco llam\u00f3 la atenci\u00f3n de sus adversarios, llam\u00f3 c\u00ednicos a ambos.<\/strong><\/p>\n\n\n\n<p>Desde el primer bloque de este debate, realizado en el Complejo Cultural Universitario (CCU) de la BUAP, los esfuerzos de Rivera por subrayar el pasado marinista de Armenta, y su cambio del Partido Revolucionario Institucional (PRI) a Morena fueron evidentes.&nbsp;<strong>Armenta aprovech\u00f3 la reciente detenci\u00f3n de la candidata de la alianza de su adversario, Tania N, para defenderse.<\/strong><\/p>\n\n\n\n<figure class=\"wp-block-image\"><img decoding=\"async\" src=\"https:\/\/www.elsoldepuebla.com.mx\/elecciones-2024\/9rmux0-armenta-ataca-a-rivera-con-caso-tania-felix.jpg\/alternates\/FREE_720\/Armenta%20ataca%20a%20Rivera%20con%20caso%20Tania%20F%C3%A9lix.jpg\" alt=\"\" title=\"Armenta ataca a Rivera con caso Tania F\u00e9lix.jpg\"\/><\/figure>\n\n\n\n<p><strong>Eduardo, \u00bfcon qu\u00e9 cinismo hablas de la seguridad cuando entregaste Puebla al crimen organizado?, tu candidata, vinculada con posesi\u00f3n de armas&nbsp;<\/strong>record\u00f3 Armenta.<\/p>\n\n\n\n<p><strong>Armenta tiene nexos con El Grillo, narcomenudista, le pagaba a su abogado como asesor desde el Senado, \u00bfqu\u00e9 explicaci\u00f3n les vas a dar (a los electores) del marinismo en Morena? Desplaz\u00f3 a los fundadores morenistas<\/strong>insisti\u00f3 Rivera.<\/p>\n\n\n\n<h2 class=\"wp-block-heading\"><strong>Critica discurso de Morena<\/strong><\/h2>\n\n\n\n<p>Durante los primeros minutos de este debate&nbsp;<strong>el panista se esforz\u00f3 en criticar el discurso del partido obradorista<\/strong>. \u201c<em>Ellos, los de Morena, prometieron una transformaci\u00f3n que no lleg\u00f3, el gobierno me dej\u00f3 la ciudad destrozada, hecha pedazos\u201d,<\/em>&nbsp;expres\u00f3 respecto a la gesti\u00f3n municipal anterior a la suya (de Claudia Rivera Vivanco).<\/p>\n\n\n\n<p><em>\u201cYo represento el proyecto de los derechos sociales, y por el otro lado est\u00e1 el proyecto que te quit\u00f3 el agua\u201d,<\/em>&nbsp;se defendi\u00f3&nbsp;<strong>Alejandro Armenta, quien record\u00f3 \u201cal candidato del PRI\u201d<\/strong>&nbsp;(como llam\u00f3 a Rivera durante todo el debate), que durante su gesti\u00f3n como presidente municipal incrementaron los niveles de inseguridad en Puebla capital.&nbsp;<strong>\u201cGastaste siete mil millones de pesos en tu imagen\u201d,<\/strong>&nbsp;acus\u00f3 una y otra vez el morenista.<\/p>\n\n\n\n<p>Fernando Morales aprovech\u00f3 la cr\u00edtica de Armenta para sumarse:<em>&nbsp;\u201cA ti Eduardo Rivera te respeto como persona, como funcionario p\u00fablico no, no tienes la estatura para gobernar Puebla, ya lo demostraste en dos ocasiones\u201d,<\/em>&nbsp;manifest\u00f3.<\/p>\n\n\n\n<p><strong>Est\u00e1 claro qui\u00e9n viene de palero<\/strong>solt\u00f3 Eduardo en su primera oportunidad para contestar.<\/p>\n\n\n\n<figure class=\"wp-block-image\"><img decoding=\"async\" src=\"https:\/\/www.elsoldepuebla.com.mx\/elecciones-2024\/u8l0kh-armenta-exhibe-foto-de-marin-con-eduardo-rivera.jpg\/alternates\/FREE_320\/Armenta%20exhibe%20foto%20de%20Mar%C3%ADn%20con%20Eduardo%20rivera.jpg\" alt=\"\" title=\"Armenta exhibe foto de Mar\u00edn con Eduardo rivera.jpg\"\/><\/figure>\n\n\n\n<h2 class=\"wp-block-heading\"><strong>Armenta responde ataques sobre su pasado marinista<\/strong><\/h2>\n\n\n\n<p>En el segundo tema que se abord\u00f3 en el debate, relacionado con desarrollo econ\u00f3mico y social,&nbsp;<strong>el candidato morenista se defendi\u00f3 de los se\u00f1alamientos de Rivera sobre su pasado marinista&nbsp;<\/strong>con una imagen en la que aparece el panista junto a Mario Mar\u00edn, y con una sonrisa lanz\u00f3:<\/p>\n\n\n\n<p><strong>No te enojes, es un debate, el candidato que repudiaba el PRI hoy es el candidato de la mafia del poder. Candidato del PRI, tienes atravesado a Mario Mar\u00edn, ya eres priista&nbsp;<\/strong>Mientras sac\u00f3 una tarjeta roja y repiti\u00f3 la cantidad de dinero que el expresidente municipal gast\u00f3 en un torneo de f\u00fatbol, remat\u00f3:&nbsp;<strong>\u201cLos poblanos te van a expulsar\u201d.<\/strong><\/p>\n\n\n\n<p><strong>\u201cSigue el marinismo, eres el hijo de Mar\u00edn, representas y reencarnas toda su pol\u00edtica\u201d,<\/strong>&nbsp;apel\u00f3 el panista, quien adem\u00e1s, en un intento por responder los ataques sobre la privatizaci\u00f3n del agua,&nbsp;<strong>se lanz\u00f3 contra el gobernador de Puebla, Sergio Salom\u00f3n C\u00e9spedes Peregrina,<\/strong>&nbsp;por abonar al incremento de las tarifas del organismo operador en la capital desde su funci\u00f3n de diputado local en el Congreso.<\/p>\n\n\n\n<p><em>\u201cLa privatizaci\u00f3n del agua te duele y est\u00e1s desesperado, no conoces Puebla, cuando quieras te puedo llevar a dar una vuelta, pero no te enojes con el gobernador que te ha apoyado, que lleg\u00f3 a subsanar tus ineficiencias\u201d,<\/em>&nbsp;respondi\u00f3 el morenista.<\/p>\n\n\n\n<p><strong>Eduardo hizo mil calles, pero dej\u00f3 10 mil baches<\/strong>a\u00f1adi\u00f3 Morales.<\/p>\n\n\n\n<figure class=\"wp-block-image\"><img decoding=\"async\" src=\"https:\/\/www.elsoldepuebla.com.mx\/elecciones-2024\/m7izox-fernando-acusa-a-eduardo-de-beneficiar-a-inigo-ocejo.jpg\/alternates\/FREE_640\/Fernando%20acusa%20a%20Eduardo%20de%20beneficiar%20a%20Inigo%20Ocejo.jpg\" alt=\"\" title=\"Fernando acusa a Eduardo de beneficiar a Inigo Ocejo.jpg\"\/><\/figure>\n\n\n\n<h2 class=\"wp-block-heading\"><strong>Final del debate, repetici\u00f3n de ataques<\/strong><\/h2>\n\n\n\n<p>Tras el periodo de&nbsp;<strong>confrontaci\u00f3n entre los punteros de las encuestas, y agotados del mismo discurso,<\/strong>&nbsp;los candidatos de Morena y el Partido Acci\u00f3n Nacional (PAN) compartieron algunas propuestas en el tercer bloque del debate. Sin embargo, poco dur\u00f3 este momento, pues los mismos se\u00f1alamientos volvieron a la conversaci\u00f3n.<\/p>\n\n\n\n<p>Morales reproch\u00f3 a Armenta, a quien anteriormente hab\u00eda apoyado en sus se\u00f1alamientos contra Rivera, sobre sus m\u00faltiples reconocimientos que ha entregado, pregunt\u00e1ndole, de forma ir\u00f3nica, cu\u00e1ndo le entregar\u00eda uno a la jirafa Benito o a \u00e9l, y&nbsp;<strong>lo cuestion\u00f3 sobre la cantidad de dinero que ha gastado para estos.<\/strong><\/p>\n\n\n\n<p>El viejo PRI, de propuestas absurdas, de chapulineo, echado a perder, fueron los adjetivos que utiliz\u00f3 Rivera previo al cierre de este debate.<\/p>\n\n\n\n<figure class=\"wp-block-image\"><img decoding=\"async\" src=\"https:\/\/www.elsoldepuebla.com.mx\/elecciones-2024\/khodo1-eduardo-rivera-le-recuerda-a-armenta-que-el-afilio-a-tania.jpg\/alternates\/FREE_720\/Eduardo%20Rivera%20le%20recuerda%20a%20Armenta%20que%20%C3%A9l%20afili%C3%B3%20a%20Tania.jpg\" alt=\"\" title=\"Eduardo Rivera le recuerda a Armenta que \u00e9l afili\u00f3 a Tania.jpg\"\/><\/figure>\n\n\n\n<p><em>\u00abLe da verg\u00fcenza decir que es del PRI\u201d, r<\/em>etom\u00f3 el candidato de Morena, sin dar relevancia a la intervenci\u00f3n del emecista.<\/p>\n\n\n\n<p>El mensaje final de los tres candidatos, con una duraci\u00f3n de dos minutos cada uno, concluy\u00f3 con discursos escuetos.<\/p>\n\n\n\n<p>Fuente: <a href=\"https:\/\/www.elsoldepuebla.com.mx\/elecciones-2024\/rivera-armenta-y-morales-se-atacan-sobre-caso-marin-tania-y-nexos-con-presuntos-delincuentes-11907454.html\">https:\/\/www.elsoldepuebla.com.mx\/elecciones-2024\/rivera-armenta-y-morales-se-atacan-sobre-caso-marin-tania-y-nexos-con-presuntos-delincuentes-11907454.html<\/a><\/p>\n","protected":false},"excerpt":{"rendered":"<p>Eduardo Rivera llam\u00f3 \u00abesquirol\u00bb a Fernando Morales y \u00abArmiente\u00bb a Armenta, mientras que el candidato morenista le dijo reiteradamente \u00abal [&hellip;]<\/p>\n","protected":false},"author":1,"featured_media":74136,"comment_status":"open","ping_status":"open","sticky":false,"template":"","format":"standard","meta":{"site-sidebar-layout":"default","site-content-layout":"","ast-site-content-layout":"default","site-content-style":"default","site-sidebar-style":"default","ast-global-header-display":"","ast-banner-title-visibility":"","ast-main-header-display":"","ast-hfb-above-header-display":"","ast-hfb-below-header-display":"","ast-hfb-mobile-header-display":"","site-post-title":"","ast-breadcrumbs-content":"","ast-featured-img":"","footer-sml-layout":"","theme-transparent-header-meta":"","adv-header-id-meta":"","stick-header-meta":"","header-above-stick-meta":"","header-main-stick-meta":"","header-below-stick-meta":"","astra-migrate-meta-layouts":"default","ast-page-background-enabled":"default","ast-page-background-meta":{"desktop":{"background-color":"var(--ast-global-color-4)","background-image":"","background-repeat":"repeat","background-position":"center center","background-size":"auto","background-attachment":"scroll","background-type":"","background-media":"","overlay-type":"","overlay-color":"","overlay-opacity":"","overlay-gradient":""},"tablet":{"background-color":"","background-image":"","background-repeat":"repeat","background-position":"center center","background-size":"auto","background-attachment":"scroll","background-type":"","background-media":"","overlay-type":"","overlay-color":"","overlay-opacity":"","overlay-gradient":""},"mobile":{"background-color":"","background-image":"","background-repeat":"repeat","background-position":"center center","background-size":"auto","background-attachment":"scroll","background-type":"","background-media":"","overlay-type":"","overlay-color":"","overlay-opacity":"","overlay-gradient":""}},"ast-content-background-meta":{"desktop":{"background-color":"var(--ast-global-color-5)","background-image":"","background-repeat":"repeat","background-position":"center center","background-size":"auto","background-attachment":"scroll","background-type":"","background-media":"","overlay-type":"","overlay-color":"","overlay-opacity":"","overlay-gradient":""},"tablet":{"background-color":"var(--ast-global-color-5)","background-image":"","background-repeat":"repeat","background-position":"center center","background-size":"auto","background-attachment":"scroll","background-type":"","background-media":"","overlay-type":"","overlay-color":"","overlay-opacity":"","overlay-gradient":""},"mobile":{"background-color":"var(--ast-global-color-5)","background-image":"","background-repeat":"repeat","background-position":"center center","background-size":"auto","background-attachment":"scroll","background-type":"","background-media":"","overlay-type":"","overlay-color":"","overlay-opacity":"","overlay-gradient":""}},"footnotes":""},"categories":[8],"tags":[24949,24947,24179,24950,24948],"class_list":["post-74134","post","type-post","status-publish","format-standard","has-post-thumbnail","hentry","category-noticias","tag-alerjandro-armenta","tag-debate-gobernador-puebla","tag-fernando-morales","tag-lalo-rvera","tag-mario-marin-2"],"_links":{"self":[{"href":"https:\/\/losperiodistas.com.mx\/portal\/wp-json\/wp\/v2\/posts\/74134","targetHints":{"allow":["GET"]}}],"collection":[{"href":"https:\/\/losperiodistas.com.mx\/portal\/wp-json\/wp\/v2\/posts"}],"about":[{"href":"https:\/\/losperiodistas.com.mx\/portal\/wp-json\/wp\/v2\/types\/post"}],"author":[{"embeddable":true,"href":"https:\/\/losperiodistas.com.mx\/portal\/wp-json\/wp\/v2\/users\/1"}],"replies":[{"embeddable":true,"href":"https:\/\/losperiodistas.com.mx\/portal\/wp-json\/wp\/v2\/comments?post=74134"}],"version-history":[{"count":1,"href":"https:\/\/losperiodistas.com.mx\/portal\/wp-json\/wp\/v2\/posts\/74134\/revisions"}],"predecessor-version":[{"id":74137,"href":"https:\/\/losperiodistas.com.mx\/portal\/wp-json\/wp\/v2\/posts\/74134\/revisions\/74137"}],"wp:featuredmedia":[{"embeddable":true,"href":"https:\/\/losperiodistas.com.mx\/portal\/wp-json\/wp\/v2\/media\/74136"}],"wp:attachment":[{"href":"https:\/\/losperiodistas.com.mx\/portal\/wp-json\/wp\/v2\/media?parent=74134"}],"wp:term":[{"taxonomy":"category","embeddable":true,"href":"https:\/\/losperiodistas.com.mx\/portal\/wp-json\/wp\/v2\/categories?post=74134"},{"taxonomy":"post_tag","embeddable":true,"href":"https:\/\/losperiodistas.com.mx\/portal\/wp-json\/wp\/v2\/tags?post=74134"}],"curies":[{"name":"wp","href":"https:\/\/api.w.org\/{rel}","templated":true}]}}