{"id":74120,"date":"2024-05-12T12:45:47","date_gmt":"2024-05-12T17:45:47","guid":{"rendered":"https:\/\/losperiodistas.com.mx\/portal\/?p=74120"},"modified":"2024-05-12T12:45:49","modified_gmt":"2024-05-12T17:45:49","slug":"la-libertad-de-prensa-en-mexico-sigue-estando-en-peligro-el-gobierno-federal-miente-con-datos-de-reporteros-sin-fronteras-animal-politico","status":"publish","type":"post","link":"https:\/\/losperiodistas.com.mx\/portal\/la-libertad-de-prensa-en-mexico-sigue-estando-en-peligro-el-gobierno-federal-miente-con-datos-de-reporteros-sin-fronteras-animal-politico\/","title":{"rendered":"La libertad de prensa en M\u00e9xico sigue estando en peligro, el Gobierno Federal miente con datos de Reporteros sin Fronteras | Animal Pol\u00edtico"},"content":{"rendered":"\n<figure class=\"wp-block-image\"><img decoding=\"async\" src=\"https:\/\/www.animalpolitico.com\/_next\/image?url=%2F_next%2Fstatic%2Fmedia%2Fenganoso.72889ccf.png&amp;w=128&amp;q=75\" alt=\"badge-enganoso\"\/><\/figure>\n\n\n\n<p>Enga\u00f1oso <strong>Frase:<\/strong>\u00a0M\u00e9xico est\u00e1 comprometido con la libertad de prensa. Somos el lugar 13 entre los pa\u00edses del G-20 (las 20 econom\u00edas m\u00e1s grandes del planeta); avanz\u00f3 26 posiciones con respecto a 2018, en la clasificaci\u00f3n de Libertad de Prensa en el Mundo 2024 que realiza Reporteros Sin Fronteras.<\/p>\n\n\n\n<p><strong>Autor:<\/strong>\u00a0Gobierno de M\u00e9xico<\/p>\n\n\n\n<p><strong>Lugar y fecha:<\/strong>\u00a010 de Mayo 202412 de mayo, 2024<\/p>\n\n\n\n<figure class=\"wp-block-image size-large\"><img fetchpriority=\"high\" decoding=\"async\" width=\"1024\" height=\"683\" src=\"https:\/\/losperiodistas.com.mx\/portal\/wp-content\/uploads\/2024\/05\/gobierno-miente-libertad-prensa-1024x683.jpg\" alt=\"\" class=\"wp-image-74121\" srcset=\"https:\/\/losperiodistas.com.mx\/portal\/wp-content\/uploads\/2024\/05\/gobierno-miente-libertad-prensa-1024x683.jpg 1024w, https:\/\/losperiodistas.com.mx\/portal\/wp-content\/uploads\/2024\/05\/gobierno-miente-libertad-prensa-300x200.jpg 300w, https:\/\/losperiodistas.com.mx\/portal\/wp-content\/uploads\/2024\/05\/gobierno-miente-libertad-prensa-768x512.jpg 768w, https:\/\/losperiodistas.com.mx\/portal\/wp-content\/uploads\/2024\/05\/gobierno-miente-libertad-prensa.jpg 1200w\" sizes=\"(max-width: 1024px) 100vw, 1024px\" \/><\/figure>\n\n\n\n<p class=\"has-vivid-red-color has-text-color has-medium-font-size\"><strong>Regina L\u00f3pez Puerta \/ Animal Pol\u00edtico<\/strong><\/p>\n\n\n\n<p><\/p>\n\n\n\n<p>En su cuenta oficial de X, el Gobierno de M\u00e9xico presumi\u00f3 su compromiso con la libertad de prensa, compartiendo que seg\u00fan Reporteros sin Fronteras (RSF) nuestro pa\u00eds \u201cavanz\u00f3 26 posiciones con respecto a 2018, en la clasificaci\u00f3n de Libertad de Prensa en el Mundo 2024\u201d. Sin embargo la afirmaci\u00f3n es enga\u00f1osa, ya que s\u00f3lo toman en cuenta a los pa\u00edses del G-20 y no a los 180 que eval\u00faa el reporte completo.<\/p>\n\n\n\n<p>Adem\u00e1s, el gobierno omiti\u00f3 que de acuerdo con el&nbsp;<a href=\"https:\/\/rsf.org\/es\/pais\/m%C3%A9xico\" target=\"_blank\" rel=\"noreferrer noopener\">reporte<\/a>&nbsp;de 2024, nuestro pa\u00eds sigue siendo el pa\u00eds sin guerra m\u00e1s peligroso para los reporteros en el mundo. Por ello, el informe califica las acciones del gobierno de L\u00f3pez Obrador como insuficientes para mejorar la situaci\u00f3n.<\/p>\n\n\n\n<p>&nbsp;\u201cEl presidente Andr\u00e9s Manuel L\u00f3pez Obrador, en el poder desde 2018, no ha emprendido las reformas y acciones necesarias para frenar la espiral de violencia contra la prensa\u201d, detalla.&nbsp;<\/p>\n\n\n\n<p><a href=\"https:\/\/animalpolitico.com\/seguridad\/amlo-sexenio-periodistas-asesinados\" target=\"_blank\" rel=\"noreferrer noopener\">L\u00f3pez Obrador no s\u00f3lo incumpli\u00f3&nbsp;<\/a>su promesa de acabar con los asesinatos de periodistas, sino que deja atr\u00e1s una ola de normalizaci\u00f3n de la violencia contra los profesionales de la comunicaci\u00f3n en el pa\u00eds. Durante su sexenio han sido asesinados 37 periodistas y RSF se\u00f1al\u00f3 que durante sus conferencias matutinas prevalece un discurso agresivo y hostil contra su trabajo.<\/p>\n\n\n\n<p>La cantidad de periodistas asesinados por ejercer la libertad de expresi\u00f3n durante el sexenio de Enrique Pe\u00f1a Nieto, fue de 38. En este sentido, no se observa una reducci\u00f3n.&nbsp;<\/p>\n\n\n\n<h2 class=\"wp-block-heading\">La libertad de prensa de M\u00e9xico en un contexto mundial<\/h2>\n\n\n\n<p>Si se toma en cuenta el ranking de los pa\u00edses pertenecientes al Grupo de los Veinte, M\u00e9xico s\u00ed ocupa la posici\u00f3n 13, pero a\u00fan as\u00ed se encuentra dentro de la mitad inferior.&nbsp;<\/p>\n\n\n\n<p>RSF eval\u00faa a 180 pa\u00edses, y cuando se mira el reporte completo, en 2024 M\u00e9xico ocupa la posici\u00f3n 121 de 180 que representa una mejora del 128 de 180 que recibi\u00f3 en 2023. Sin embargo, retiene la calificaci\u00f3n de \u201cdif\u00edcil\u201d que es la segunda peor que el reporte otorga s\u00f3lo detr\u00e1s de \u201cmuy grave\u201d, calificaci\u00f3n que han recibido pa\u00edses como Rusia, Yemen, Afganist\u00e1n y China.&nbsp;<\/p>\n\n\n\n<p>Nuestro pa\u00eds recibe esta calificaci\u00f3n debido a \u201cla imposibilidad de los periodistas de cubrir historias relacionadas con el crimen organizado, la corrupci\u00f3n o el medio ambiente, por miedo a represalias.\u201d<\/p>\n\n\n\n<h2 class=\"wp-block-heading\">Organizaciones documentan agresiones contra periodistas en M\u00e9xico<\/h2>\n\n\n\n<p>RSF no es la \u00fanica organizaci\u00f3n que se ha pronunciado sobre la violencia contra los periodistas en M\u00e9xico durante este sexenio.&nbsp;<a href=\"https:\/\/animalpolitico.com\/analisis\/organizaciones\/verdad,-justicia-y-reparaci%C3%B3n\/la-libertad-de-prensa-en-mexico-ante-el-contexto-militarista#_ftn1\" target=\"_blank\" rel=\"noreferrer noopener\">La libertad de expresi\u00f3n en nuestro pa\u00eds se ejerce en un contexto militarista<\/a>, y la Relator\u00eda Especial para la Libertad de Expresi\u00f3n (RELE) de la Comisi\u00f3n Interamericana de Derechos Humanos declar\u00f3 que \u201cM\u00e9xico es uno de los pa\u00edses m\u00e1s peligrosos y letales para la prensa en la regi\u00f3n y en el mundo\u201d&nbsp;<a href=\"https:\/\/www.oas.org\/es\/cidh\/expresion\/informes\/IA2022ESP.pdf\" target=\"_blank\" rel=\"noreferrer noopener\">en su reporte de 2022<\/a>.<\/p>\n\n\n\n<p>En el marco del inicio del proceso electoral 2024, la organizaci\u00f3n Art\u00edculo 19&nbsp;<a href=\"https:\/\/articulo19.org\/violencia-contra-la-prensa-en-mexico-en-2023\/#:~:text=En%20aras%20de%20fortalecer%20la,ataques%20contra%20el%20ejercicio%20period%C3%ADstico.\" target=\"_blank\" rel=\"noreferrer noopener\">hizo un llamado<\/a>&nbsp;a las autoridades mexicanas para pedirles \u201cabstenerse de seguir agrediendo a la prensa, particularmente a trav\u00e9s de la estigmatizaci\u00f3n, y reconocer que como figuras p\u00fablicas les corresponde tener un mayor umbral de tolerancia al escrutinio y a la cr\u00edtica p\u00fablicas\u201d, adem\u00e1s de exigirles cumplir con su obligaci\u00f3n de garantizar las condiciones de seguridad para el libre ejercicio period\u00edstico en las coberturas.<\/p>\n\n\n\n<p>En 2023&nbsp;<a href=\"https:\/\/articulo19.org\/violencia-contra-la-prensa-en-mexico-en-2023\/#:~:text=En%20aras%20de%20fortalecer%20la,ataques%20contra%20el%20ejercicio%20period%C3%ADstico.\" target=\"_blank\" rel=\"noreferrer noopener\">documentaron<\/a>&nbsp;agresiones contra periodistas en nuestro pa\u00eds y encontraron que las coberturas de mayor riesgo fueron corrupci\u00f3n pol\u00edtica, seguridad y justicia, movimientos sociales, derechos humanos, sector privado, y tierras y territorio.<\/p>\n\n\n\n<p>De 561 ataques violentos que registraron, encontraron 303 casos perpetrados en contra de hombres (54.01%) 167 ataques en contra de mujeres, (29.77%), de las cuales 2 fueron agresiones contra mujeres trans, y 91 agresiones (16.22%) en contra de medios de comunicaci\u00f3n o colectivos de medios.&nbsp;<\/p>\n\n\n\n<p>Finalmente, encontraron que los estados con m\u00e1s agresiones fueron Ciudad de M\u00e9xico, Guerrero, Puebla, Guanajuato y Veracruz.\u00a0<\/p>\n\n\n\n<p>Fuente: <a href=\"https:\/\/www.animalpolitico.com\/verificacion-de-hechos\/fact-checking\/gobierno-miente-libertad-prensa\">https:\/\/www.animalpolitico.com\/verificacion-de-hechos\/fact-checking\/gobierno-miente-libertad-prensa<\/a><\/p>\n","protected":false},"excerpt":{"rendered":"<p>Enga\u00f1oso Frase:\u00a0M\u00e9xico est\u00e1 comprometido con la libertad de prensa. Somos el lugar 13 entre los pa\u00edses del G-20 (las 20 [&hellip;]<\/p>\n","protected":false},"author":1,"featured_media":74121,"comment_status":"open","ping_status":"open","sticky":false,"template":"","format":"standard","meta":{"site-sidebar-layout":"default","site-content-layout":"","ast-site-content-layout":"default","site-content-style":"default","site-sidebar-style":"default","ast-global-header-display":"","ast-banner-title-visibility":"","ast-main-header-display":"","ast-hfb-above-header-display":"","ast-hfb-below-header-display":"","ast-hfb-mobile-header-display":"","site-post-title":"","ast-breadcrumbs-content":"","ast-featured-img":"","footer-sml-layout":"","theme-transparent-header-meta":"","adv-header-id-meta":"","stick-header-meta":"","header-above-stick-meta":"","header-main-stick-meta":"","header-below-stick-meta":"","astra-migrate-meta-layouts":"default","ast-page-background-enabled":"default","ast-page-background-meta":{"desktop":{"background-color":"var(--ast-global-color-4)","background-image":"","background-repeat":"repeat","background-position":"center center","background-size":"auto","background-attachment":"scroll","background-type":"","background-media":"","overlay-type":"","overlay-color":"","overlay-opacity":"","overlay-gradient":""},"tablet":{"background-color":"","background-image":"","background-repeat":"repeat","background-position":"center center","background-size":"auto","background-attachment":"scroll","background-type":"","background-media":"","overlay-type":"","overlay-color":"","overlay-opacity":"","overlay-gradient":""},"mobile":{"background-color":"","background-image":"","background-repeat":"repeat","background-position":"center center","background-size":"auto","background-attachment":"scroll","background-type":"","background-media":"","overlay-type":"","overlay-color":"","overlay-opacity":"","overlay-gradient":""}},"ast-content-background-meta":{"desktop":{"background-color":"var(--ast-global-color-5)","background-image":"","background-repeat":"repeat","background-position":"center center","background-size":"auto","background-attachment":"scroll","background-type":"","background-media":"","overlay-type":"","overlay-color":"","overlay-opacity":"","overlay-gradient":""},"tablet":{"background-color":"var(--ast-global-color-5)","background-image":"","background-repeat":"repeat","background-position":"center center","background-size":"auto","background-attachment":"scroll","background-type":"","background-media":"","overlay-type":"","overlay-color":"","overlay-opacity":"","overlay-gradient":""},"mobile":{"background-color":"var(--ast-global-color-5)","background-image":"","background-repeat":"repeat","background-position":"center center","background-size":"auto","background-attachment":"scroll","background-type":"","background-media":"","overlay-type":"","overlay-color":"","overlay-opacity":"","overlay-gradient":""}},"footnotes":""},"categories":[8],"tags":[9878,2414],"class_list":["post-74120","post","type-post","status-publish","format-standard","has-post-thumbnail","hentry","category-noticias","tag-libertad-de-prensa","tag-reporteros-sin-fronteras"],"_links":{"self":[{"href":"https:\/\/losperiodistas.com.mx\/portal\/wp-json\/wp\/v2\/posts\/74120","targetHints":{"allow":["GET"]}}],"collection":[{"href":"https:\/\/losperiodistas.com.mx\/portal\/wp-json\/wp\/v2\/posts"}],"about":[{"href":"https:\/\/losperiodistas.com.mx\/portal\/wp-json\/wp\/v2\/types\/post"}],"author":[{"embeddable":true,"href":"https:\/\/losperiodistas.com.mx\/portal\/wp-json\/wp\/v2\/users\/1"}],"replies":[{"embeddable":true,"href":"https:\/\/losperiodistas.com.mx\/portal\/wp-json\/wp\/v2\/comments?post=74120"}],"version-history":[{"count":1,"href":"https:\/\/losperiodistas.com.mx\/portal\/wp-json\/wp\/v2\/posts\/74120\/revisions"}],"predecessor-version":[{"id":74122,"href":"https:\/\/losperiodistas.com.mx\/portal\/wp-json\/wp\/v2\/posts\/74120\/revisions\/74122"}],"wp:featuredmedia":[{"embeddable":true,"href":"https:\/\/losperiodistas.com.mx\/portal\/wp-json\/wp\/v2\/media\/74121"}],"wp:attachment":[{"href":"https:\/\/losperiodistas.com.mx\/portal\/wp-json\/wp\/v2\/media?parent=74120"}],"wp:term":[{"taxonomy":"category","embeddable":true,"href":"https:\/\/losperiodistas.com.mx\/portal\/wp-json\/wp\/v2\/categories?post=74120"},{"taxonomy":"post_tag","embeddable":true,"href":"https:\/\/losperiodistas.com.mx\/portal\/wp-json\/wp\/v2\/tags?post=74120"}],"curies":[{"name":"wp","href":"https:\/\/api.w.org\/{rel}","templated":true}]}}