{"id":74113,"date":"2024-05-12T11:27:17","date_gmt":"2024-05-12T16:27:17","guid":{"rendered":"https:\/\/losperiodistas.com.mx\/portal\/?p=74113"},"modified":"2024-05-12T11:27:19","modified_gmt":"2024-05-12T16:27:19","slug":"mexico-y-china-inauguran-ruta-aerea-de-14-000-kilometros-dw","status":"publish","type":"post","link":"https:\/\/losperiodistas.com.mx\/portal\/mexico-y-china-inauguran-ruta-aerea-de-14-000-kilometros-dw\/","title":{"rendered":"M\u00e9xico y China inauguran ruta a\u00e9rea de 14.000 kil\u00f3metros | DW"},"content":{"rendered":"\n<p class=\"has-white-color has-vivid-red-background-color has-text-color has-background has-medium-font-size\">La duraci\u00f3n del vuelo entre la ciudad de Shenzhen y la capital mexicana ser\u00e1 de 16 horas.<\/p>\n\n\n\n<p><a href=\"https:\/\/www.facebook.com\/sharer\/sharer.php?u=https:\/\/p.dw.com\/p\/4fkXs%3Fmaca%3Des-Facebook-sharing\" target=\"_blank\" rel=\"noreferrer noopener\"><\/a><a href=\"https:\/\/twitter.com\/intent\/tweet?source=webclient&amp;text=M%C3%A9xico%20y%20China%20inauguran%20ruta%20a%C3%A9rea%20de%2014.000%20kil%C3%B3metros+https:\/\/p.dw.com\/p\/4fkXs%3Fmaca%3Des-Twitter-sharing\" target=\"_blank\" rel=\"noreferrer noopener\"><\/a><a href=\"\/\/p.dw.com\/p\/4fkXs%3Fmaca%3Des-Whatsapp-sharing\" target=\"_blank\" rel=\"noreferrer noopener\"><\/a><a href=\"mailto:?body=https:\/\/p.dw.com\/p\/4fkXs%3Fmaca%3Des-EMail-sharing&amp;subject=M%C3%A9xico%20y%20China%20inauguran%20ruta%20a%C3%A9rea%20de%2014.000%20kil%C3%B3metros\" target=\"_blank\" rel=\"noreferrer noopener\"><\/a><a href=\"https:\/\/meneame.net\/submit.php?url=https:\/\/p.dw.com\/p\/4fkXs%3Fmaca%3Des-Meneame-sharing\" target=\"_blank\" rel=\"noreferrer noopener\"><\/a><a href=\"\/\/share\/?link=https:\/\/p.dw.com\/p\/4fkXs%3Fmaca%3Des-Facebook%20messenger-sharing\" target=\"_blank\" rel=\"noreferrer noopener\"><\/a><a href=\"https:\/\/www.linkedin.com\/shareArticle?mini=true&amp;url=https:\/\/p.dw.com\/p\/4fkXs%3Fmaca%3Des-linkedin-sharing&amp;title=M%C3%A9xico%20y%20China%20inauguran%20ruta%20a%C3%A9rea%20de%2014.000%20kil%C3%B3metros&amp;source=DW.COM\" target=\"_blank\" rel=\"noreferrer noopener\"><\/a><a href=\"sms:?&amp;body=https:\/\/p.dw.com\/p\/4fkXs%3Fmaca%3Des-SMS-sharing\" target=\"_blank\" rel=\"noreferrer noopener\"><\/a><\/p>\n\n\n\n<p><\/p>\n\n\n\n<figure class=\"wp-block-image size-large\"><img fetchpriority=\"high\" decoding=\"async\" width=\"1024\" height=\"448\" src=\"https:\/\/losperiodistas.com.mx\/portal\/wp-content\/uploads\/2024\/05\/62334332_1004-1024x448.jpg\" alt=\"\" class=\"wp-image-74114\" title=\"La compa\u00f1\u00eda a\u00e9rea China Southern Airlines cubrir\u00e1 un trayecto de m\u00e1s de 14.000 kil\u00f3metros y ser\u00e1 operada dos veces por semana por un avi\u00f3n Airbus 350.\" srcset=\"https:\/\/losperiodistas.com.mx\/portal\/wp-content\/uploads\/2024\/05\/62334332_1004-1024x448.jpg 1024w, https:\/\/losperiodistas.com.mx\/portal\/wp-content\/uploads\/2024\/05\/62334332_1004-300x131.jpg 300w, https:\/\/losperiodistas.com.mx\/portal\/wp-content\/uploads\/2024\/05\/62334332_1004-768x336.jpg 768w, https:\/\/losperiodistas.com.mx\/portal\/wp-content\/uploads\/2024\/05\/62334332_1004.jpg 1200w\" sizes=\"(max-width: 1024px) 100vw, 1024px\" \/><figcaption>La compa\u00f1\u00eda a\u00e9rea China Southern Airlines cubrir\u00e1 un trayecto de m\u00e1s de 14.000 kil\u00f3metros y ser\u00e1 operada dos veces por semana por un avi\u00f3n Airbus 350.<small>Imagen:&nbsp;Jens B\u00fcttner\/dpa\/picture alliance<\/small><\/figcaption><\/figure>\n\n\n\n<p class=\"has-vivid-red-color has-text-color has-medium-font-size\"><strong>DW<\/strong><\/p>\n\n\n\n<p>La aerol\u00ednea China Southern Airlines inaugur\u00f3 el s\u00e1bado (11.05.2024) una ruta que une la ciudad suroriental china de Shenzhen con&nbsp;<a href=\"https:\/\/www.dw.com\/es\/ciudad-de-m%C3%A9xico\/t-40118115\">Ciudad de M\u00e9xico<\/a>&nbsp;y que se ha convertido en la ruta internacional directa m\u00e1s larga de la historia de la aviaci\u00f3n civil de&nbsp;<a href=\"https:\/\/www.dw.com\/es\/china\/t-17411734\">China<\/a>.<\/p>\n\n\n\n<p>La ruta cubre un trayecto de m\u00e1s de 14.000 kil\u00f3metros y ser\u00e1 operada dos veces por semana por un avi\u00f3n Airbus 350, inform\u00f3 en las \u00faltimas horas la agencia oficial Xinhua.<\/p>\n\n\n\n<p>La duraci\u00f3n total del vuelo es de unas 16 horas, acortando as\u00ed considerablemente el tiempo de vuelo entre China y&nbsp;<a href=\"https:\/\/www.dw.com\/es\/m%C3%A9xico\/t-17409380\">M\u00e9xico<\/a>, el segundo socio comercial del pa\u00eds asi\u00e1tico en Am\u00e9rica Latina.<\/p>\n\n\n\n<h2 class=\"wp-block-heading\">La \u00abf\u00e1brica del mundo\u00bb<\/h2>\n\n\n\n<p>La conexi\u00f3n a\u00e9rea entre Ciudad de M\u00e9xico y Shenzhen, situada en la conocida como \u00abf\u00e1brica del mundo\u00bb, \u00abservir\u00e1 al desarrollo de la demanda econ\u00f3mica y comercial de China y Am\u00e9rica Latina y a los intercambios personales\u00bb, explica el despacho del medio estatal.<\/p>\n\n\n\n<p>La ruta supera los 12.878 kil\u00f3metros que cubre la conexi\u00f3n entre Cant\u00f3n (sureste) y Nueva York (Estados Unidos), y se sit\u00faa entre las m\u00e1s largas del mundo.<\/p>\n\n\n\n<p>El viaje de vuelta a China har\u00e1 una peque\u00f1a escala de unos 30 minutos en Tijuana, en el noroeste del pa\u00eds norteamericano.<\/p>\n\n\n\n<p>Seg\u00fan medios estatales, China era, antes de la pandemia, el pa\u00eds asi\u00e1tico que m\u00e1s turistas enviaba a M\u00e9xico, con una cifra superior a los 100.000 y un gasto per c\u00e1pita de unos 2.000 d\u00f3lares de media.<\/p>\n\n\n\n<p>gs (efe, China Daily)<\/p>\n\n\n\n<p>Fuente: <a href=\"https:\/\/www.dw.com\/es\/m%C3%A9xico-y-china-inauguran-ruta-a%C3%A9rea-de-14000-kil%C3%B3metros\/a-69055716\">https:\/\/www.dw.com\/es\/m%C3%A9xico-y-china-inauguran-ruta-a%C3%A9rea-de-14000-kil%C3%B3metros\/a-69055716<\/a><\/p>\n","protected":false},"excerpt":{"rendered":"<p>La duraci\u00f3n del vuelo entre la ciudad de Shenzhen y la capital mexicana ser\u00e1 de 16 horas. DW La aerol\u00ednea [&hellip;]<\/p>\n","protected":false},"author":1,"featured_media":74114,"comment_status":"open","ping_status":"open","sticky":false,"template":"","format":"standard","meta":{"site-sidebar-layout":"default","site-content-layout":"","ast-site-content-layout":"default","site-content-style":"default","site-sidebar-style":"default","ast-global-header-display":"","ast-banner-title-visibility":"","ast-main-header-display":"","ast-hfb-above-header-display":"","ast-hfb-below-header-display":"","ast-hfb-mobile-header-display":"","site-post-title":"","ast-breadcrumbs-content":"","ast-featured-img":"","footer-sml-layout":"","theme-transparent-header-meta":"","adv-header-id-meta":"","stick-header-meta":"","header-above-stick-meta":"","header-main-stick-meta":"","header-below-stick-meta":"","astra-migrate-meta-layouts":"default","ast-page-background-enabled":"default","ast-page-background-meta":{"desktop":{"background-color":"var(--ast-global-color-4)","background-image":"","background-repeat":"repeat","background-position":"center center","background-size":"auto","background-attachment":"scroll","background-type":"","background-media":"","overlay-type":"","overlay-color":"","overlay-opacity":"","overlay-gradient":""},"tablet":{"background-color":"","background-image":"","background-repeat":"repeat","background-position":"center center","background-size":"auto","background-attachment":"scroll","background-type":"","background-media":"","overlay-type":"","overlay-color":"","overlay-opacity":"","overlay-gradient":""},"mobile":{"background-color":"","background-image":"","background-repeat":"repeat","background-position":"center center","background-size":"auto","background-attachment":"scroll","background-type":"","background-media":"","overlay-type":"","overlay-color":"","overlay-opacity":"","overlay-gradient":""}},"ast-content-background-meta":{"desktop":{"background-color":"var(--ast-global-color-5)","background-image":"","background-repeat":"repeat","background-position":"center center","background-size":"auto","background-attachment":"scroll","background-type":"","background-media":"","overlay-type":"","overlay-color":"","overlay-opacity":"","overlay-gradient":""},"tablet":{"background-color":"var(--ast-global-color-5)","background-image":"","background-repeat":"repeat","background-position":"center center","background-size":"auto","background-attachment":"scroll","background-type":"","background-media":"","overlay-type":"","overlay-color":"","overlay-opacity":"","overlay-gradient":""},"mobile":{"background-color":"var(--ast-global-color-5)","background-image":"","background-repeat":"repeat","background-position":"center center","background-size":"auto","background-attachment":"scroll","background-type":"","background-media":"","overlay-type":"","overlay-color":"","overlay-opacity":"","overlay-gradient":""}},"footnotes":""},"categories":[8],"tags":[24940,24944,24942],"class_list":["post-74113","post","type-post","status-publish","format-standard","has-post-thumbnail","hentry","category-noticias","tag-china-southern-airlines","tag-shenzhen-ciudad-de-mexico","tag-vuelo-mexico-china"],"_links":{"self":[{"href":"https:\/\/losperiodistas.com.mx\/portal\/wp-json\/wp\/v2\/posts\/74113","targetHints":{"allow":["GET"]}}],"collection":[{"href":"https:\/\/losperiodistas.com.mx\/portal\/wp-json\/wp\/v2\/posts"}],"about":[{"href":"https:\/\/losperiodistas.com.mx\/portal\/wp-json\/wp\/v2\/types\/post"}],"author":[{"embeddable":true,"href":"https:\/\/losperiodistas.com.mx\/portal\/wp-json\/wp\/v2\/users\/1"}],"replies":[{"embeddable":true,"href":"https:\/\/losperiodistas.com.mx\/portal\/wp-json\/wp\/v2\/comments?post=74113"}],"version-history":[{"count":1,"href":"https:\/\/losperiodistas.com.mx\/portal\/wp-json\/wp\/v2\/posts\/74113\/revisions"}],"predecessor-version":[{"id":74115,"href":"https:\/\/losperiodistas.com.mx\/portal\/wp-json\/wp\/v2\/posts\/74113\/revisions\/74115"}],"wp:featuredmedia":[{"embeddable":true,"href":"https:\/\/losperiodistas.com.mx\/portal\/wp-json\/wp\/v2\/media\/74114"}],"wp:attachment":[{"href":"https:\/\/losperiodistas.com.mx\/portal\/wp-json\/wp\/v2\/media?parent=74113"}],"wp:term":[{"taxonomy":"category","embeddable":true,"href":"https:\/\/losperiodistas.com.mx\/portal\/wp-json\/wp\/v2\/categories?post=74113"},{"taxonomy":"post_tag","embeddable":true,"href":"https:\/\/losperiodistas.com.mx\/portal\/wp-json\/wp\/v2\/tags?post=74113"}],"curies":[{"name":"wp","href":"https:\/\/api.w.org\/{rel}","templated":true}]}}