{"id":741,"date":"2020-11-01T07:26:32","date_gmt":"2020-11-01T13:26:32","guid":{"rendered":"http:\/\/losperiodistas.com.mx\/portal\/?p=741"},"modified":"2020-11-01T07:26:32","modified_gmt":"2020-11-01T13:26:32","slug":"lopez-obrador-inauguro-ofrenda-homenaje-a-victimas-de-la-pandemia-en-mexico","status":"publish","type":"post","link":"https:\/\/losperiodistas.com.mx\/portal\/lopez-obrador-inauguro-ofrenda-homenaje-a-victimas-de-la-pandemia-en-mexico\/","title":{"rendered":"L\u00f3pez Obrador inaugur\u00f3 ofrenda homenaje a v\u00edctimas de la pandemia en M\u00e9xico"},"content":{"rendered":"\n<figure class=\"wp-block-image size-large\"><img fetchpriority=\"high\" decoding=\"async\" width=\"800\" height=\"450\" src=\"https:\/\/losperiodistas.com.mx\/portal\/wp-content\/uploads\/2020\/11\/0d4291b69f8682b8cb60eade7ca715a659ffda00-1280x720-1.jpg\" alt=\"\" class=\"wp-image-742\" srcset=\"https:\/\/losperiodistas.com.mx\/portal\/wp-content\/uploads\/2020\/11\/0d4291b69f8682b8cb60eade7ca715a659ffda00-1280x720-1.jpg 800w, https:\/\/losperiodistas.com.mx\/portal\/wp-content\/uploads\/2020\/11\/0d4291b69f8682b8cb60eade7ca715a659ffda00-1280x720-1-300x169.jpg 300w, https:\/\/losperiodistas.com.mx\/portal\/wp-content\/uploads\/2020\/11\/0d4291b69f8682b8cb60eade7ca715a659ffda00-1280x720-1-768x432.jpg 768w\" sizes=\"(max-width: 800px) 100vw, 800px\" \/><figcaption><em>Ofrenda del D\u00eda de Muertos en Palacio Nacional. Foto: EFE<\/em><\/figcaption><\/figure>\n\n\n\n<p style=\"font-size:18px\"><em>El patio central del Palacio Nacional, despacho y casa presidencial, fue el escenario principal del homenaje llamado \u00abUna flor para cada alma\u00bb.<\/em><\/p>\n\n\n\n<p class=\"has-vivid-cyan-blue-color has-text-color has-medium-font-size\">FORBES STAFF<\/p>\n\n\n\n<p><strong>EFE.-<\/strong>\u00a0El presidente de M\u00e9xico, Andr\u00e9s Manuel L\u00f3pez Obrador, inaugur\u00f3 este s\u00e1bado una monumental ofrenda homenaje en honor a las v\u00edctimas de la pandemia de la covid-19 que hasta este viernes en este pa\u00eds registraba 91.289 decesos y 918.811 contagios.<\/p>\n\n\n\n<p>El patio central del Palacio Nacional, despacho y casa presidencial, fue el escenario principal del homenaje llamado \u201cUna flor para cada alma\u201d con el que el Gobierno mexicano busca conmemorar los miles de ca\u00eddos en este pa\u00eds por el virus SARS-CoV-2.<\/p>\n\n\n\n<p>Para recordar a las v\u00edctimas, en el lugar se instalaron 20 ofrendas de las regiones oriente y costa del golfo, norte y centro norte, occidente y sur y sur y sureste.<\/p>\n\n\n\n<p><a href=\"https:\/\/www.forbes.com.mx\/\"><em>Sigue la informaci\u00f3n sobre la econom\u00eda y los negocios en Forbes M\u00e9xico<\/em><\/a><\/p>\n\n\n\n<p>Adem\u00e1s, se colocaron tapetes de aserr\u00edn y un altar central donde se reunieron los elementos tradicionales de las ofrendas de D\u00eda de Muertos como la flor de cempas\u00fachil, el ma\u00edz, las ceras y el pan.<\/p>\n\n\n\n<p>El homenaje comenz\u00f3 con ceremonias de los pueblos yaqui y mazateco, un acto simb\u00f3lico en el que L\u00f3pez Obrador encendi\u00f3 una vela como se\u00f1al de vida y esperanza y posteriormente recorri\u00f3 los 20 altares t\u00edpicos de los estados de Oaxaca, Puebla y Veracruz, entre otros, en compa\u00f1\u00eda de su esposa, la escritora Beatriz Guti\u00e9rrez M\u00fcller.<\/p>\n\n\n\n<p>Durante el recorrido, los integrantes de las comunidades ind\u00edgenas le explicaron el significado de cada una de las ofrendas y le regalaron algunos objetos representativos de sus lugares de origen, adem\u00e1s de darle mensajes de agradecimiento que el mandatario correspondi\u00f3.<\/p>\n\n\n\n<p>Como tel\u00f3n de fondo sonaron las notas de una banda de m\u00fasica ind\u00edgena, que interpretaba m\u00fasica f\u00fanebre tradicional.<\/p>\n\n\n\n<p>\u201cA partir de hoy se inician tres d\u00edas de luto nacional dedicados a recordar a todos nuestros difuntos, en especial a quienes han perdido la vida ha causa de la pandemia de la covid-19\u201d, dijo L\u00f3pez Obrador en un breve mensaje.<\/p>\n\n\n\n<p>\u201cAgradezco a las mujeres y los hombres de los pueblos originarios de las distintas culturas del M\u00e9xico profundo que han participado en la creaci\u00f3n y adorno de estos altares\u201d, agreg\u00f3.<\/p>\n\n\n\n<p>El mandatario dijo que estos d\u00edas ellos \u201cestar\u00e1n pidiendo al creador, a los dioses y a la naturaleza, mediante rezos e invocaciones, el descanso y la paz de los difuntos, as\u00ed como la resignaci\u00f3n y la tranquilidad de los familiares y amigos\u201d, agreg\u00f3.<\/p>\n\n\n\n<h4 class=\"wp-block-heading\" id=\"h-luto-nacional-y-homenaje\">LUTO NACIONAL Y HOMENAJE<\/h4>\n\n\n\n<p>A media semana y aprovechando el marco de la tradicional festividad del D\u00eda de Muertos, que se celebra el 1 y 2 de noviembre, en el pa\u00eds, el mandatario decret\u00f3 tres d\u00edas de duelo nacional por la v\u00edctimas de la pandemia.<\/p>\n\n\n\n<p>Dijo que durante esos d\u00edas, la bandera de M\u00e9xico estar\u00eda media asta en se\u00f1al de luto y no se celebrar\u00edan actos oficiales.<\/p>\n\n\n\n<p>Adem\u00e1s, adelant\u00f3, que el pr\u00f3ximo lunes habr\u00eda un homenaje para los muertos por la enfermedad y se disculp\u00f3 con los ciudadanos ya dijo que no se permitir\u00e1 el acceso al Palacio Nacional por razones de seguridad, debido a la emergencia sanitaria.<\/p>\n\n\n\n<p><a href=\"https:\/\/forbescentroamerica.com\/\"><em>Sigue la informaci\u00f3n de econom\u00eda y negocios en Forbes Centroam\u00e9rica<\/em><\/a><\/p>\n\n\n\n<p>El domingo 1 de noviembre por la noche se llevar\u00e1 a cabo el encendido de velas con los representantes de los 20 pueblos ind\u00edgenas y se llevar\u00e1 a cabo una ceremonia tradicional del pueblo nahua de Puebla<\/p>\n\n\n\n<p>Mientras que el lunes al mediod\u00eda se celebrar\u00e1 una ceremonia tradicional wix\u00e1rika y dos horas despu\u00e9s comenzar\u00e1 el retiro de las ofrendas.<\/p>\n\n\n\n<h4 class=\"wp-block-heading\" id=\"h-la-festividad-y-la-pandemia\">LA FESTIVIDAD Y LA PANDEMIA<\/h4>\n\n\n\n<p>El D\u00eda de Muertos, una celebraci\u00f3n de ra\u00edces ind\u00edgenas con influencia espa\u00f1ola, es una de las festividades m\u00e1s importantes de M\u00e9xico.<\/p>\n\n\n\n<p>Pero este a\u00f1o, por la pandemia, algunos de los estados m\u00e1s emblem\u00e1ticos de esta celebraci\u00f3n, como el sure\u00f1o Oaxaca, han suspendido la visita a los cementerios, mientras que en Michoac\u00e1n se restringir\u00e1 el n\u00famero de asistentes.<\/p>\n\n\n\n<p>Otras entidades que han anunciado el cierre de panteones, hasta ahora, son Ciudad de M\u00e9xico, Colima, Estado de M\u00e9xico o Nuevo Le\u00f3n.<\/p>\n\n\n\n<p>M\u00e9xico es el d\u00e9cimo pa\u00eds con m\u00e1s contagios y el cuarto con m\u00e1s fallecidos absolutos, de acuerdo con la Universidad Johns Hopkins.<\/p>\n\n\n\n<p>La covid-19 es la tercera causa de muerte en M\u00e9xico, por encima de los m\u00e1s de 85.000 fallecidos anuales por tumores malignos, y solo por debajo de la diabetes y las enfermedades del coraz\u00f3n, seg\u00fan el Instituto Nacional de Estad\u00edstica y Geograf\u00eda (Inegi).<\/p>\n\n\n\n<p>Fuente: https:\/\/www.forbes.com.mx\/lopez-obrador-inaugura-ofrenda-homenaje-a-victimas-de-la-pandemia-en-mexico\/<\/p>\n","protected":false},"excerpt":{"rendered":"<p>El patio central del Palacio Nacional, despacho y casa presidencial, fue el escenario principal del homenaje llamado \u00abUna flor para [&hellip;]<\/p>\n","protected":false},"author":1,"featured_media":0,"comment_status":"open","ping_status":"open","sticky":false,"template":"","format":"standard","meta":{"site-sidebar-layout":"default","site-content-layout":"","ast-site-content-layout":"default","site-content-style":"default","site-sidebar-style":"default","ast-global-header-display":"","ast-banner-title-visibility":"","ast-main-header-display":"","ast-hfb-above-header-display":"","ast-hfb-below-header-display":"","ast-hfb-mobile-header-display":"","site-post-title":"","ast-breadcrumbs-content":"","ast-featured-img":"","footer-sml-layout":"","theme-transparent-header-meta":"","adv-header-id-meta":"","stick-header-meta":"","header-above-stick-meta":"","header-main-stick-meta":"","header-below-stick-meta":"","astra-migrate-meta-layouts":"default","ast-page-background-enabled":"default","ast-page-background-meta":{"desktop":{"background-color":"var(--ast-global-color-4)","background-image":"","background-repeat":"repeat","background-position":"center center","background-size":"auto","background-attachment":"scroll","background-type":"","background-media":"","overlay-type":"","overlay-color":"","overlay-opacity":"","overlay-gradient":""},"tablet":{"background-color":"","background-image":"","background-repeat":"repeat","background-position":"center center","background-size":"auto","background-attachment":"scroll","background-type":"","background-media":"","overlay-type":"","overlay-color":"","overlay-opacity":"","overlay-gradient":""},"mobile":{"background-color":"","background-image":"","background-repeat":"repeat","background-position":"center center","background-size":"auto","background-attachment":"scroll","background-type":"","background-media":"","overlay-type":"","overlay-color":"","overlay-opacity":"","overlay-gradient":""}},"ast-content-background-meta":{"desktop":{"background-color":"var(--ast-global-color-5)","background-image":"","background-repeat":"repeat","background-position":"center center","background-size":"auto","background-attachment":"scroll","background-type":"","background-media":"","overlay-type":"","overlay-color":"","overlay-opacity":"","overlay-gradient":""},"tablet":{"background-color":"var(--ast-global-color-5)","background-image":"","background-repeat":"repeat","background-position":"center center","background-size":"auto","background-attachment":"scroll","background-type":"","background-media":"","overlay-type":"","overlay-color":"","overlay-opacity":"","overlay-gradient":""},"mobile":{"background-color":"var(--ast-global-color-5)","background-image":"","background-repeat":"repeat","background-position":"center center","background-size":"auto","background-attachment":"scroll","background-type":"","background-media":"","overlay-type":"","overlay-color":"","overlay-opacity":"","overlay-gradient":""}},"footnotes":""},"categories":[8],"tags":[],"class_list":["post-741","post","type-post","status-publish","format-standard","hentry","category-noticias"],"_links":{"self":[{"href":"https:\/\/losperiodistas.com.mx\/portal\/wp-json\/wp\/v2\/posts\/741","targetHints":{"allow":["GET"]}}],"collection":[{"href":"https:\/\/losperiodistas.com.mx\/portal\/wp-json\/wp\/v2\/posts"}],"about":[{"href":"https:\/\/losperiodistas.com.mx\/portal\/wp-json\/wp\/v2\/types\/post"}],"author":[{"embeddable":true,"href":"https:\/\/losperiodistas.com.mx\/portal\/wp-json\/wp\/v2\/users\/1"}],"replies":[{"embeddable":true,"href":"https:\/\/losperiodistas.com.mx\/portal\/wp-json\/wp\/v2\/comments?post=741"}],"version-history":[{"count":1,"href":"https:\/\/losperiodistas.com.mx\/portal\/wp-json\/wp\/v2\/posts\/741\/revisions"}],"predecessor-version":[{"id":743,"href":"https:\/\/losperiodistas.com.mx\/portal\/wp-json\/wp\/v2\/posts\/741\/revisions\/743"}],"wp:attachment":[{"href":"https:\/\/losperiodistas.com.mx\/portal\/wp-json\/wp\/v2\/media?parent=741"}],"wp:term":[{"taxonomy":"category","embeddable":true,"href":"https:\/\/losperiodistas.com.mx\/portal\/wp-json\/wp\/v2\/categories?post=741"},{"taxonomy":"post_tag","embeddable":true,"href":"https:\/\/losperiodistas.com.mx\/portal\/wp-json\/wp\/v2\/tags?post=741"}],"curies":[{"name":"wp","href":"https:\/\/api.w.org\/{rel}","templated":true}]}}