{"id":73960,"date":"2024-05-10T06:03:01","date_gmt":"2024-05-10T11:03:01","guid":{"rendered":"https:\/\/losperiodistas.com.mx\/portal\/?p=73960"},"modified":"2024-05-10T06:03:03","modified_gmt":"2024-05-10T11:03:03","slug":"radiografia-economica-del-sexenio-de-lopez-obrador-dw","status":"publish","type":"post","link":"https:\/\/losperiodistas.com.mx\/portal\/radiografia-economica-del-sexenio-de-lopez-obrador-dw\/","title":{"rendered":"Radiograf\u00eda econ\u00f3mica del sexenio de L\u00f3pez Obrador | DW"},"content":{"rendered":"\n<p class=\"has-medium-font-size\">El presidente mexicano asumi\u00f3 el poder con la promesa de gobernar para \u00abprimero los pobres\u00bb y de instaurar una \u00abausteridad republicana\u00bb. Su gesti\u00f3n deja un panorama con \u00abclaroscuros\u00bb, seg\u00fan los expertos.<\/p>\n\n\n\n<p><\/p>\n\n\n\n<figure class=\"wp-block-image size-large\"><img fetchpriority=\"high\" decoding=\"async\" width=\"1024\" height=\"448\" src=\"https:\/\/losperiodistas.com.mx\/portal\/wp-content\/uploads\/2024\/05\/69035115_1004-1024x448.webp\" alt=\"\" class=\"wp-image-73961\" srcset=\"https:\/\/losperiodistas.com.mx\/portal\/wp-content\/uploads\/2024\/05\/69035115_1004-1024x448.webp 1024w, https:\/\/losperiodistas.com.mx\/portal\/wp-content\/uploads\/2024\/05\/69035115_1004-300x131.webp 300w, https:\/\/losperiodistas.com.mx\/portal\/wp-content\/uploads\/2024\/05\/69035115_1004-768x336.webp 768w, https:\/\/losperiodistas.com.mx\/portal\/wp-content\/uploads\/2024\/05\/69035115_1004.webp 1200w\" sizes=\"(max-width: 1024px) 100vw, 1024px\" \/><figcaption>El presidente mexicano, Andr\u00e9s Manuel L\u00f3pez Obrador, muestra un d\u00f3lar americano durante una conferencia de prensa el pasado 29 de abril. <a href=\"Imagen:\u00a0L\">I<em>magen:\u00a0L<\/em><\/a><em>uis Barron\/Eyepix Group\/NurPhoto\/picture alliance<\/em><\/figcaption><\/figure>\n\n\n\n<p class=\"has-vivid-red-color has-text-color has-medium-font-size\"><strong>Luis Garc\u00eda Casas \/ DW<\/strong><\/p>\n\n\n\n<p>El presidente&nbsp;<a href=\"https:\/\/www.dw.com\/es\/andr%C3%A9s-manuel-l%C3%B3pez-obrador\/t-17412982\">Andr\u00e9s Manuel L\u00f3pez Obrador<\/a>&nbsp;asumi\u00f3 el poder en&nbsp;<a href=\"https:\/\/www.dw.com\/es\/m%C3%A9xico\/t-17409380\">M\u00e9xico<\/a>&nbsp;el 1 de diciembre de 2018 reafirmando su lema de campa\u00f1a&nbsp;\u00abPor el bien de todos, primero los pobres\u00bb. Su primera medida econ\u00f3mica&nbsp;<a href=\"https:\/\/www.dw.com\/es\/gobierno-de-m%C3%A9xico-anuncia-alza-del-salario-m%C3%ADnimo-diario\/a-46779308\">fue elevar el salario m\u00ednimo<\/a>. La siguiente, iniciar una pol\u00edtica de \u00abausteridad republicana\u00bb que inclu\u00eda la simb\u00f3lica medida, anunciada previamente, de&nbsp;<a href=\"https:\/\/www.dw.com\/es\/l%C3%B3pez-obrador-anuncia-que-recortar%C3%A1-un-60-el-sueldo-presidencial\/a-44691285\">bajarse el propio sueldo presidencial<\/a>.<\/p>\n\n\n\n<p>L\u00f3pez Obrador estimaba entonces que la econom\u00eda de M\u00e9xico podr\u00eda crecer 4 % anual durante su presidencia. La Secretar\u00eda de Hacienda contemplaba un m\u00e1s realista 2,2 %. Seg\u00fan los datos de Inegi, el&nbsp;<a href=\"https:\/\/www.dw.com\/es\/pib\/t-41432368\">PIB<\/a>&nbsp;del pa\u00eds fue finalmente de 96,7 billones en 2018 y de 100 billones (en pesos constantes) en 2023, lo que supone un exiguo crecimiento medio anual, excluida la inflaci\u00f3n, de&nbsp;1,02 %. No obstante, sin pandemia, el sexenio hubiese sido muy distinto.<\/p>\n\n\n\n<h2 class=\"wp-block-heading\">El sexenio de la pandemia<\/h2>\n\n\n\n<p>En 2020, el a\u00f1o m\u00e1s afectado por la pandemia de&nbsp;<a href=\"https:\/\/www.dw.com\/es\/covid-19\/t-52664133\">covid-19<\/a>, se registr\u00f3 en M\u00e9xico una ca\u00edda del PIB de&nbsp;8,62 %. En el segundo trimestre, \u00abalcanz\u00f3 una ca\u00edda de&nbsp;19,09 %, la cual puede calificarse de hist\u00f3rica\u00bb, afirma Ignacio Ibarra, del Instituto Tecnol\u00f3gico de Monterrey, aunque se\u00f1ala que \u00abya se ven\u00edan registrando ca\u00eddas\u00bb desde el \u00faltimo trimestre de 2018. Durante la pandemia, adem\u00e1s, empez\u00f3 a subir la deuda p\u00fablica, que se manten\u00eda en torno a&nbsp;35 % del PIB, hasta superar el 41 %. Actualmente se sit\u00faa en 45,5 % del PIB.<\/p>\n\n\n\n<p>\u00abM\u00e9xico es una de las econom\u00edas que m\u00e1s tard\u00f3 en recuperarse en t\u00e9rminos de nivel de actividad\u00bb, recuerda V\u00edctor Ayala G\u00f3mez, del Instituto Mexicano para la Competitividad. Para \u00e9l, no se manej\u00f3 bien esta \u00abcrisis completamente at\u00edpica\u00bb, aunque \u00abla manera en que estaba integrada la econom\u00eda de M\u00e9xico con la de Estados Unidos favoreci\u00f3 el proceso de recuperaci\u00f3n\u00bb. El comercio merece cap\u00edtulo aparte y lo abordaremos en otro art\u00edculo, pero vamos por orden.<\/p>\n\n\n\n<h2 class=\"wp-block-heading\">\u00abPrimero los pobres\u00bb<\/h2>\n\n\n\n<p>Para el director de Anal\u00edtica de Datos del IMCO, el indicador m\u00e1s representativo del sexenio es, sin embargo, el crecimiento acumulado del PIB per c\u00e1pita del&nbsp;0,9 %, \u00abel m\u00e1s bajo, por mucho, que tenemos en los \u00faltimos pr\u00e1cticamente 40 a\u00f1os\u00bb. Lejos del 5,2 % del sexenio previo, destaca Ayala, y la mitad del 1,8 % registrado en el per\u00edodo anterior a ese,&nbsp;<a href=\"https:\/\/www.dw.com\/es\/m%C3%A9xico-ha-sido-un-sexenio-muy-accidentado\/a-16417288\">un sexenio marcado por la crisis financiera global<\/a>.<\/p>\n\n\n\n<p>Ibarra, director del programa de Econom\u00eda en el campus de Puebla, destaca, a pesar de todo, la reducci\u00f3n de la pobreza. Y el paso para ello, no exento de inconvenientes, de una estrategia concentrada en \u00abreducir las carencias sociales\u00bb a otra de \u00abincrementar el ingreso\u00bb. \u00abEl sexenio anterior cierra con&nbsp;41,9 % de personas en la pobreza; en la&nbsp;<a href=\"https:\/\/www.dw.com\/es\/amlo-destaca-reducci%C3%B3n-hist%C3%B3rica-de-la-pobreza-en-m%C3%A9xico\/a-66514661\">medici\u00f3n de 2022<\/a>, pasa a 36,3 %\u00bb, constata. \u00abDestacar\u00eda la reducci\u00f3n de la pobreza y el incremento del ingreso promedio y la reducci\u00f3n salarial entre hombres y mujeres\u00bb, a\u00f1ade.<\/p>\n\n\n\n<h2 class=\"wp-block-heading\">Ecos de la \u00abausteridad republicana\u00bb<\/h2>\n\n\n\n<p>La Ley Federal de Austeridad Republicana de 2019 pretend\u00eda rebajar el gasto p\u00fablico y controlar el d\u00e9ficit. Supuso despidos de empleados p\u00fablicos, reducciones de salarios y cancelaciones de licitaciones. \u00abEs una administraci\u00f3n que empez\u00f3 haciendo bandera de la austeridad republicana y efectivamente empez\u00f3 conteniendo el gasto\u00bb, se\u00f1ala Jos\u00e9 Luis Clavellina, director de Investigaci\u00f3n del CIEP. Admite que \u00abse han hecho cambios, sin llegar a una reforma fiscal, que permiten recaudar mejor\u00bb, pero ve el principal problema \u00aben materia de gasto y de deuda\u00bb. Para \u00e9l, a partir de&nbsp;2019, \u00abla austeridad republicana qued\u00f3 m\u00e1s bien en el discurso\u00bb.<\/p>\n\n\n\n<p>Fue una \u00abausteridad aplicada de forma selectiva\u00bb, explica desde el Centro de Investigaci\u00f3n Econ\u00f3mica y Presupuestaria, ya que \u00absecretar\u00edas como la de Marina, de Defensa, la de Bienestar, que lleva todos los programas sociales, y tambi\u00e9n la del Trabajo y Previsi\u00f3n Social, se han visto bastante beneficiadas en t\u00e9rminos presupuestarios\u00bb. Ayala, desde el IMCO, apostilla que el d\u00e9ficit ha empezado a resentirse \u00abcuando el saldo acumulado de los fondos de estabilizaci\u00f3n empieza a desvanecerse\u00bb. El gasto siempre estuvo presente y, simplemente, se hizo \u00abpatente cuando no hubo recursos para\u00a0de alguna manera\u00a0disfrazarlos\u00bb.<\/p>\n\n\n\n<p>\u00abLa administraci\u00f3n actual recibi\u00f3 un M\u00e9xico con un sistema fiscal relativamente d\u00e9bil y deja uno con claroscuros\u00bb, resume Clavellina. \u00abEl d\u00e9ficit al inicio del mandato era de en torno a 2 % del PIB y, de acuerdo con los datos de la propia Secretar\u00eda de Hacienda, va a dejar un d\u00e9ficit de alrededor de&nbsp;5,96 %\u00bb, compara. \u00abEs un d\u00e9ficit muy grande, no se ve\u00eda desde la d\u00e9cada de 1980\u00bb, recuerda. \u00abCreo que esto debilita un poco el legado que deja esta administraci\u00f3n a la siguiente\u00bb, valora. Y explica que la propia secretar\u00eda estima que va a ser necesario \u00abun recorte del gasto p\u00fablico de&nbsp;3 % del PIB\u00bb, algo que va a suponer, seg\u00fan el experto, una \u00abdesaceleraci\u00f3n importante\u00bb, si no una recesi\u00f3n.<strong>PUBLICIDAD<\/strong><\/p>\n\n\n\n<h2 class=\"wp-block-heading\">Del avi\u00f3n presidencial al Tren Maya y el apoyo a Pemex<\/h2>\n\n\n\n<p>Otra r\u00fabrica que ha \u00abelevado de forma importante el gasto\u00bb, destaca Clavellina, son los grandes proyectos de inversi\u00f3n en infraestructura&nbsp;del gobierno, \u00abque no se sabe si van a ser rentables o no\u00bb. Se refiere al&nbsp;<a href=\"https:\/\/www.dw.com\/es\/tren-maya\/t-63470143\">Tren Maya<\/a>, al&nbsp;<a href=\"https:\/\/www.dw.com\/es\/m%C3%A9xico-aicm-o-aifa-dos-aeropuertos-con-dif%C3%ADcil-convivencia\/a-66999033\">nuevo aeropuerto de Ciudad de M\u00e9xico<\/a>&nbsp;y&nbsp;al ferrocarril del Istmo de Tehuatepec. Ahorros como el recorte del sueldo del presidente o la cacareada renuncia al avi\u00f3n presidencial resultan insignificantes en comparaci\u00f3n.<\/p>\n\n\n\n<p>La Secretar\u00eda de Hacienda conf\u00eda en poder recortar el gasto p\u00fablico precisamente porque estas obras ya est\u00e1n concluidas o en v\u00eda&nbsp;de estarlo.&nbsp; Aunque admite que \u00abhac\u00eda tiempo que no se daba un impulso as\u00ed a la inversi\u00f3n p\u00fablica por parte del gobierno\u00bb, el analista del Centro de Investigaci\u00f3n Econ\u00f3mica y Presupuestaria augura que la siguiente administraci\u00f3n va a tener muy dif\u00edcil afrontar grandes obras de infraestructura. Adem\u00e1s, el apoyo a&nbsp;<a href=\"https:\/\/www.dw.com\/es\/petr%C3%B3leos-mexicanos\/t-41620257\">Pemex<\/a>&nbsp;y&nbsp;la financiaci\u00f3n&nbsp;<a href=\"https:\/\/www.dw.com\/es\/m%C3%A9xico-reforma-de-pensiones-crea-falsas-expectativas\/a-68913575\">del nuevo Fondo de Pensiones para el Bienestar<\/a>&nbsp;van a seguir pesando sobre las cuentas p\u00fablicas.<\/p>\n\n\n\n<h2 class=\"wp-block-heading\">Incertidumbre ante las elecciones<\/h2>\n\n\n\n<p>Es habitual que el gasto p\u00fablico se dispare en un a\u00f1o electoral, con inversiones p\u00fablicas y medidas sociales para agradar a los votantes, y que el gobierno entrante tenga que ocuparse de reducirlo. Pero en esta ocasi\u00f3n el ajuste va a ser mayor de lo habitual. En un estudio no publicado todav\u00eda, el CIEP analiz\u00f3 los cinco anteriores ciclos pol\u00edticos. \u00abEn el a\u00f1o electoral se eleva el gasto p\u00fablico un 1 % del PIB y al siguiente se recorta el gasto 1,75 %\u00bb, adelanta Clavellina.<\/p>\n\n\n\n<p>Si se cumplen las previsiones para 2025, el a\u00f1o tendr\u00eda \u00abel recorte m\u00e1s grande que se ha observado desde la crisis del 95 en M\u00e9xico\u00bb, vaticina. Sin embargo,&nbsp; las dos principales candidatas han hablado durante su campa\u00f1a sobre inversiones&nbsp;en infraestructura,&nbsp;gasto social,&nbsp;pero no de c\u00f3mo fortalecer los ingresos. \u00abNo trae muchos votos hablar de una reforma fiscal\u00bb, concede Clavellina. La gente no suele votar a quien le advierte que va a subirle los impuestos.<\/p>\n\n\n\n<p>No obstante, la principal incertidumbre actualmente no proviene de las elecciones mexicanas. \u00abEl riesgo m\u00e1s importante para m\u00ed es la del proceso electoral en Estados Unidos, con un&nbsp;<a href=\"https:\/\/www.dw.com\/es\/trump-donald\/t-19445010\">Donald Trump<\/a>&nbsp;que tiene amplias probabilidades de resultar vencedor,&nbsp;<a href=\"https:\/\/www.dw.com\/es\/trump-supera-a-biden-en-sondeos-de-cara-a-las-elecciones-de-2024\/a-67311636\">seg\u00fan los sondeos<\/a>&nbsp;\u00ab, afirma&nbsp;Ayala desde el IMCO. \u00abY que, como vimos en 2016, puede utilizar una ret\u00f3rica muy agresiva en contra de M\u00e9xico para ganar simpat\u00edas electorales\u00bb, advierte.<\/p>\n\n\n\n<p>(rr)<\/p>\n\n\n\n<figure class=\"wp-block-image size-large\"><img decoding=\"async\" width=\"1024\" height=\"448\" src=\"https:\/\/losperiodistas.com.mx\/portal\/wp-content\/uploads\/2024\/05\/69035115_1004-1024x448.jpg\" alt=\"\" class=\"wp-image-73962\" srcset=\"https:\/\/losperiodistas.com.mx\/portal\/wp-content\/uploads\/2024\/05\/69035115_1004-1024x448.jpg 1024w, https:\/\/losperiodistas.com.mx\/portal\/wp-content\/uploads\/2024\/05\/69035115_1004-300x131.jpg 300w, https:\/\/losperiodistas.com.mx\/portal\/wp-content\/uploads\/2024\/05\/69035115_1004-768x336.jpg 768w, https:\/\/losperiodistas.com.mx\/portal\/wp-content\/uploads\/2024\/05\/69035115_1004.jpg 1200w\" sizes=\"(max-width: 1024px) 100vw, 1024px\" \/><figcaption>L\u00f3pez Obrador defendi\u00f3 el pasado primero de mayo su reforma de las pensiones y present\u00f3 a M\u00e9xico como el pa\u00eds con menor desempleo del mundo.<small>Imagen: Luis Barron\/Eyepix Group\/NurPhoto\/picture alliance<\/small><\/figcaption><\/figure>\n\n\n\n<p>Fuente: <a href=\"https:\/\/www.dw.com\/es\/radiograf%C3%ADa-econ%C3%B3mica-del-sexenio-de-l%C3%B3pez-obrador\/a-69035985\">https:\/\/www.dw.com\/es\/radiograf%C3%ADa-econ%C3%B3mica-del-sexenio-de-l%C3%B3pez-obrador\/a-69035985<\/a><\/p>\n","protected":false},"excerpt":{"rendered":"<p>El presidente mexicano asumi\u00f3 el poder con la promesa de gobernar para \u00abprimero los pobres\u00bb y de instaurar una \u00abausteridad [&hellip;]<\/p>\n","protected":false},"author":1,"featured_media":73962,"comment_status":"open","ping_status":"open","sticky":false,"template":"","format":"standard","meta":{"site-sidebar-layout":"default","site-content-layout":"","ast-site-content-layout":"default","site-content-style":"default","site-sidebar-style":"default","ast-global-header-display":"","ast-banner-title-visibility":"","ast-main-header-display":"","ast-hfb-above-header-display":"","ast-hfb-below-header-display":"","ast-hfb-mobile-header-display":"","site-post-title":"","ast-breadcrumbs-content":"","ast-featured-img":"","footer-sml-layout":"","theme-transparent-header-meta":"","adv-header-id-meta":"","stick-header-meta":"","header-above-stick-meta":"","header-main-stick-meta":"","header-below-stick-meta":"","astra-migrate-meta-layouts":"default","ast-page-background-enabled":"default","ast-page-background-meta":{"desktop":{"background-color":"var(--ast-global-color-4)","background-image":"","background-repeat":"repeat","background-position":"center center","background-size":"auto","background-attachment":"scroll","background-type":"","background-media":"","overlay-type":"","overlay-color":"","overlay-opacity":"","overlay-gradient":""},"tablet":{"background-color":"","background-image":"","background-repeat":"repeat","background-position":"center center","background-size":"auto","background-attachment":"scroll","background-type":"","background-media":"","overlay-type":"","overlay-color":"","overlay-opacity":"","overlay-gradient":""},"mobile":{"background-color":"","background-image":"","background-repeat":"repeat","background-position":"center center","background-size":"auto","background-attachment":"scroll","background-type":"","background-media":"","overlay-type":"","overlay-color":"","overlay-opacity":"","overlay-gradient":""}},"ast-content-background-meta":{"desktop":{"background-color":"var(--ast-global-color-5)","background-image":"","background-repeat":"repeat","background-position":"center center","background-size":"auto","background-attachment":"scroll","background-type":"","background-media":"","overlay-type":"","overlay-color":"","overlay-opacity":"","overlay-gradient":""},"tablet":{"background-color":"var(--ast-global-color-5)","background-image":"","background-repeat":"repeat","background-position":"center center","background-size":"auto","background-attachment":"scroll","background-type":"","background-media":"","overlay-type":"","overlay-color":"","overlay-opacity":"","overlay-gradient":""},"mobile":{"background-color":"var(--ast-global-color-5)","background-image":"","background-repeat":"repeat","background-position":"center center","background-size":"auto","background-attachment":"scroll","background-type":"","background-media":"","overlay-type":"","overlay-color":"","overlay-opacity":"","overlay-gradient":""}},"footnotes":""},"categories":[8],"tags":[7526,24859,24860,1706,1325],"class_list":["post-73960","post","type-post","status-publish","format-standard","has-post-thumbnail","hentry","category-noticias","tag-amlo-economia","tag-claroscuros-economia-mexico","tag-incertidumbre-elecciones","tag-pemex","tag-tren-maya"],"_links":{"self":[{"href":"https:\/\/losperiodistas.com.mx\/portal\/wp-json\/wp\/v2\/posts\/73960","targetHints":{"allow":["GET"]}}],"collection":[{"href":"https:\/\/losperiodistas.com.mx\/portal\/wp-json\/wp\/v2\/posts"}],"about":[{"href":"https:\/\/losperiodistas.com.mx\/portal\/wp-json\/wp\/v2\/types\/post"}],"author":[{"embeddable":true,"href":"https:\/\/losperiodistas.com.mx\/portal\/wp-json\/wp\/v2\/users\/1"}],"replies":[{"embeddable":true,"href":"https:\/\/losperiodistas.com.mx\/portal\/wp-json\/wp\/v2\/comments?post=73960"}],"version-history":[{"count":1,"href":"https:\/\/losperiodistas.com.mx\/portal\/wp-json\/wp\/v2\/posts\/73960\/revisions"}],"predecessor-version":[{"id":73963,"href":"https:\/\/losperiodistas.com.mx\/portal\/wp-json\/wp\/v2\/posts\/73960\/revisions\/73963"}],"wp:featuredmedia":[{"embeddable":true,"href":"https:\/\/losperiodistas.com.mx\/portal\/wp-json\/wp\/v2\/media\/73962"}],"wp:attachment":[{"href":"https:\/\/losperiodistas.com.mx\/portal\/wp-json\/wp\/v2\/media?parent=73960"}],"wp:term":[{"taxonomy":"category","embeddable":true,"href":"https:\/\/losperiodistas.com.mx\/portal\/wp-json\/wp\/v2\/categories?post=73960"},{"taxonomy":"post_tag","embeddable":true,"href":"https:\/\/losperiodistas.com.mx\/portal\/wp-json\/wp\/v2\/tags?post=73960"}],"curies":[{"name":"wp","href":"https:\/\/api.w.org\/{rel}","templated":true}]}}