{"id":73955,"date":"2024-05-10T05:52:14","date_gmt":"2024-05-10T10:52:14","guid":{"rendered":"https:\/\/losperiodistas.com.mx\/portal\/?p=73955"},"modified":"2024-05-10T05:52:16","modified_gmt":"2024-05-10T10:52:16","slug":"opinion-moda-los-tenis-dejan-fuera-a-los-zapatos","status":"publish","type":"post","link":"https:\/\/losperiodistas.com.mx\/portal\/opinion-moda-los-tenis-dejan-fuera-a-los-zapatos\/","title":{"rendered":"Opini\u00f3n | Moda: los tenis dejan fuera a los zapatos"},"content":{"rendered":"\n<p class=\"has-medium-font-size\">*En la pandemia desapareci\u00f3 la corbata; ahora fue el calzado formal<\/p>\n\n\n\n<p><\/p>\n\n\n\n<figure class=\"wp-block-image size-large\"><img fetchpriority=\"high\" decoding=\"async\" width=\"1024\" height=\"512\" src=\"https:\/\/losperiodistas.com.mx\/portal\/wp-content\/uploads\/2024\/05\/DE-TRAJE-Y-CON-TENIS-1024x512.jpeg\" alt=\"\" class=\"wp-image-73958\" srcset=\"https:\/\/losperiodistas.com.mx\/portal\/wp-content\/uploads\/2024\/05\/DE-TRAJE-Y-CON-TENIS-1024x512.jpeg 1024w, https:\/\/losperiodistas.com.mx\/portal\/wp-content\/uploads\/2024\/05\/DE-TRAJE-Y-CON-TENIS-300x150.jpeg 300w, https:\/\/losperiodistas.com.mx\/portal\/wp-content\/uploads\/2024\/05\/DE-TRAJE-Y-CON-TENIS-768x384.jpeg 768w, https:\/\/losperiodistas.com.mx\/portal\/wp-content\/uploads\/2024\/05\/DE-TRAJE-Y-CON-TENIS-1536x768.jpeg 1536w, https:\/\/losperiodistas.com.mx\/portal\/wp-content\/uploads\/2024\/05\/DE-TRAJE-Y-CON-TENIS.jpeg 2048w\" sizes=\"(max-width: 1024px) 100vw, 1024px\" \/><\/figure>\n\n\n\n<p class=\"has-vivid-red-color has-text-color\" style=\"font-size:26px\"><strong><em>Por Ra\u00fal Torres Salmer\u00f3n<\/em><\/strong><\/p>\n\n\n\n<p>Despu\u00e9s de los a\u00f1os de resguardo en los hogares de todo el mundo debido a la pandemia de Covid-19, los tenis llegaron para quedarse, porque seg\u00fan los expertos naci\u00f3 en la antigua Grecia y se perfeccion\u00f3 en Francia en el a\u00f1o 1,200, se ve en las alfombras m\u00e1s sofisticadas y sus precios llegan a alcanzar cientos de d\u00f3lares y algunos pares hasta han llegado a los museos.<\/p>\n\n\n\n<p>Primero, en la pandemia pr\u00e1cticamente desapareci\u00f3 la corbata <a href=\"https:\/\/www.e-consulta.com\/opinion\/2021-03-25\/adios-la-corbata\">https:\/\/www.e-consulta.com\/opinion\/2021-03-25\/adios-la-corbata<\/a> y ahora poco se usan los zapatos formales. Los tenis han llegado y han dejado atr\u00e1s su lugar como calzado deportivo para convertirse en comodines de la moda actual. Lo mismo se utilizan smoking, trajes formales y hasta vestidos largos en el caso de las damas. En la ropa informal son los reyes del piso.<\/p>\n\n\n\n<p>As\u00ed, a las marcas deportivas tradicionales como Nike, New Balance y Converse, se suman nombres como Gucci, Chanel, Louis Vuitton, Dolce &amp; Gabbana, que ofrecen variaciones pero con su ADN particular.<\/p>\n\n\n\n<p>Y aunque los modelos en blanco siguen predominando, las tendencias van por las que se inspiran en el \u2018skate\u2019, basquetbol o el tenis, pero tambi\u00e9n en las que toman elementos del zapato de vestir para crear modelos que han desfilado en las alfombras.<\/p>\n\n\n\n<figure class=\"wp-block-image size-full\"><img decoding=\"async\" width=\"980\" height=\"617\" src=\"https:\/\/losperiodistas.com.mx\/portal\/wp-content\/uploads\/2024\/05\/TENIS-FOSFO-FOSFO-DEL-MC.jpeg\" alt=\"\" class=\"wp-image-73957\" srcset=\"https:\/\/losperiodistas.com.mx\/portal\/wp-content\/uploads\/2024\/05\/TENIS-FOSFO-FOSFO-DEL-MC.jpeg 980w, https:\/\/losperiodistas.com.mx\/portal\/wp-content\/uploads\/2024\/05\/TENIS-FOSFO-FOSFO-DEL-MC-300x189.jpeg 300w, https:\/\/losperiodistas.com.mx\/portal\/wp-content\/uploads\/2024\/05\/TENIS-FOSFO-FOSFO-DEL-MC-768x484.jpeg 768w\" sizes=\"(max-width: 980px) 100vw, 980px\" \/><\/figure>\n\n\n\n<p>Los tenis son los grandes ganadores despu\u00e9s de la pandemia, pese a que ya era tendencia unos a\u00f1os antes, esa \u00e9poca de reclusi\u00f3n y comodidad los elev\u00f3 a la cima. Adem\u00e1s, tienen el poder de transmitir juventud a quien los usa, afirma la experta en imagen M\u00f3nica Bravo.<\/p>\n\n\n\n<p>En los a\u00f1os 90, las mujeres de Nueva York llevaban sus tenis en la bolsa para cambiarse cuando salieran de la oficina, pero hoy ya son adoptados casi en todos los lugares como un ejemplo de ese aire de libertad.<\/p>\n\n\n\n<p>La moda contempor\u00e1nea se combina con la tecnolog\u00eda para lograr dise\u00f1os que adem\u00e1s de ser bonitos, pesen menos, lleven bolsas de aire para pisar m\u00e1s a gusto y todos esos avances que antes s\u00f3lo disfrutaban los atletas, expresa Bravo, quien agrega que hay que tener cuando menos un par blanco y otro m\u00e1s de moda, en colores m\u00e1s vivos y algunos adornos llamativos porque los sneakers son bienvenidos hasta en la oficina.<\/p>\n\n\n\n<p>Entre los dise\u00f1os m\u00e1s buscados est\u00e1n lo que tienen grandes plataformas y han aparecido en las pasarelas de Fendi y Chlo\u00e9. Tambi\u00e9n se imponen los ideales para caminar, como los que ha sacado Skechers, que cuentan con una burbuja de aire en el tal\u00f3n, haciendo que el paseo sea m\u00e1s agradable.<\/p>\n\n\n\n<p>Tambi\u00e9n destaca como tendencia los tenis \u2018chunky\u2019 o voluminosos como los de JW Anderson, Balenciaga, Givenchy y Philipp Plein.<\/p>\n\n\n\n<p>Otros para tener en cuenta, y que se inspiran en los dise\u00f1os cl\u00e1sicos de Converse, son los tenis tipo bot\u00edn, que pueden encontrarse en firmas como Armani, Dolce &amp; Gabbana y Valentino.<\/p>\n\n\n\n<p>Respecto a los colores, parece ser que no hay l\u00edmite posible porque este calzado se pinta de tonos infinitos e intensos. Hoy se llevan de todos los colores, como el arco\u00edris, ya que hay obviamente los blancos o neutros llegando hasta los fosforescentes y con tonos ne\u00f3n pasando por los tonos pastel.<\/p>\n\n\n\n<p>Baste mencionar que en M\u00e9xico un partido pol\u00edtico, Movimiento Ciudadano, ha hecho famoso su color distintivo a trav\u00e9s de tenis color naranja que le llaman \u2018fosfo-fosfo\u2019 y que utiliza el candidato presidencial y los directivos partidistas, as\u00ed como sus seguidores.<\/p>\n\n\n\n<p>Todo depende de la ocasi\u00f3n y el estilo de vida de cada persona y lo que es importante mencionar es que ya no hay l\u00edmite de edad, porque hoy los sneakers son utilizados por todos, comenta la experta, quien aporta los siguientes consejos:<\/p>\n\n\n\n<p>-Para el trabajo, funcionan los modelos blancos o en tonos neutros y serios.<\/p>\n\n\n\n<p>-Para el fin de semana, nada como los dise\u00f1os coloridos, imaginativos y adornados con mucha fantas\u00eda.<\/p>\n\n\n\n<p>-Para un coctel, dec\u00eddase por un dise\u00f1o en piel en blanco o negro.<\/p>\n\n\n\n<p>-Para una reuni\u00f3n con amigas, un dise\u00f1o femenino en colores vivos y sus toques de flores ser\u00e1 ideal.<\/p>\n\n\n\n<p>As\u00ed est\u00e1 el mundo cambiante de hoy, en el a\u00f1o 2024.<\/p>\n\n\n\n<p>En fin, como escribi\u00f3 Nicanor Parra (Chile, 1914-2018), en su poema Cambios de Nombre:<\/p>\n\n\n\n<p>A los amantes de las bellas letras<\/p>\n\n\n\n<p>hago llegar mis mejores deseos,<\/p>\n\n\n\n<p>voy a cambiar de nombre a algunas cosas.<\/p>\n\n\n\n<p>Mi posici\u00f3n es \u00e9sta:<\/p>\n\n\n\n<p>el poeta no cumple su palabra<\/p>\n\n\n\n<p>si no cambia los nombres de las cosas.<\/p>\n\n\n\n<p>\u00bfMis zapatos parecen ata\u00fades?<\/p>\n\n\n\n<p>sepan que desde hoy en adelante<\/p>\n\n\n\n<p>los zapatos se llaman ata\u00fades.<\/p>\n\n\n\n<p>Comun\u00edquese, an\u00f3tese y publ\u00edquese<\/p>\n\n\n\n<p>que los zapatos han cambiado de nombre:<\/p>\n\n\n\n<p>desde ahora se llaman ata\u00fades.<\/p>\n\n\n\n<p>raultorress@hotmail.com<\/p>\n","protected":false},"excerpt":{"rendered":"<p>*En la pandemia desapareci\u00f3 la corbata; ahora fue el calzado formal Por Ra\u00fal Torres Salmer\u00f3n Despu\u00e9s de los a\u00f1os de [&hellip;]<\/p>\n","protected":false},"author":1,"featured_media":73958,"comment_status":"open","ping_status":"open","sticky":false,"template":"","format":"standard","meta":{"site-sidebar-layout":"default","site-content-layout":"","ast-site-content-layout":"default","site-content-style":"default","site-sidebar-style":"default","ast-global-header-display":"","ast-banner-title-visibility":"","ast-main-header-display":"","ast-hfb-above-header-display":"","ast-hfb-below-header-display":"","ast-hfb-mobile-header-display":"","site-post-title":"","ast-breadcrumbs-content":"","ast-featured-img":"","footer-sml-layout":"","theme-transparent-header-meta":"","adv-header-id-meta":"","stick-header-meta":"","header-above-stick-meta":"","header-main-stick-meta":"","header-below-stick-meta":"","astra-migrate-meta-layouts":"default","ast-page-background-enabled":"default","ast-page-background-meta":{"desktop":{"background-color":"var(--ast-global-color-4)","background-image":"","background-repeat":"repeat","background-position":"center center","background-size":"auto","background-attachment":"scroll","background-type":"","background-media":"","overlay-type":"","overlay-color":"","overlay-opacity":"","overlay-gradient":""},"tablet":{"background-color":"","background-image":"","background-repeat":"repeat","background-position":"center center","background-size":"auto","background-attachment":"scroll","background-type":"","background-media":"","overlay-type":"","overlay-color":"","overlay-opacity":"","overlay-gradient":""},"mobile":{"background-color":"","background-image":"","background-repeat":"repeat","background-position":"center center","background-size":"auto","background-attachment":"scroll","background-type":"","background-media":"","overlay-type":"","overlay-color":"","overlay-opacity":"","overlay-gradient":""}},"ast-content-background-meta":{"desktop":{"background-color":"var(--ast-global-color-5)","background-image":"","background-repeat":"repeat","background-position":"center center","background-size":"auto","background-attachment":"scroll","background-type":"","background-media":"","overlay-type":"","overlay-color":"","overlay-opacity":"","overlay-gradient":""},"tablet":{"background-color":"var(--ast-global-color-5)","background-image":"","background-repeat":"repeat","background-position":"center center","background-size":"auto","background-attachment":"scroll","background-type":"","background-media":"","overlay-type":"","overlay-color":"","overlay-opacity":"","overlay-gradient":""},"mobile":{"background-color":"var(--ast-global-color-5)","background-image":"","background-repeat":"repeat","background-position":"center center","background-size":"auto","background-attachment":"scroll","background-type":"","background-media":"","overlay-type":"","overlay-color":"","overlay-opacity":"","overlay-gradient":""}},"footnotes":""},"categories":[8,19],"tags":[13246,24858,24857],"class_list":["post-73955","post","type-post","status-publish","format-standard","has-post-thumbnail","hentry","category-noticias","category-sin-limites-2","tag-tenis","tag-zapatillas-deportivas","tag-zapatos-formales"],"_links":{"self":[{"href":"https:\/\/losperiodistas.com.mx\/portal\/wp-json\/wp\/v2\/posts\/73955","targetHints":{"allow":["GET"]}}],"collection":[{"href":"https:\/\/losperiodistas.com.mx\/portal\/wp-json\/wp\/v2\/posts"}],"about":[{"href":"https:\/\/losperiodistas.com.mx\/portal\/wp-json\/wp\/v2\/types\/post"}],"author":[{"embeddable":true,"href":"https:\/\/losperiodistas.com.mx\/portal\/wp-json\/wp\/v2\/users\/1"}],"replies":[{"embeddable":true,"href":"https:\/\/losperiodistas.com.mx\/portal\/wp-json\/wp\/v2\/comments?post=73955"}],"version-history":[{"count":1,"href":"https:\/\/losperiodistas.com.mx\/portal\/wp-json\/wp\/v2\/posts\/73955\/revisions"}],"predecessor-version":[{"id":73959,"href":"https:\/\/losperiodistas.com.mx\/portal\/wp-json\/wp\/v2\/posts\/73955\/revisions\/73959"}],"wp:featuredmedia":[{"embeddable":true,"href":"https:\/\/losperiodistas.com.mx\/portal\/wp-json\/wp\/v2\/media\/73958"}],"wp:attachment":[{"href":"https:\/\/losperiodistas.com.mx\/portal\/wp-json\/wp\/v2\/media?parent=73955"}],"wp:term":[{"taxonomy":"category","embeddable":true,"href":"https:\/\/losperiodistas.com.mx\/portal\/wp-json\/wp\/v2\/categories?post=73955"},{"taxonomy":"post_tag","embeddable":true,"href":"https:\/\/losperiodistas.com.mx\/portal\/wp-json\/wp\/v2\/tags?post=73955"}],"curies":[{"name":"wp","href":"https:\/\/api.w.org\/{rel}","templated":true}]}}