{"id":73921,"date":"2024-05-09T08:15:56","date_gmt":"2024-05-09T13:15:56","guid":{"rendered":"https:\/\/losperiodistas.com.mx\/portal\/?p=73921"},"modified":"2024-05-09T12:00:07","modified_gmt":"2024-05-09T17:00:07","slug":"solo-el-4-de-los-delitos-sexuales-en-el-ejercito-terminan-en-sentencia-la-caderade-eva","status":"publish","type":"post","link":"https:\/\/losperiodistas.com.mx\/portal\/solo-el-4-de-los-delitos-sexuales-en-el-ejercito-terminan-en-sentencia-la-caderade-eva\/","title":{"rendered":"Solo el 4% de los delitos sexuales en el Ej\u00e9rcito terminan en sentencia | La Cadera de Eva"},"content":{"rendered":"\n<h2 class=\"has-background wp-block-heading\" style=\"background-color:#a35de4\">La Fiscal\u00eda de Justicia Militar tiene el registro de 363 denuncias formales por acoso, abuso y hostigamiento sexual, desde el a\u00f1o 2012 hasta abril de este a\u00f1o; solo 17 han terminado en sentencia<\/h2>\n\n\n\n<p><img fetchpriority=\"high\" decoding=\"async\" width=\"850\" height=\"450\" alt=\"Solo el 4% de los delitos sexuales en el Ej\u00e9rcito terminan en sentencia\" src=\"https:\/\/blob.lacaderadeeva.com\/images\/2024\/05\/08\/portada-ok-focus-0-0-850-450.jpg\"><\/p>\n\n\n\n<p>Foto original: Cuartoscuro<\/p>\n\n\n\n<p><\/p>\n\n\n\n<p class=\"has-vivid-red-color has-text-color has-medium-font-size\"><strong><a href=\"https:\/\/lacaderadeeva.com\/autor\/scarlett-lindero-cortes\/4870\">Scarlett Lindero Cort\u00e9s<\/a> \/ La Cadera de Eva<\/strong> \/ <strong>La Silla Rota<\/strong><a href=\"https:\/\/t.me\/share\/url?url=https:\/\/lacaderadeeva.com\/investigaciones\/el-4-de-los-delitos-sexuales-en-el-ejercito-terminan-en-sentencia\/9984&amp;text=Solo%20el%204%%20de%20los%20delitos%20sexuales%20en%20el%20Ej%C3%A9rcito%20terminan%20en%20sentencia\" target=\"_blank\" rel=\"noreferrer noopener\"><\/a><\/p>\n\n\n\n<p>Primero se acerc\u00f3 a ella para decirle que \u00e9l \u201csab\u00eda muchas cosas sexuales\u201d y que pod\u00eda ense\u00f1arla a \u201cser mujer\u201d. Despu\u00e9s le jal\u00f3 su mano a la fuerza y le quit\u00f3 su guante. Puso los dedos de ella en su boca \u201creflejando una cara que me asust\u00f3 mucho (&#8230;) yo forcejee y me jal\u00e9 evitando esa acci\u00f3n que me daba repulsi\u00f3n\u201d, narra en su denuncia una soldado de la Polic\u00eda Militar de la Coordinaci\u00f3n Regional 1 en Zacatl\u00e1n, Puebla.<\/p>\n\n\n\n<p>\u201cAl hacer esa acci\u00f3n me jal\u00f3 de mi chaleco y al instante me jal\u00f3 la coipa y empez\u00f3 a lamer y besar mi cuello en contra de mi voluntad, en esa misma acci\u00f3n inici\u00f3 a tocarme la parte trasera\u201d, dice la soldado. La denuncia se present\u00f3 en 2020 en la Oficina de Atenci\u00f3n y Prevenci\u00f3n del Hostigamiento y Acoso Sexual de la Secretar\u00eda de la Defensa Nacional (<strong>Sedena<\/strong>), en contra el Teniente Coronel de la Polic\u00eda Militar de esa Coordinaci\u00f3n Regional.<\/p>\n\n\n\n<p>El documento forma parte de los archivos internos del&nbsp;<strong>Ej\u00e9rcito<\/strong>&nbsp;hackeados por el grupo de activistas Guacamaya Leaks, consultados por&nbsp;<strong>La Cadera de Eva<\/strong>. En la denuncia, la soldado detalla que despu\u00e9s de tocarla sin su consentimiento, el Teniente Coronel sigui\u00f3 haci\u00e9ndole insinuaciones sexuales y pregunt\u00e1ndole c\u00f3mo \u201cle gustaba tener relaciones, si suave o duro\u201d.&nbsp;<\/p>\n\n\n\n<p>Finalmente ella decidi\u00f3 denunciarlo porque al paso de los d\u00edas se sinti\u00f3 intimidada por \u00e9l. La militar incluso narra que el Teniente Coronel le ofreci\u00f3 dinero para que no siguiera con su denuncia.<\/p>\n\n\n\n<figure class=\"wp-block-image\"><img decoding=\"async\" src=\"https:\/\/blob.lacaderadeeva.com\/images\/2024\/05\/08\/captura-de-pantalla-2024-05-08-a-la-s-6.54.41.png\" alt=\"Imagen\"\/><\/figure>\n\n\n\n<p><em>Extracto de la denuncia interpuesta ante la&nbsp;<strong>Sedena<\/strong>.<\/em><\/p>\n\n\n\n<p>Como la de la soldado en Puebla, hay cientos de denuncias internas en el&nbsp;<strong>Ej\u00e9rcito<\/strong>&nbsp;que revelan los casos de abuso sexual de la que son v\u00edctimas \u2014principalmente las mujeres militares\u2014 por parte de sus compa\u00f1eros hombres.&nbsp;<\/p>\n\n\n\n<p>En total,&nbsp;<strong>la Fiscal\u00eda de Justicia Militar de la&nbsp;Sedena&nbsp;tiene el registro de 363 denuncias formales por acoso, abuso y hostigamiento sexual, desde el a\u00f1o 2012 hasta abril de este a\u00f1o, de las cuales solo 17 han terminado en una sentencia condenatoria,<\/strong>&nbsp;es decir apenas el 4%, seg\u00fan respondi\u00f3 esta dependencia a La Cadera de Eva, v\u00eda transparencia.<\/p>\n\n\n\n<p>Aunque estas cifras podr\u00edan ser mayores, pues de acuerdo con la investigadora&nbsp;<strong>Paloma Mendoza Cort\u00e9s<\/strong>, del Centro de Estudios sobre Seguridad, Inteligencia y Gobernanza (CESIG-ITAM), no todas las militares no denuncian por \u00abtemor por las consecuencias.&nbsp;Si bien no existen estad\u00edsticas oficiales concretas que nos permitan dar un seguimiento puntual a la efectividad de implementaci\u00f3n de pol\u00edticas de g\u00e9nero, tambi\u00e9n podemos considerar para nuestro an\u00e1lisis los casos de denuncias p\u00fablicas sobre casos de hostigamiento sexual y acoso. Aunque natural este tipo de denuncias que se filtran a los medios, no son reconocidas por la&nbsp;<strong>Sedena<\/strong>&nbsp;por tratarse de desertoras y se recurre a esta etiqueta para considerarlo como propaganda negativa y no hacer algo al respecto\u00bb, dice en entrevista con La Cadera de Eva.<\/p>\n\n\n\n<p>Adem\u00e1s, \u00abde la falta de vigilancia y evaluaci\u00f3n de las pol\u00edticas de g\u00e9nero,&nbsp;<strong>podemos considerar la falta de castigos ejemplares a los victimarios, los cuales en la mayor\u00eda de los casos s\u00f3lo se limita a una amonestaci\u00f3n al victimario<\/strong>&nbsp;y, en el caso de la v\u00edctima, a la marginaci\u00f3n laboral, cambio de plaza o baja, lo cual resulta en una revictimizaci\u00f3n frente al triunfo y reafirmaci\u00f3n de la cultura machista militar\u00bb, explica Mendoza Cort\u00e9s.<\/p>\n\n\n\n<figure class=\"wp-block-image\"><img decoding=\"async\" src=\"https:\/\/blob.lacaderadeeva.com\/images\/2024\/05\/08\/tabla-ejercito-ok_1.jpeg\" alt=\"Imagen\"\/><\/figure>\n\n\n\n<figure class=\"wp-block-image\"><img decoding=\"async\" src=\"https:\/\/blob.lacaderadeeva.com\/images\/2024\/05\/08\/captura-de-pantalla-2024-05-08-a-la-s-10.46.30.png\" alt=\"Imagen\"\/><\/figure>\n\n\n\n<p>La Oficina de Atenci\u00f3n y Prevenci\u00f3n del Hostigamiento y Acoso Sexual se cre\u00f3 en agosto de 2013, con la intenci\u00f3n de contar con una instancia especializada para la atenci\u00f3n de las v\u00edctimas de hostigamiento sexual y acoso sexual al interior del&nbsp;<strong>Ej\u00e9rcito<\/strong>.<\/p>\n\n\n\n<p>Tres a\u00f1os despu\u00e9s de la inauguraci\u00f3n de esta oficina, la Comisi\u00f3n Nacional de Derechos Humanos (CNDH) emiti\u00f3 la recomendaci\u00f3n<a href=\"https:\/\/www.cndh.org.mx\/sites\/all\/doc\/Recomendaciones\/2016\/Rec_2016_029.pdf\" target=\"_blank\" rel=\"noreferrer noopener\">&nbsp;No.19\/2016&nbsp;<\/a>en donde relat\u00f3 que dos militares violaron sexualmente a una mujer civil dentro de las instalaciones de un cuartel militar en Nuevo Laredo, Tamaulipas.<\/p>\n\n\n\n<p>El organismo document\u00f3 en aquel momento que aunque hubo evidencias para acreditar su culpabilidad as\u00ed como informes m\u00e9dicos que atendieron a la v\u00edctima, la justicia militar decidi\u00f3 iniciar el proceso por \u201cdesobediencia\u201d de uno de ellos, porque \u201cno se encontraban en funciones\u201d al momento de cometer estos actos y continuaron en la dependencia.&nbsp;<\/p>\n\n\n\n<p>As\u00ed, los actos de abuso sexual cometidos por integrantes del&nbsp;<strong>Ej\u00e9rcito<\/strong>&nbsp;no solo est\u00e1n presentes al interior de esta corporaci\u00f3n. Un informe de la&nbsp;<a href=\"https:\/\/archivos.juridicas.unam.mx\/www\/bjv\/libros\/15\/7157\/2.pdf\" target=\"_blank\" rel=\"noreferrer noopener\">UNAM&nbsp;<\/a>sobre de las violencias perpetradas por las&nbsp;<strong>fuerzas armadas<\/strong>&nbsp;contra las mujeres, a partir de datos de la Encuesta Nacional sobre la Din\u00e1mica de las Relaciones en los Hogares 2021,&nbsp;revel\u00f3 que m\u00e1s de 68 mil mujeres sufrieron violencia en su comunidad por parte de militares o marinos.&nbsp;Entre las agresiones m\u00e1s comunes est\u00e1n: piropos ofensivos, 38.2%; miedo a ser atacada sexualmente, 10.1%; ataques con armas blancas o de fuego, 3.3%; intentos de violaci\u00f3n 1.1% y 0.2%.<\/p>\n\n\n\n<h4 class=\"wp-block-heading\">TE PODR\u00cdA INTERESAR<\/h4>\n\n\n\n<p class=\"has-cyan-bluish-gray-background-color has-background\"><a href=\"https:\/\/lacaderadeeva.com\/entrevistas\/que-implicaciones-tiene-que-una-mujer-este-al-frente-de-sedena\/9568\">ENTREVISTASUna mujer al frente de&nbsp;<strong>SEDENA<\/strong>, \u00bfqu\u00e9 implicaciones tienePor Sandra Rojas<\/a><\/p>\n\n\n\n<p><strong>Temen por represalias<\/strong><\/p>\n\n\n\n<p>Otra de las denuncias que forman parte de los archivos internos del&nbsp;<strong>Ej\u00e9rcito<\/strong>&nbsp;es la que present\u00f3 en 2022 una subteniente contra el mayor de Artiller\u00eda Diplomado de Estado Mayor, quien tambi\u00e9n es Jefe de la Segunda Secci\u00f3n de la Zona Militar n\u00famero 17.&nbsp;<\/p>\n\n\n\n<p>La militar narra que varias veces la invit\u00f3 a salir a lo que ella se neg\u00f3. Adem\u00e1s, cuenta en su denuncia, \u201clleg\u00f3 a tocarme brevemente los hombros, simulando un &#8216;masaje&#8217; o incluso en una ocasi\u00f3n me toc\u00f3 la cintura (&#8230;) al ver que no funcionaban sus intentos por tener un acercamiento conmigo, dej\u00f3 de hacerlo y&nbsp; su actitud se torn\u00f3 diferente\u201d.<\/p>\n\n\n\n<p>\u201cDerivado de esa situaci\u00f3n, empez\u00f3 a tomar una actitud agresiva y hostil conmigo, lastimando mi dignidad, intentando provocar que de alguna manera infringiera la disciplina militar, empez\u00f3 a darme trabajo que le correspond\u00eda realizar a la Secci\u00f3n Segunda, vigilar mis horarios (cuando con nadie m\u00e1s lo hac\u00eda, ni siquiera con el personal directamente a bajo su mando)\u201d.<\/p>\n\n\n\n<p>La subteniente explica que tambi\u00e9n denunci\u00f3 este caso con el subjefe del Estado Mayor de esta zona militar, sin embargo, no obtuvo respuesta ni apoyo de su parte, pues \u00e9ste solo se limit\u00f3 a decirle que arreglaran sus problemas entre ambos. En el documento tambi\u00e9n se\u00f1ala otros casos de abuso por parte de Luna Rivera \u201cen contra de diverso&nbsp; personal femenino, nombres que omito manifestar para evitar se tenga alg\u00fan tipo de represalias en su contra\u201d, se lee en el texto.<img decoding=\"async\" alt=\"Foto: Cuartoscuro\" src=\"https:\/\/blob.lacaderadeeva.com\/images\/2024\/05\/08\/portada-2.jpeg\"><em>Foto: Cuartoscuro<\/em><\/p>\n\n\n\n<p>Un caso m\u00e1s presentado en la Oficina de Atenci\u00f3n y Prevenci\u00f3n del Hostigamiento y Acoso Sexual es el de una soldado de Transmisiones en 2022. El caso ocurri\u00f3 en las instalaciones del batall\u00f3n del Campo Militar N. 1-H Los Leones Tacuba en la Ciudad de M\u00e9xico, donde se encuentra la Escuela Militar de Transmisiones.<\/p>\n\n\n\n<p>La militar explic\u00f3 que mientras estaba en sus labores como archivista de esta escuela, sus superiores la llamaron y cuando acudi\u00f3 con ellos a su oficina se dio cuenta que estaban tomando bebidas alcoh\u00f3licas en horario de servicio: \u201cMe orden\u00f3 que me sentar\u00e1 en un sill\u00f3n que se encuentra en el interior de la oficina, procediendo a sentarme en espera de que se me comunicara alguna orden, fue entonces que se acerc\u00f3 a m\u00ed el Myr, Poblano y destapo una cerveza, la cual me entreg\u00f3 en mi mano dici\u00e9ndome \u201ct\u00f3matela\u2026\u201d. Cuando recib\u00ed la cerveza, proced\u00ed a colocarla en el piso (sin haber bebido de ella) al mismo tiempo que le dije \u201cya me voy, es que tengo mucho trabajo\u2026\u201d,&nbsp;se\u00f1ala.<\/p>\n\n\n\n<p>La subteniente tambi\u00e9n cuenta que despu\u00e9s de que se negara a tomar la cerveza que le ofrecieron, uno de sus superiores sali\u00f3 de la oficina y la dej\u00f3 sola con el otro Mayor. \u201cUna vez que el Myr. Reyes sali\u00f3 de la oficina, el Myr. Poblano se acerc\u00f3 a m\u00ed y empez\u00f3 a abrazarme e intent\u00f3 besarme, yo me levant\u00e9 del sill\u00f3n para retirarme y fue entonces que el Myr. Poblano me avent\u00f3 contra el sill\u00f3n y quedando frente de m\u00ed se desaboton\u00f3 el pantal\u00f3n para baj\u00e1rselo y se sac\u00f3 los genitales dici\u00e9ndome&nbsp; al mismo tiempo &#8216;hazme sexo oral&#8217;&#8230;. a la par de que me tomo de la cabeza para ac\u00e9rcame a sus genitales, yo realic\u00e9 movimientos con la cabeza para esquivar el acercamiento, intentando nuevamente levantarme del sill\u00f3n para salirme de su oficina\u201d.<\/p>\n\n\n\n<p>A pesar de que denunci\u00f3 este hecho con otros de sus superiores, estos no hicieron nada, tambi\u00e9n solo se limitaron a decir que tuvieran \u201ccuidado\u201d y le pidieron a la soldado que se \u201crelajara\u201d.&nbsp;<\/p>\n\n\n\n<h4 class=\"has-cyan-bluish-gray-background-color has-background wp-block-heading\">TE PODR\u00cdA INTERESAR <a href=\"https:\/\/lacaderadeeva.com\/actualidad\/militarizacion-y-criminalizacion-como-afectara-al-feminismo-esto-dicen-expertas\/6114\">ACTUALIDADMilitarizaci\u00f3n y criminalizaci\u00f3n: \u00bfc\u00f3mo afectar\u00e1 al feminismo? Esto dicen expertas Por Diana Ju\u00e1rez<\/a><\/h4>\n\n\n\n<p><strong>Documentan tambi\u00e9n violencia sexual digital<\/strong><\/p>\n\n\n\n<p>En octubre de 2016, una teniente de enfermer\u00eda denunci\u00f3 al Capit\u00e1n Segundo de Sanidad del Hospital Militar Regional de Torre\u00f3n, quien tambi\u00e9n es el padre de su hija, por haber difundido fotograf\u00edas \u00edntimas sin su consentimiento en un perfil de Facebook.<\/p>\n\n\n\n<figure class=\"wp-block-image\"><img decoding=\"async\" src=\"https:\/\/blob.lacaderadeeva.com\/images\/2024\/05\/08\/captura-de-pantalla-2024-05-08-a-la-s-15.55.52.png\" alt=\"Imagen\"\/><\/figure>\n\n\n\n<p>La denunciante narra que envi\u00f3 las evidencias al Ministerio P\u00fablico as\u00ed como algunas conversaciones donde la ofende. \u201cMe siento como si no tuviera ganas de asistir a ning\u00fan lado por la pena de que alguien me reconozca en las fotos, que mi integridad y la de mi hija est\u00e1n en riesgo m\u00e1s a\u00fan por las cosas que est\u00e1n sucediendo (&#8230;) estoy preocupada por mi seguridad\u201d, relat\u00f3 la v\u00edctima.<\/p>\n\n\n\n<p>Actualmente se desconoce cu\u00e1les fueron las sanciones impuestas en los casos a los que La Cadera de Eva tuvo acceso en los archivos hackeados por el colectivo Guacamaya Leaks.<\/p>\n\n\n\n<p>Fuente: <a href=\"https:\/\/lacaderadeeva.com\/investigaciones\/el-4-de-los-delitos-sexuales-en-el-ejercito-terminan-en-sentencia\/9984\">https:\/\/lacaderadeeva.com\/investigaciones\/el-4-de-los-delitos-sexuales-en-el-ejercito-terminan-en-sentencia\/9984<\/a><\/p>\n","protected":false},"excerpt":{"rendered":"<p>La Fiscal\u00eda de Justicia Militar tiene el registro de 363 denuncias formales por acoso, abuso y hostigamiento sexual, desde el [&hellip;]<\/p>\n","protected":false},"author":1,"featured_media":73922,"comment_status":"open","ping_status":"open","sticky":false,"template":"","format":"standard","meta":{"site-sidebar-layout":"default","site-content-layout":"","ast-site-content-layout":"default","site-content-style":"default","site-sidebar-style":"default","ast-global-header-display":"","ast-banner-title-visibility":"","ast-main-header-display":"","ast-hfb-above-header-display":"","ast-hfb-below-header-display":"","ast-hfb-mobile-header-display":"","site-post-title":"","ast-breadcrumbs-content":"","ast-featured-img":"","footer-sml-layout":"","theme-transparent-header-meta":"","adv-header-id-meta":"","stick-header-meta":"","header-above-stick-meta":"","header-main-stick-meta":"","header-below-stick-meta":"","astra-migrate-meta-layouts":"default","ast-page-background-enabled":"default","ast-page-background-meta":{"desktop":{"background-color":"var(--ast-global-color-4)","background-image":"","background-repeat":"repeat","background-position":"center center","background-size":"auto","background-attachment":"scroll","background-type":"","background-media":"","overlay-type":"","overlay-color":"","overlay-opacity":"","overlay-gradient":""},"tablet":{"background-color":"","background-image":"","background-repeat":"repeat","background-position":"center center","background-size":"auto","background-attachment":"scroll","background-type":"","background-media":"","overlay-type":"","overlay-color":"","overlay-opacity":"","overlay-gradient":""},"mobile":{"background-color":"","background-image":"","background-repeat":"repeat","background-position":"center center","background-size":"auto","background-attachment":"scroll","background-type":"","background-media":"","overlay-type":"","overlay-color":"","overlay-opacity":"","overlay-gradient":""}},"ast-content-background-meta":{"desktop":{"background-color":"var(--ast-global-color-5)","background-image":"","background-repeat":"repeat","background-position":"center center","background-size":"auto","background-attachment":"scroll","background-type":"","background-media":"","overlay-type":"","overlay-color":"","overlay-opacity":"","overlay-gradient":""},"tablet":{"background-color":"var(--ast-global-color-5)","background-image":"","background-repeat":"repeat","background-position":"center center","background-size":"auto","background-attachment":"scroll","background-type":"","background-media":"","overlay-type":"","overlay-color":"","overlay-opacity":"","overlay-gradient":""},"mobile":{"background-color":"var(--ast-global-color-5)","background-image":"","background-repeat":"repeat","background-position":"center center","background-size":"auto","background-attachment":"scroll","background-type":"","background-media":"","overlay-type":"","overlay-color":"","overlay-opacity":"","overlay-gradient":""}},"footnotes":""},"categories":[8],"tags":[15545,24637,3262],"class_list":["post-73921","post","type-post","status-publish","format-standard","has-post-thumbnail","hentry","category-noticias","tag-delitos-sexuales","tag-la-cadera-de-eva","tag-sedena"],"_links":{"self":[{"href":"https:\/\/losperiodistas.com.mx\/portal\/wp-json\/wp\/v2\/posts\/73921","targetHints":{"allow":["GET"]}}],"collection":[{"href":"https:\/\/losperiodistas.com.mx\/portal\/wp-json\/wp\/v2\/posts"}],"about":[{"href":"https:\/\/losperiodistas.com.mx\/portal\/wp-json\/wp\/v2\/types\/post"}],"author":[{"embeddable":true,"href":"https:\/\/losperiodistas.com.mx\/portal\/wp-json\/wp\/v2\/users\/1"}],"replies":[{"embeddable":true,"href":"https:\/\/losperiodistas.com.mx\/portal\/wp-json\/wp\/v2\/comments?post=73921"}],"version-history":[{"count":2,"href":"https:\/\/losperiodistas.com.mx\/portal\/wp-json\/wp\/v2\/posts\/73921\/revisions"}],"predecessor-version":[{"id":73935,"href":"https:\/\/losperiodistas.com.mx\/portal\/wp-json\/wp\/v2\/posts\/73921\/revisions\/73935"}],"wp:featuredmedia":[{"embeddable":true,"href":"https:\/\/losperiodistas.com.mx\/portal\/wp-json\/wp\/v2\/media\/73922"}],"wp:attachment":[{"href":"https:\/\/losperiodistas.com.mx\/portal\/wp-json\/wp\/v2\/media?parent=73921"}],"wp:term":[{"taxonomy":"category","embeddable":true,"href":"https:\/\/losperiodistas.com.mx\/portal\/wp-json\/wp\/v2\/categories?post=73921"},{"taxonomy":"post_tag","embeddable":true,"href":"https:\/\/losperiodistas.com.mx\/portal\/wp-json\/wp\/v2\/tags?post=73921"}],"curies":[{"name":"wp","href":"https:\/\/api.w.org\/{rel}","templated":true}]}}