{"id":73918,"date":"2024-05-09T07:58:46","date_gmt":"2024-05-09T12:58:46","guid":{"rendered":"https:\/\/losperiodistas.com.mx\/portal\/?p=73918"},"modified":"2024-05-09T07:58:48","modified_gmt":"2024-05-09T12:58:48","slug":"ramon-fonseca-cofundador-del-bufete-de-abogados-papeles-de-panama-muere-en-el-hospital-dice-abogado-reuters","status":"publish","type":"post","link":"https:\/\/losperiodistas.com.mx\/portal\/ramon-fonseca-cofundador-del-bufete-de-abogados-papeles-de-panama-muere-en-el-hospital-dice-abogado-reuters\/","title":{"rendered":"Ram\u00f3n Fonseca, cofundador del bufete de abogados Papeles de Panam\u00e1, muere en el hospital, dice abogado | Reuters"},"content":{"rendered":"\n<p><\/p>\n\n\n\n<figure class=\"wp-block-image\"><a href=\"https:\/\/www.reutersagency.com\/en\/licensereuterscontent\/?utm_medium=rcom-article-media&amp;utm_campaign=rcom-rcp-lead\" target=\"_blank\" rel=\"noreferrer noopener\"><img decoding=\"async\" src=\"https:\/\/cloudfront-us-east-2.images.arcpublishing.com\/reuters\/I3FPQMCOCZPNLEDZQA3Z2BGX3U.jpg\" alt=\"Ram\u00f3n Fonseca, socio fundador del despacho de abogados Mossack Fonseca, habla durante una entrevista con Reuters en su oficina de Ciudad de Panam\u00e1\"\/><\/a><figcaption>REUTERS\/Carlos Jasso\/Foto de archivo\u00a0<\/figcaption><\/figure>\n\n\n\n<p><\/p>\n\n\n\n<p class=\"has-vivid-red-color has-text-color has-medium-font-size\"><strong>REUTERS<\/strong> <\/p>\n\n\n\n<p>CIUDAD DE PANAM\u00c1, 9 mayo (Reuters) &#8211; Ram\u00f3n Fonseca, cofundador del ahora desaparecido bufete de abogados vinculado al esc\u00e1ndalo de los Papeles de Panam\u00e1, muri\u00f3 durante la noche, dijo su abogado a Reuters el jueves por la ma\u00f1ana.<a href=\"https:\/\/www.reuters.com\/newsletters\/daily-briefing\/\"><\/a><\/p>\n\n\n\n<p>Reporte de Elida Moreno; Edici\u00f3n de Christina Fincher.<\/p>\n\n\n\n<p>Fuente: <a href=\"https:\/\/www.reuters.com\/world\/americas\/panama-papers-law-firm-co-founder-ramon-fonseca-dies-hospital-lawyer-says-2024-05-09\/\">https:\/\/www.reuters.com\/world\/americas\/panama-papers-law-firm-co-founder-ramon-fonseca-dies-hospital-lawyer-says-2024-05-09\/<\/a><\/p>\n","protected":false},"excerpt":{"rendered":"<p>REUTERS CIUDAD DE PANAM\u00c1, 9 mayo (Reuters) &#8211; Ram\u00f3n Fonseca, cofundador del ahora desaparecido bufete de abogados vinculado al esc\u00e1ndalo [&hellip;]<\/p>\n","protected":false},"author":1,"featured_media":73919,"comment_status":"open","ping_status":"open","sticky":false,"template":"","format":"standard","meta":{"site-sidebar-layout":"default","site-content-layout":"","ast-site-content-layout":"default","site-content-style":"default","site-sidebar-style":"default","ast-global-header-display":"","ast-banner-title-visibility":"","ast-main-header-display":"","ast-hfb-above-header-display":"","ast-hfb-below-header-display":"","ast-hfb-mobile-header-display":"","site-post-title":"","ast-breadcrumbs-content":"","ast-featured-img":"","footer-sml-layout":"","theme-transparent-header-meta":"","adv-header-id-meta":"","stick-header-meta":"","header-above-stick-meta":"","header-main-stick-meta":"","header-below-stick-meta":"","astra-migrate-meta-layouts":"default","ast-page-background-enabled":"default","ast-page-background-meta":{"desktop":{"background-color":"var(--ast-global-color-4)","background-image":"","background-repeat":"repeat","background-position":"center center","background-size":"auto","background-attachment":"scroll","background-type":"","background-media":"","overlay-type":"","overlay-color":"","overlay-opacity":"","overlay-gradient":""},"tablet":{"background-color":"","background-image":"","background-repeat":"repeat","background-position":"center center","background-size":"auto","background-attachment":"scroll","background-type":"","background-media":"","overlay-type":"","overlay-color":"","overlay-opacity":"","overlay-gradient":""},"mobile":{"background-color":"","background-image":"","background-repeat":"repeat","background-position":"center center","background-size":"auto","background-attachment":"scroll","background-type":"","background-media":"","overlay-type":"","overlay-color":"","overlay-opacity":"","overlay-gradient":""}},"ast-content-background-meta":{"desktop":{"background-color":"var(--ast-global-color-5)","background-image":"","background-repeat":"repeat","background-position":"center center","background-size":"auto","background-attachment":"scroll","background-type":"","background-media":"","overlay-type":"","overlay-color":"","overlay-opacity":"","overlay-gradient":""},"tablet":{"background-color":"var(--ast-global-color-5)","background-image":"","background-repeat":"repeat","background-position":"center center","background-size":"auto","background-attachment":"scroll","background-type":"","background-media":"","overlay-type":"","overlay-color":"","overlay-opacity":"","overlay-gradient":""},"mobile":{"background-color":"var(--ast-global-color-5)","background-image":"","background-repeat":"repeat","background-position":"center center","background-size":"auto","background-attachment":"scroll","background-type":"","background-media":"","overlay-type":"","overlay-color":"","overlay-opacity":"","overlay-gradient":""}},"footnotes":""},"categories":[8],"tags":[24841,4434,24842],"class_list":["post-73918","post","type-post","status-publish","format-standard","has-post-thumbnail","hentry","category-noticias","tag-panama-papers","tag-papeles-de-panama","tag-ramon-fonseca"],"_links":{"self":[{"href":"https:\/\/losperiodistas.com.mx\/portal\/wp-json\/wp\/v2\/posts\/73918","targetHints":{"allow":["GET"]}}],"collection":[{"href":"https:\/\/losperiodistas.com.mx\/portal\/wp-json\/wp\/v2\/posts"}],"about":[{"href":"https:\/\/losperiodistas.com.mx\/portal\/wp-json\/wp\/v2\/types\/post"}],"author":[{"embeddable":true,"href":"https:\/\/losperiodistas.com.mx\/portal\/wp-json\/wp\/v2\/users\/1"}],"replies":[{"embeddable":true,"href":"https:\/\/losperiodistas.com.mx\/portal\/wp-json\/wp\/v2\/comments?post=73918"}],"version-history":[{"count":1,"href":"https:\/\/losperiodistas.com.mx\/portal\/wp-json\/wp\/v2\/posts\/73918\/revisions"}],"predecessor-version":[{"id":73920,"href":"https:\/\/losperiodistas.com.mx\/portal\/wp-json\/wp\/v2\/posts\/73918\/revisions\/73920"}],"wp:featuredmedia":[{"embeddable":true,"href":"https:\/\/losperiodistas.com.mx\/portal\/wp-json\/wp\/v2\/media\/73919"}],"wp:attachment":[{"href":"https:\/\/losperiodistas.com.mx\/portal\/wp-json\/wp\/v2\/media?parent=73918"}],"wp:term":[{"taxonomy":"category","embeddable":true,"href":"https:\/\/losperiodistas.com.mx\/portal\/wp-json\/wp\/v2\/categories?post=73918"},{"taxonomy":"post_tag","embeddable":true,"href":"https:\/\/losperiodistas.com.mx\/portal\/wp-json\/wp\/v2\/tags?post=73918"}],"curies":[{"name":"wp","href":"https:\/\/api.w.org\/{rel}","templated":true}]}}