{"id":73748,"date":"2024-05-07T06:28:24","date_gmt":"2024-05-07T11:28:24","guid":{"rendered":"https:\/\/losperiodistas.com.mx\/portal\/?p=73748"},"modified":"2024-05-07T06:28:26","modified_gmt":"2024-05-07T11:28:26","slug":"testimonio-de-vecina-de-eduardo-rivera-revela-que-tres-sujetos-iban-por-el-e-consulta","status":"publish","type":"post","link":"https:\/\/losperiodistas.com.mx\/portal\/testimonio-de-vecina-de-eduardo-rivera-revela-que-tres-sujetos-iban-por-el-e-consulta\/","title":{"rendered":"Testimonio de vecina de Eduardo Rivera revela que tres sujetos iban por \u00e9l | e-consulta"},"content":{"rendered":"\n<p class=\"has-medium-font-size\">Amarraron a la mujer y a su hija, mientras les exig\u00edan que dijeran \u00aba qu\u00e9 hora llegaba su marido\u00bb<\/p>\n\n\n\n<figure class=\"wp-block-image\"><img decoding=\"async\" src=\"https:\/\/www.e-consulta.com\/_next\/image?url=https%3A%2F%2Ffotos.e-consulta.com%2Ftestimonio_de_vecina_de_eduardo_rivera_revela_que_tres_sujetos_iban_por_el.jpg&amp;w=1920&amp;q=75\" alt=\"Testimonio de vecina de Eduardo Rivera revela que tres sujetos iban por \u00e9l\"\/><figcaption>Foo: e-consulta<\/figcaption><\/figure>\n\n\n\n<p class=\"has-vivid-red-color has-text-color has-medium-font-size\"><br><a href=\"https:\/\/www.facebook.com\/sharer\/sharer.php?u=https:\/\/www.e-consulta.com\/nota\/2024-05-06\/seguridad\/testimonio-de-vecina-de-eduardo-rivera-revela-que-tres-sujetos-iban-por-el\" target=\"_blank\" rel=\"noreferrer noopener\"><\/a><a href=\"https:\/\/twitter.com\/intent\/tweet?text=Testimonio%20de%20vecina%20de%20Eduardo%20Rivera%20revela%20que%20tres%20sujetos%20iban%20por%20%C3%A9l&amp;url=https:\/\/www.e-consulta.com\/nota\/2024-05-06\/seguridad\/testimonio-de-vecina-de-eduardo-rivera-revela-que-tres-sujetos-iban-por-el&amp;via=e_consulta\" target=\"_blank\" rel=\"noreferrer noopener\"><\/a><a href=\"whatsapp:\/\/send?text=Testimonio%20de%20vecina%20de%20Eduardo%20Rivera%20revela%20que%20tres%20sujetos%20iban%20por%20%C3%A9l%20-%20[Leer]%20https:\/\/www.e-consulta.com\/nota\/2024-05-06\/seguridad\/testimonio-de-vecina-de-eduardo-rivera-revela-que-tres-sujetos-iban-por-el\"><\/a><a href=\"\/\/www.e-consulta.com\/nota\/2024-05-06\/seguridad\/testimonio-de-vecina-de-eduardo-rivera-revela-que-tres-sujetos-iban-por-el\" target=\"_blank\" rel=\"noreferrer noopener\"><\/a><strong><a href=\"https:\/\/www.e-consulta.com\/autor\/Carlos%20Rocha\">CARLOS ROCHA<\/a> \/ e-consulta<\/strong><\/p>\n\n\n\n<p><\/p>\n\n\n\n<p>La declaraci\u00f3n de la&nbsp;<strong>vecina de Eduardo Rivera P\u00e9rez<\/strong>&nbsp;ante la&nbsp;<strong>Fiscal\u00eda General del Estado (FGE)&nbsp;<\/strong>da cuenta de que el objetivo del allanamiento al domicilio, en el&nbsp;<strong>fraccionamiento La Ca\u00f1ada<\/strong>, era asesinar al&nbsp;<strong>candidato a la gubernatura de Puebla<\/strong>.<\/p>\n\n\n\n<p>Se trat\u00f3 de tres hombres que por la noche del s\u00e1bado entraron a una casa; ten\u00edan pleno conocimiento de que en el&nbsp;<strong>domicilio estaba una mujer con sus hijos<\/strong>&nbsp;y que&nbsp;<a href=\"https:\/\/www.e-consulta.com\/nota\/2024-05-05\/elecciones\/eduardo-rivera-acusa-amenaza-de-muerte-en-su-contra-dijo-que-iban-por-el\" target=\"_blank\" rel=\"noreferrer noopener\">entrada la noche llegar\u00eda el candidato<\/a>, como todos los d\u00edas.<\/p>\n\n\n\n<p>Se trataba de&nbsp;<strong>sujetos extranjeros<\/strong>&nbsp;que&nbsp;<strong>buscaban a una mujer con dos j\u00f3venes<\/strong>&nbsp;y as\u00ed lo encontraron, pero confundieron la casa. De eso se dio cuenta la propietaria del lugar allanado y al mismo tiempo ello le dio seguridad de que&nbsp;<strong>vivir\u00eda para contarlo<\/strong>.<\/p>\n\n\n\n<h2 class=\"wp-block-heading\"><strong>Los responsables, tres sujetos con acento extranjero<\/strong><\/h2>\n\n\n\n<p>Te puede interesar:<\/p>\n\n\n\n<p><a href=\"https:\/\/www.e-consulta.com\/nota\/2024-05-05\/elecciones\/ataque-eduardo-rivera-vecinas-presentaron-golpes-en-rostro-cabeza-y\">Ataque Eduardo Rivera: vecinas presentaron golpes en rostro, cabeza y costillas<\/a><\/p>\n\n\n\n<p>De acuerdo con la&nbsp;<strong>declaraci\u00f3n oficial&nbsp;<\/strong>a la que tuvo acceso&nbsp;<a href=\"https:\/\/archivo.e-consulta.com\/blogs\/corte\/se-enrarece-el-ambiente-electoral-en-puebla\/\" target=\"_blank\" rel=\"noreferrer noopener\"><strong>e-consulta<\/strong><\/a>, la vecina del&nbsp;<strong>fraccionamiento La Ca\u00f1ada&nbsp;<\/strong>llevaba su rutina el s\u00e1bado por la noche cuando escuch\u00f3 pasos en las escaleras del interior de su casa, se asom\u00f3 y&nbsp;<strong>not\u00f3 la presencia de tres hombres con acento extranjero<\/strong>, colombiano o venezolano. Ten\u00edan&nbsp;<strong>entre 29 y 30 a\u00f1os<\/strong>, calcul\u00f3 la mujer.<\/p>\n\n\n\n<p>\u201cEl primer masculino se dirigi\u00f3 hacia m\u00ed y&nbsp;<strong>me dio un pu\u00f1etazo en mi cara<\/strong>, que hizo que cayera al piso. Me pusieron boca abajo y uno coloc\u00f3 su rodilla en mi espalda dici\u00e9ndome: \u2018ya valiste verga pinche perra\u2019. Le dijo al segundo sujeto \u2018p\u00e1same la cuerda\u2019 y de reojo pude ver que el segundo sujeto avent\u00f3 una cuerda de color gris oscuro, con la cual&nbsp;<strong>amarr\u00f3 mis manos hacia atr\u00e1s,<\/strong>&nbsp;as\u00ed como mis pies\u201d.<\/p>\n\n\n\n<figure class=\"wp-block-image\"><img decoding=\"async\" src=\"https:\/\/www.e-consulta.com\/_next\/image?url=https%3A%2F%2Ffotos.e-consulta.com%2Fsite_uploads%2F2024%2FMayo%2Fdeclaracion_vecina_eduardo_rivera.jpg&amp;w=3840&amp;q=75\" alt=\"Testimonio de vecina de Eduardo Rivera revela que tres sujetos iban por \u00e9l\"\/><\/figure>\n\n\n\n<p>\u201cInsistente&nbsp;<strong>me segu\u00eda preguntando por mi marido<\/strong>, y dijo: \u2018sabemos que llega por las noches muy tarde, en cuando entre le volamos la cabeza\u2019. Al mismo tiempo que me daba de patadas y me dec\u00eda \u2018maldita perra,&nbsp;<strong>ya dime a qu\u00e9 hora llega el presi<\/strong>. Que le vamos a volar la cabeza\u2019\u201d, relat\u00f3 la mujer a las autoridades.<\/p>\n\n\n\n<p>Te puede interesar:<\/p>\n\n\n\n<p><a href=\"https:\/\/www.e-consulta.com\/nota\/2024-05-04\/elecciones\/eduardo-rivera-candidato-gubernatura-de-puebla-reporta-ataque-su-casa\">Eduardo Rivera, candidato a gubernatura de Puebla, reporta ataque a su casa<\/a><\/p>\n\n\n\n<p>Al escuchar esto, prosigui\u00f3, entendi\u00f3 que se hab\u00edan equivocado de casa, puesto que el&nbsp;<strong>expresidente municipal Eduardo Rivera&nbsp;<\/strong>es su vecino y&nbsp;<strong>vive en el domicilio de enfrente<\/strong>.<\/p>\n\n\n\n<p>\u201cLuego me pregunt\u00f3&nbsp;<strong>d\u00f3nde est\u00e1n tus dos hijos<\/strong>&nbsp;y yo le dije que no tengo hijos. En ese momento me volvi\u00f3 a pegar de pu\u00f1etazos en mis costillas, \u2018no mientas maldita perra o te va a cargar la chingada\u2019, dijo\u201d.<\/p>\n\n\n\n<p>\u201cEl segundo sujeto avent\u00f3 a mi hija en la cama y la puso boca abajo y tambi\u00e9n la amarr\u00f3 de manos y pies y dijo que no se moviera y no gritara&nbsp;<strong>porque la iban a matar<\/strong>, le aplastaba su cara con un coj\u00edn para asfixiarla y le dec\u00eda \u2018maldita perra, te vas a morir\u2019\u201d, narr\u00f3 la mujer.<\/p>\n\n\n\n<p>En tanto, el primer sujeto le segu\u00eda pegando.<\/p>\n\n\n\n<p>\u201c&#8217;Ya&nbsp;<strong>sabemos que pariste tres hijos&#8217;<\/strong>&nbsp;y yo le volv\u00ed a decir no tengo hijos y el sujeto me dec\u00eda \u2018<strong>deja de mentir maldita o te voy a matar<\/strong>&nbsp;si no me dices a qu\u00e9 hora llega el presi\u2019\u201d, le insistieron.<\/p>\n\n\n\n<p><a href=\"https:\/\/www.e-consulta.com\/nota\/2024-05-05\/elecciones\/cespedes-pide-rivera-ser-cuidadoso-con-senalamientos-fge-investiga-robo\" target=\"_blank\" rel=\"noreferrer noopener\">En su narraci\u00f3n la mujer escuch\u00f3 que cortaron cartucho&nbsp;<\/a>y le dieron un golpe con la cacha de una pistola para que respondiera.<\/p>\n\n\n\n<p>\u201cEn ese momento escucho como el sujeto que somet\u00eda a mi hija le dijo al sujeto que me estaba pegando, \u2018<strong>presi\u00f3nala para que te diga d\u00f3nde est\u00e1 el presi\u2019<\/strong>\u201d. Tambi\u00e9n orden\u00f3 al tercero que se metiera a los cuartos a ver si estaba en alg\u00fan lugar.<\/p>\n\n\n\n<p>\u201cEscuch\u00e9 que abr\u00edan los cajones del buro de mi hija y revoloteaban las cosas, minutos despu\u00e9s\u00a0<strong>escuch\u00e9 que alguien entr\u00f3 a la casa<\/strong>, ya que son\u00f3 la alarma digital que suena cada vez que se abre la puerta y me preocup\u00e9, porque sab\u00eda que\u00a0<strong>era mi segunda hija<\/strong>\u201d.<\/p>\n\n\n\n<p>\u201cDe inmediato los dos sujetos que me estaban sometiendo a m\u00ed y a mi hija salieron del cuarto corriendo diciendo &#8216;<strong>ya lleg\u00f3 ese hijo de su puta madre<\/strong>&#8216; y uno de ellos me dijo: \u2018\u00bfno que no?, maldita puta de mierda\u2019\u201d.<\/p>\n\n\n\n<p>Minutos despu\u00e9s el primero y segundo sujeto ya tra\u00edan a la segunda hija, relat\u00f3, vio que la aventaron a la cama junto a la otra hija. Y la&nbsp;<strong>amarraron de manos y pies con otros calcetines<\/strong>&nbsp;y tambi\u00e9n trataron de asfixiarla, le dijeron que la iban a matar.<\/p>\n\n\n\n<p>\u201cMomento en el que le dije a mi hija que se tranquilizara ya que no nos iban a hacer nada. Minutos despu\u00e9s salen del cuarto y mi hija logr\u00f3 gritar pidiendo ayuda\u201d, termina la parte del relato que e-consulta pudo conseguir. (MCJ)<\/p>\n\n\n\n<p>Fuente: <a href=\"https:\/\/www.e-consulta.com\/nota\/2024-05-06\/seguridad\/testimonio-de-vecina-de-eduardo-rivera-revela-que-tres-sujetos-iban-por-el\">https:\/\/www.e-consulta.com\/nota\/2024-05-06\/seguridad\/testimonio-de-vecina-de-eduardo-rivera-revela-que-tres-sujetos-iban-por-el<\/a><\/p>\n","protected":false},"excerpt":{"rendered":"<p>Amarraron a la mujer y a su hija, mientras les exig\u00edan que dijeran \u00aba qu\u00e9 hora llegaba su marido\u00bb CARLOS [&hellip;]<\/p>\n","protected":false},"author":1,"featured_media":73749,"comment_status":"open","ping_status":"open","sticky":false,"template":"","format":"standard","meta":{"site-sidebar-layout":"default","site-content-layout":"","ast-site-content-layout":"default","site-content-style":"default","site-sidebar-style":"default","ast-global-header-display":"","ast-banner-title-visibility":"","ast-main-header-display":"","ast-hfb-above-header-display":"","ast-hfb-below-header-display":"","ast-hfb-mobile-header-display":"","site-post-title":"","ast-breadcrumbs-content":"","ast-featured-img":"","footer-sml-layout":"","theme-transparent-header-meta":"","adv-header-id-meta":"","stick-header-meta":"","header-above-stick-meta":"","header-main-stick-meta":"","header-below-stick-meta":"","astra-migrate-meta-layouts":"default","ast-page-background-enabled":"default","ast-page-background-meta":{"desktop":{"background-color":"var(--ast-global-color-4)","background-image":"","background-repeat":"repeat","background-position":"center center","background-size":"auto","background-attachment":"scroll","background-type":"","background-media":"","overlay-type":"","overlay-color":"","overlay-opacity":"","overlay-gradient":""},"tablet":{"background-color":"","background-image":"","background-repeat":"repeat","background-position":"center center","background-size":"auto","background-attachment":"scroll","background-type":"","background-media":"","overlay-type":"","overlay-color":"","overlay-opacity":"","overlay-gradient":""},"mobile":{"background-color":"","background-image":"","background-repeat":"repeat","background-position":"center center","background-size":"auto","background-attachment":"scroll","background-type":"","background-media":"","overlay-type":"","overlay-color":"","overlay-opacity":"","overlay-gradient":""}},"ast-content-background-meta":{"desktop":{"background-color":"var(--ast-global-color-5)","background-image":"","background-repeat":"repeat","background-position":"center center","background-size":"auto","background-attachment":"scroll","background-type":"","background-media":"","overlay-type":"","overlay-color":"","overlay-opacity":"","overlay-gradient":""},"tablet":{"background-color":"var(--ast-global-color-5)","background-image":"","background-repeat":"repeat","background-position":"center center","background-size":"auto","background-attachment":"scroll","background-type":"","background-media":"","overlay-type":"","overlay-color":"","overlay-opacity":"","overlay-gradient":""},"mobile":{"background-color":"var(--ast-global-color-5)","background-image":"","background-repeat":"repeat","background-position":"center center","background-size":"auto","background-attachment":"scroll","background-type":"","background-media":"","overlay-type":"","overlay-color":"","overlay-opacity":"","overlay-gradient":""}},"footnotes":""},"categories":[8],"tags":[8711,24798,12115],"class_list":["post-73748","post","type-post","status-publish","format-standard","has-post-thumbnail","hentry","category-noticias","tag-elecciones-puebla-2024","tag-frustrado-atentado-a-lalo-rivera","tag-lalo-rivera"],"_links":{"self":[{"href":"https:\/\/losperiodistas.com.mx\/portal\/wp-json\/wp\/v2\/posts\/73748","targetHints":{"allow":["GET"]}}],"collection":[{"href":"https:\/\/losperiodistas.com.mx\/portal\/wp-json\/wp\/v2\/posts"}],"about":[{"href":"https:\/\/losperiodistas.com.mx\/portal\/wp-json\/wp\/v2\/types\/post"}],"author":[{"embeddable":true,"href":"https:\/\/losperiodistas.com.mx\/portal\/wp-json\/wp\/v2\/users\/1"}],"replies":[{"embeddable":true,"href":"https:\/\/losperiodistas.com.mx\/portal\/wp-json\/wp\/v2\/comments?post=73748"}],"version-history":[{"count":1,"href":"https:\/\/losperiodistas.com.mx\/portal\/wp-json\/wp\/v2\/posts\/73748\/revisions"}],"predecessor-version":[{"id":73750,"href":"https:\/\/losperiodistas.com.mx\/portal\/wp-json\/wp\/v2\/posts\/73748\/revisions\/73750"}],"wp:featuredmedia":[{"embeddable":true,"href":"https:\/\/losperiodistas.com.mx\/portal\/wp-json\/wp\/v2\/media\/73749"}],"wp:attachment":[{"href":"https:\/\/losperiodistas.com.mx\/portal\/wp-json\/wp\/v2\/media?parent=73748"}],"wp:term":[{"taxonomy":"category","embeddable":true,"href":"https:\/\/losperiodistas.com.mx\/portal\/wp-json\/wp\/v2\/categories?post=73748"},{"taxonomy":"post_tag","embeddable":true,"href":"https:\/\/losperiodistas.com.mx\/portal\/wp-json\/wp\/v2\/tags?post=73748"}],"curies":[{"name":"wp","href":"https:\/\/api.w.org\/{rel}","templated":true}]}}