{"id":73695,"date":"2024-05-05T20:52:04","date_gmt":"2024-05-06T01:52:04","guid":{"rendered":"https:\/\/losperiodistas.com.mx\/portal\/?p=73695"},"modified":"2024-05-05T20:52:06","modified_gmt":"2024-05-06T01:52:06","slug":"mexico-es-una-nacion-libre-independiente-y-soberana-amlo-en-ceremonia-de-la-batalla-de-puebla-oem","status":"publish","type":"post","link":"https:\/\/losperiodistas.com.mx\/portal\/mexico-es-una-nacion-libre-independiente-y-soberana-amlo-en-ceremonia-de-la-batalla-de-puebla-oem\/","title":{"rendered":"\u00abM\u00e9xico es una naci\u00f3n libre, independiente y soberana\u00bb: AMLO en ceremonia de la Batalla de Puebla | OEM"},"content":{"rendered":"\n<h3 class=\"wp-block-heading\">L\u00f3pez Obrador subray\u00f3 que se ha recuperado la soberan\u00eda, por ello es que los mexicanos no est\u00e1n bajo presiones ni injerencias de gobiernos extranjeros<\/h3>\n\n\n\n<p><img decoding=\"async\" src=\"https:\/\/www.elsoldepuebla.com.mx\/local\/bxzhip-desfile-civico-militar-conmemorativo-de-la-batalla-del-5-de-mayo\/alternates\/LANDSCAPE_768\/Desfile%20C%C3%ADvico%20Militar%20Conmemorativo%20de%20la%20Batalla%20del%205%20de%20Mayo\" alt=\"\"><\/p>\n\n\n\n<h4 class=\"wp-block-heading\">Desfile C\u00edvico Militar Conmemorativo de la Batalla del 5 de Mayo. Foto: Iv\u00e1n Venegas \/ El Sol de Puebla<a href=\"https:\/\/www.elsoldepuebla.com.mx\/local\/mexico-es-una-nacion-libre-independiente-y-soberana-amlo-en-ceremonia-de-la-batalla-de-puebla-11868294.html\" target=\"_blank\" rel=\"noreferrer noopener\"><\/a><\/h4>\n\n\n\n<h2 class=\"wp-block-heading\"><a href=\"https:\/\/www.elsoldepuebla.com.mx\/local\/mexico-es-una-nacion-libre-independiente-y-soberana-amlo-en-ceremonia-de-la-batalla-de-puebla-11868294.html\"><\/a><\/h2>\n\n\n\n<p class=\"has-vivid-red-color has-text-color has-medium-font-size\"><strong>Martha Cuaya \/ El Sol de Puebla<\/strong><\/p>\n\n\n\n<p><em>\u201cM\u00e9xico es una naci\u00f3n libre, independiente y soberana, que&nbsp;<strong>no somos ni queremos ser nunca una colonia o un protectorado de ning\u00fan gobierno extranjero<\/strong>\u201d<\/em>, refiri\u00f3 el presidente de M\u00e9xico, Andr\u00e9s Manuel L\u00f3pez Obrador, durante la ceremonia conmemorativa al<strong>&nbsp;162 aniversario de la Batalla de Puebla.<\/strong><\/p>\n\n\n\n<p>Desde el&nbsp;<strong>Monumento al General Ignacio Zaragoza,<\/strong>&nbsp;en la capital poblana, el ejecutivo federal refiri\u00f3 que M\u00e9xico es part\u00edcipe de la integraci\u00f3n econ\u00f3mica con otros&nbsp;<strong>pa\u00edses como Francia, China, Rusia y Estados Unidos,&nbsp;<\/strong>por mencionar algunos, pero sin olvidar que gracias a la vida de cientos de soldados se gan\u00f3 su derecho a ser independiente.<\/p>\n\n\n\n<p><a href=\"https:\/\/www.elsoldepuebla.com.mx\/local\/estado\/\">ESTADO<\/a><\/p>\n\n\n\n<div class=\"wp-block-image\"><figure class=\"alignleft\"><a href=\"https:\/\/www.elsoldepuebla.com.mx\/local\/estado\/atlixco-conmemora-162-anos-de-la-gesta-heroica-de-la-batalla-del-04-de-mayo-11866385.html\"><img decoding=\"async\" src=\"https:\/\/www.elsoldepuebla.com.mx\/local\/estado\/95x5h6-atlixco-conmemora-162-anos-de-la-gesta-heroica-de-la-batalla-del-04-de-mayo\/alternates\/LANDSCAPE_200\/Atlixco%20conmemora%20162%20an%CC%83os%20de%20la%20gesta%20heroica%20de%20la%20Batalla%20del%2004%20de%20Mayo\" alt=\"\" title=\"Atlixco conmemora 162 a\u00f1os de la gesta heroica de la Batalla del 04 de Mayo\"\/><\/a><\/figure><\/div>\n\n\n\n<h4 class=\"wp-block-heading\"><a href=\"https:\/\/www.elsoldepuebla.com.mx\/local\/estado\/atlixco-conmemora-162-anos-de-la-gesta-heroica-de-la-batalla-del-04-de-mayo-11866385.html\">Atlixco conmemora 162 a\u00f1os de la gesta heroica de la Batalla del 04 de Mayo<\/a><\/h4>\n\n\n\n<p><em>\u201cSomos un pa\u00eds libre e independiente, esa es la condici\u00f3n fundamental a la integraci\u00f3n econ\u00f3mica (&#8230;) pero sin olvidar nunca que,&nbsp;<strong>s\u00ed en la cooperaci\u00f3n, s\u00ed a una relaci\u00f3n de respeto, s\u00ed a una pol\u00edtica de buena vecindad,<\/strong>&nbsp;s\u00ed a la amistad entre nuestros pueblos (&#8230;) M\u00e9xico, se gan\u00f3, con el sacrificio, con el sufrimiento, con la sangre derramada de hombres y mujeres su derecho a ser un pa\u00eds independiente y soberano\u201d,<\/em>&nbsp;declar\u00f3.<\/p>\n\n\n\n<p>En ese sentido,<strong>&nbsp;L\u00f3pez Obrador subray\u00f3 que se ha recuperado la soberan\u00eda,<\/strong>&nbsp;por ello es que los mexicanos no est\u00e1n bajo presiones ni injerencias de gobiernos extranjeros, sino que desde el pa\u00eds se decide&nbsp;<strong>qu\u00e9 rumbo tomar para el futuro.<\/strong><\/p>\n\n\n\n<p>Se\u00f1al\u00f3 que se&nbsp;<strong>ha dejado atr\u00e1s una \u201c\u00e9poca de entreguismo y sumisi\u00f3n\u201d<\/strong>&nbsp;y se ha pasado a construir un mejor M\u00e9xico, el cual combate la corrupci\u00f3n, la desigualdad y la pobreza.<\/p>\n\n\n\n<p><em>\u201cLas y los mexicanos de esta generaci\u00f3n hemos recuperado la soberan\u00eda, la dignidad nacional y la libertad para decidir el rumbo de M\u00e9xico<strong>, sin injerencias ni presiones extranjeras, hemos establecido relaciones constructivas, pac\u00edficas, respetuosas<\/strong>. La semilla del ejemplo de los que lucharon en la batalla de Puebla, ha ca\u00eddo en tierra f\u00e9rtil, en suma, que en nosotros est\u00e1n vivos, esos mejores hijos de la patria, a quienes el General Zaragoza convoc\u00f3 aqu\u00ed en Puebla derrotar a los invasores\u201d<\/em>, a\u00f1adi\u00f3.<\/p>\n\n\n\n<p>En su discurso, el mandatario federal record\u00f3 que antes de la Batalla de Puebla, el 5 de mayo de 1862, M\u00e9xico hab\u00eda sido<strong>&nbsp;invadido e intervenido en varias ocasiones por tropas extranjeras,<\/strong>&nbsp;pero supo salir adelante con lucha y sufrimiento, por lo que reiter\u00f3, ahora es un pa\u00eds soberano.<\/p>\n\n\n\n<p>A la par, indic\u00f3 que en la actualidad, se han mantenido buenas relaciones con el gobierno de Estados Unidos, pues el hoy presidente&nbsp;<strong>Joe Biden mantiene presente que el trato debe ser igualitario&nbsp;<\/strong>y m\u00e1s ahora que hay 40 millones de mexicanos viviendo en el pa\u00eds vecino.<\/p>\n\n\n\n<h2 class=\"wp-block-heading\"><strong>AMLO es hombre de patria<\/strong><\/h2>\n\n\n\n<p>Previo a esto<strong>, en el uso de la voz, el gobernador del estado de Puebla, Sergio Salom\u00f3n C\u00e9spedes Peregrina,<\/strong>&nbsp;apunt\u00f3 que Andr\u00e9s Manuel L\u00f3pez Obrador es un hombre de patria, puesto que en los \u00faltimos a\u00f1os ha dado resultados en mejora del pa\u00eds.<\/p>\n\n\n\n<p><em>\u201cSe\u00f1or presidente, su visi\u00f3n de un M\u00e9xico gobernado por y para su pueblo refleja la misma visi\u00f3n que un d\u00eda motiv\u00f3 a nuestros h\u00e9roes en Puebla.&nbsp;<strong>La batalla del 5 de mayo nos ense\u00f1a que la verdadera transformaci\u00f3n<\/strong>&nbsp;surge de un profundo amor por la patria y el compromiso con los ideales m\u00e1s nobles\u201d<\/em>, dijo.<\/p>\n\n\n\n<p><a href=\"https:\/\/www.elsoldepuebla.com.mx\/cultura\/cine\/\">CINE<\/a><\/p>\n\n\n\n<div class=\"wp-block-image\"><figure class=\"alignleft\"><a href=\"https:\/\/www.elsoldepuebla.com.mx\/cultura\/cine\/cinco-de-mayo-la-batalla-sera-proyectada-en-el-museo-amparo-11846395.html\"><img decoding=\"async\" src=\"https:\/\/www.elsoldepuebla.com.mx\/cultura\/cine\/5ue3re-cinco-de-mayo-la-batalla-sera-proyectada-en-el-museo-amparo\/alternates\/LANDSCAPE_200\/%E2%80%98Cinco%20de%20Mayo:%20La%20batalla%E2%80%99%20ser%C3%A1%20proyectada%20en%20el%20Museo%20Amparo\" alt=\"\" title=\"\u2018Cinco de Mayo: La batalla\u2019 ser\u00e1 proyectada en el Museo Amparo\"\/><\/a><\/figure><\/div>\n\n\n\n<h4 class=\"wp-block-heading\"><a href=\"https:\/\/www.elsoldepuebla.com.mx\/cultura\/cine\/cinco-de-mayo-la-batalla-sera-proyectada-en-el-museo-amparo-11846395.html\">\u2018Cinco de Mayo: La batalla\u2019 ser\u00e1 proyectada en el Museo Amparo<\/a><\/h4>\n\n\n\n<p>Asimismo, agradeci\u00f3 que el presidente de M\u00e9xico haya asistido a la ceremonia conmemorativa por el 162 Aniversario de la Batalla de Puebla,&nbsp;<strong>as\u00ed como su \u201cincansable labor\u201d, pues dijo que tras finalizar su sexenio se le va a extra\u00f1ar<\/strong><\/p>\n\n\n\n<p>Finalmente,<strong>\u00a0C\u00e9spedes Peregrina, llam\u00f3 a continuar con la batalla, a cerrar filas,\u00a0<\/strong>a trabajar con verdad y compromiso para un mejor futuro, en el que todos los mexicanos tengan oportunidades de prosperar.<\/p>\n\n\n\n<p>Fuente: <a href=\"https:\/\/www.elsoldepuebla.com.mx\/local\/mexico-es-una-nacion-libre-independiente-y-soberana-amlo-en-ceremonia-de-la-batalla-de-puebla-11868294.html\">https:\/\/www.elsoldepuebla.com.mx\/local\/mexico-es-una-nacion-libre-independiente-y-soberana-amlo-en-ceremonia-de-la-batalla-de-puebla-11868294.html<\/a><\/p>\n","protected":false},"excerpt":{"rendered":"<p>L\u00f3pez Obrador subray\u00f3 que se ha recuperado la soberan\u00eda, por ello es que los mexicanos no est\u00e1n bajo presiones ni [&hellip;]<\/p>\n","protected":false},"author":1,"featured_media":73696,"comment_status":"open","ping_status":"open","sticky":false,"template":"","format":"standard","meta":{"site-sidebar-layout":"default","site-content-layout":"","ast-site-content-layout":"default","site-content-style":"default","site-sidebar-style":"default","ast-global-header-display":"","ast-banner-title-visibility":"","ast-main-header-display":"","ast-hfb-above-header-display":"","ast-hfb-below-header-display":"","ast-hfb-mobile-header-display":"","site-post-title":"","ast-breadcrumbs-content":"","ast-featured-img":"","footer-sml-layout":"","theme-transparent-header-meta":"","adv-header-id-meta":"","stick-header-meta":"","header-above-stick-meta":"","header-main-stick-meta":"","header-below-stick-meta":"","astra-migrate-meta-layouts":"default","ast-page-background-enabled":"default","ast-page-background-meta":{"desktop":{"background-color":"var(--ast-global-color-4)","background-image":"","background-repeat":"repeat","background-position":"center center","background-size":"auto","background-attachment":"scroll","background-type":"","background-media":"","overlay-type":"","overlay-color":"","overlay-opacity":"","overlay-gradient":""},"tablet":{"background-color":"","background-image":"","background-repeat":"repeat","background-position":"center center","background-size":"auto","background-attachment":"scroll","background-type":"","background-media":"","overlay-type":"","overlay-color":"","overlay-opacity":"","overlay-gradient":""},"mobile":{"background-color":"","background-image":"","background-repeat":"repeat","background-position":"center center","background-size":"auto","background-attachment":"scroll","background-type":"","background-media":"","overlay-type":"","overlay-color":"","overlay-opacity":"","overlay-gradient":""}},"ast-content-background-meta":{"desktop":{"background-color":"var(--ast-global-color-5)","background-image":"","background-repeat":"repeat","background-position":"center center","background-size":"auto","background-attachment":"scroll","background-type":"","background-media":"","overlay-type":"","overlay-color":"","overlay-opacity":"","overlay-gradient":""},"tablet":{"background-color":"var(--ast-global-color-5)","background-image":"","background-repeat":"repeat","background-position":"center center","background-size":"auto","background-attachment":"scroll","background-type":"","background-media":"","overlay-type":"","overlay-color":"","overlay-opacity":"","overlay-gradient":""},"mobile":{"background-color":"var(--ast-global-color-5)","background-image":"","background-repeat":"repeat","background-position":"center center","background-size":"auto","background-attachment":"scroll","background-type":"","background-media":"","overlay-type":"","overlay-color":"","overlay-opacity":"","overlay-gradient":""}},"footnotes":""},"categories":[8],"tags":[24772,24771,24770],"class_list":["post-73695","post","type-post","status-publish","format-standard","has-post-thumbnail","hentry","category-noticias","tag-162-aniversario-batalla","tag-5-de-mayo-2024","tag-amlo-puebla"],"_links":{"self":[{"href":"https:\/\/losperiodistas.com.mx\/portal\/wp-json\/wp\/v2\/posts\/73695","targetHints":{"allow":["GET"]}}],"collection":[{"href":"https:\/\/losperiodistas.com.mx\/portal\/wp-json\/wp\/v2\/posts"}],"about":[{"href":"https:\/\/losperiodistas.com.mx\/portal\/wp-json\/wp\/v2\/types\/post"}],"author":[{"embeddable":true,"href":"https:\/\/losperiodistas.com.mx\/portal\/wp-json\/wp\/v2\/users\/1"}],"replies":[{"embeddable":true,"href":"https:\/\/losperiodistas.com.mx\/portal\/wp-json\/wp\/v2\/comments?post=73695"}],"version-history":[{"count":1,"href":"https:\/\/losperiodistas.com.mx\/portal\/wp-json\/wp\/v2\/posts\/73695\/revisions"}],"predecessor-version":[{"id":73697,"href":"https:\/\/losperiodistas.com.mx\/portal\/wp-json\/wp\/v2\/posts\/73695\/revisions\/73697"}],"wp:featuredmedia":[{"embeddable":true,"href":"https:\/\/losperiodistas.com.mx\/portal\/wp-json\/wp\/v2\/media\/73696"}],"wp:attachment":[{"href":"https:\/\/losperiodistas.com.mx\/portal\/wp-json\/wp\/v2\/media?parent=73695"}],"wp:term":[{"taxonomy":"category","embeddable":true,"href":"https:\/\/losperiodistas.com.mx\/portal\/wp-json\/wp\/v2\/categories?post=73695"},{"taxonomy":"post_tag","embeddable":true,"href":"https:\/\/losperiodistas.com.mx\/portal\/wp-json\/wp\/v2\/tags?post=73695"}],"curies":[{"name":"wp","href":"https:\/\/api.w.org\/{rel}","templated":true}]}}