{"id":73686,"date":"2024-05-05T13:36:25","date_gmt":"2024-05-05T18:36:25","guid":{"rendered":"https:\/\/losperiodistas.com.mx\/portal\/?p=73686"},"modified":"2024-05-05T13:36:26","modified_gmt":"2024-05-05T18:36:26","slug":"riesgos","status":"publish","type":"post","link":"https:\/\/losperiodistas.com.mx\/portal\/riesgos\/","title":{"rendered":"Riesgos"},"content":{"rendered":"\n<p style=\"font-size:22px\">#PorSoleares | Violencia y amenazas, pre\u00e1mbulo de la elecci\u00f3n en Puebla. \u00bfSeguir\u00e1 el robo de urnas, la judicializaci\u00f3n, la anulaci\u00f3n?<\/p>\n\n\n\n<p><\/p>\n\n\n\n<figure class=\"wp-block-embed is-type-video is-provider-youtube wp-block-embed-youtube wp-embed-aspect-16-9 wp-has-aspect-ratio\"><div class=\"wp-block-embed__wrapper\">\n<iframe title=\"Riesgos | mayo 5 2024\" width=\"500\" height=\"281\" src=\"https:\/\/www.youtube.com\/embed\/_9PEYzU15F4?feature=oembed\" frameborder=\"0\" allow=\"accelerometer; autoplay; clipboard-write; encrypted-media; gyroscope; picture-in-picture; web-share\" referrerpolicy=\"strict-origin-when-cross-origin\" allowfullscreen><\/iframe>\n<\/div><\/figure>\n\n\n\n<p class=\"has-vivid-red-color has-text-color\" style=\"font-size:26px\"><strong><em>Por Jes\u00fas Manuel Hern\u00e1ndez<\/em><\/strong><\/p>\n\n\n\n<p>Era de esperarse la aparici\u00f3n de <strong>hechos cada vez m\u00e1s violentos<\/strong> en el proceso electoral de Puebla. Para unos y para otros, la plaza constituye un espacio de dominio territorial importante en la aportaci\u00f3n nacional de votos.<\/p>\n\n\n\n<p>Pero la confrontaci\u00f3n de los dos principales polos, ahora recibe una inyecci\u00f3n de otras fuerzas, quiz\u00e1 no pol\u00edticas, o quiz\u00e1 de otros \u00e1mbitos pol\u00edticos con un objetivo muy definido: <strong>sembrar el miedo y la desconfianza en los resultados electorales<\/strong>.<\/p>\n\n\n\n<p>Las acciones registradas por medios de comunicaci\u00f3n y redes sociales generan percepciones seg\u00fan el \u00e1ngulo desde el que se mire, en alusi\u00f3n a <strong>Campoamor<\/strong>: <strong><em>\u201cEn este mundo traidor nada es verdad ni es mentira, todo es seg\u00fan el color del cristal con que se mira\u201d.<\/em><\/strong><\/p>\n\n\n\n<p>La amenaza vivida por <strong>Mario Riestra<\/strong>, \u201ctu cabeza tiene precio\u201d fue calificada por los de enfrente como un <strong>\u201cmontaje\u201d<\/strong>. El allanamiento a una casa vecina de <strong>Lalo Rivera<\/strong>, correr\u00e1 la misma suerte, hay dos detenidos y el aviso del <strong>gobernador C\u00e9spedes<\/strong> de solidaridad con Rivera y orden\u00f3 que la investigaci\u00f3n se haga hasta donde tope.<\/p>\n\n\n\n<p>Este \u00faltimo hecho se suma a una lista de violencia pol\u00edtico-electoral que abarca los estados Chiapas, Yucat\u00e1n y ahora Puebla, escenarios muy importantes para las dos principales fuerza pol\u00edticas que compiten en las elecciones.<\/p>\n\n\n\n<p>Para algunos cercanos de Lalo Rivera vino a la memoria aquella persecuci\u00f3n al veh\u00edculo de su esposa en tiempos del morenovallismo, en un auto que deb\u00eda estar en un corral\u00f3n por haber sido denunciado por robo y cuyos ocupantes eran judiciales estatales.<\/p>\n\n\n\n<p>Curiosamente la tarde del s\u00e1bado circul\u00f3 por WhatsApp la versi\u00f3n de que <strong>Pepe Chedraui <\/strong>hab\u00eda cancelado dos eventos y que la raz\u00f3n, hab\u00eda sido el arribo de <strong>golpeadores<\/strong> a los sitios donde se realizar\u00edan, pero en ning\u00fan momento la oficina de campa\u00f1a del morenista comunic\u00f3 algo sobre el supuesto.<\/p>\n\n\n\n<p>La experiencia vivida en Puebla en <strong>escenarios electorales del viejo PRI <\/strong>dejan a los adultos el recuerdo de los <strong>fraudes<\/strong>, del <strong>robo de urnas<\/strong>, de la <strong>violencia<\/strong>, de <strong>sembrar el miedo<\/strong> para evitar que en la zonas urbanas la gente contraria salga a votar.<\/p>\n\n\n\n<p>Vistas las cosas con la frase de Campoamor, seg\u00fan se observe para unos el fraude lo cometer\u00e1n los otros y para los otros los unos har\u00e1n lo imposible para sacar a la gente a votar.<\/p>\n\n\n\n<p><strong>\u00bfQu\u00e9 est\u00e1 en juego?<\/strong> Varios asuntos, no solo la Presidencia M\u00e9xico, a todas luces distante para X\u00f3chitl, <strong>est\u00e1n en juego las C\u00e1maras<\/strong>, los gobiernos estatales, los Congresos de los Estados y por supuesto, en el caso local, <strong>la capital de Puebla<\/strong>, plaza, por dem\u00e1s est\u00e1 decir, clave en el ejercicio del poder los pr\u00f3ximos seis a\u00f1os.<\/p>\n\n\n\n<p>Los datos ofertados por <strong>las encuestadoras<\/strong>, tambi\u00e9n <strong>pueden acomodarse a la visi\u00f3n de Campoamor<\/strong>, pero al interior, los dos bandos saben muy bien d\u00f3nde est\u00e1n parados, y ambos reciben recomendaciones sobre c\u00f3mo mantener la diferencia o acortarla, y ciertamente el tema de la <strong>\u201cviolencia\u201d<\/strong>, la amenaza, la intromisi\u00f3n y lesiones a inocentes, constituyen un marco muy eficiente en eso de <strong>\u201ctirarse al piso\u201d dir\u00edan unos<\/strong>, montaje acotar\u00edan otros, o <strong>vulnerabilidad real de la garant\u00eda de tener un proceso en paz<\/strong>.<\/p>\n\n\n\n<p>Bajo esos factores se vislumbran varios escenarios para el 3 de junio:<\/p>\n\n\n\n<p>Los <strong>optimistas<\/strong> consideran posible que <strong>la diferencia para gobernador ser\u00e1 de 2 d\u00edgitos<\/strong> despejando con ello cualquier duda.<\/p>\n\n\n\n<p>Los <strong>pesimistas<\/strong> ven que <strong>la diferencia ser\u00e1 de un d\u00edgito<\/strong> y las consecuencias pueden ser mayores si la oposici\u00f3n al movimiento oficial <strong>se queda con la capital<\/strong> y otras ciudades clave y gana diputaciones federales y el Congreso.<\/p>\n\n\n\n<p>Otros factores ajenos a los bandos meter\u00edan tambi\u00e9n el tema del <strong>INE<\/strong>, la <strong>renuncia masiva de funcionarios de casillas<\/strong>, la sustituci\u00f3n emergente, con las interpretaciones posibles de cada bando.<\/p>\n\n\n\n<p>Si uno suma todo lo que oye y lo que ve o lo que percibe, la respuesta a qu\u00e9 pasar\u00e1 despu\u00e9s del 2 de junio, recuerda las escenas de cuando la elecci\u00f3n de Martha \u00c9rika Alonso y Miguel Barbosa, el robo de urnas, la violencia en distritos claves y la manipulaci\u00f3n de funcionarios electorales para los fines convenidos al morenovallismo, <strong>aunque ahora ser\u00edan en el otro bando<\/strong>.<\/p>\n\n\n\n<p><strong>Personajes del pasado<\/strong> muy pasado, <strong>tricolor primero y luego azulado<\/strong>, est\u00e1n en boca de todos, se conocen sus m\u00e9todos, sus grupos y por supuesto <strong>se especula con los resultados<\/strong>.<\/p>\n\n\n\n<p>Desgraciadamente los pesimistas agregan otro tema, la elecci\u00f3n de Puebla puede ser muy importante para la oposici\u00f3n en el orden nacional <strong>si llegara a la judicializaci\u00f3n y lo peor, la anulaci\u00f3n de los comicios<\/strong> por muchas irregularidades.<\/p>\n\n\n\n<p>Y entonces se repetir\u00e1n los escenarios del pasado, gobernadores electos bajo cuestionamiento, sea de uno o de otro lado, y lo peor, inconsistencia en la gesti\u00f3n inmediata. Algo que nadie deber\u00eda tolerar, ni promover, menos aceptar si hay evidencias.<\/p>\n\n\n\n<p>Y cabe preguntar \u00bfacaso el 3 de junio se programa otro montaje como el del MM?<\/p>\n\n\n\n<p>O como escribiera Ram\u00f3n de Campoamor, el decimon\u00f3nico poeta: <strong><em>\u201cEn este mundo traidor nada es verdad ni es mentira, todo es seg\u00fan el color del cristal con que se mira\u201d<\/em><\/strong><\/p>\n\n\n\n<p>O por lo menos as\u00ed me lo parece.<\/p>\n\n\n\n<p><a href=\"mailto:losperiodistas.com.mx@gmail.com\">losperiodistas.com.mx@gmail.com<\/a><\/p>\n","protected":false},"excerpt":{"rendered":"<p>#PorSoleares | Violencia y amenazas, pre\u00e1mbulo de la elecci\u00f3n en Puebla. \u00bfSeguir\u00e1 el robo de urnas, la judicializaci\u00f3n, la anulaci\u00f3n? [&hellip;]<\/p>\n","protected":false},"author":1,"featured_media":73687,"comment_status":"open","ping_status":"open","sticky":false,"template":"","format":"standard","meta":{"site-sidebar-layout":"default","site-content-layout":"","ast-site-content-layout":"default","site-content-style":"default","site-sidebar-style":"default","ast-global-header-display":"","ast-banner-title-visibility":"","ast-main-header-display":"","ast-hfb-above-header-display":"","ast-hfb-below-header-display":"","ast-hfb-mobile-header-display":"","site-post-title":"","ast-breadcrumbs-content":"","ast-featured-img":"","footer-sml-layout":"","theme-transparent-header-meta":"","adv-header-id-meta":"","stick-header-meta":"","header-above-stick-meta":"","header-main-stick-meta":"","header-below-stick-meta":"","astra-migrate-meta-layouts":"default","ast-page-background-enabled":"default","ast-page-background-meta":{"desktop":{"background-color":"var(--ast-global-color-4)","background-image":"","background-repeat":"repeat","background-position":"center center","background-size":"auto","background-attachment":"scroll","background-type":"","background-media":"","overlay-type":"","overlay-color":"","overlay-opacity":"","overlay-gradient":""},"tablet":{"background-color":"","background-image":"","background-repeat":"repeat","background-position":"center center","background-size":"auto","background-attachment":"scroll","background-type":"","background-media":"","overlay-type":"","overlay-color":"","overlay-opacity":"","overlay-gradient":""},"mobile":{"background-color":"","background-image":"","background-repeat":"repeat","background-position":"center center","background-size":"auto","background-attachment":"scroll","background-type":"","background-media":"","overlay-type":"","overlay-color":"","overlay-opacity":"","overlay-gradient":""}},"ast-content-background-meta":{"desktop":{"background-color":"var(--ast-global-color-5)","background-image":"","background-repeat":"repeat","background-position":"center center","background-size":"auto","background-attachment":"scroll","background-type":"","background-media":"","overlay-type":"","overlay-color":"","overlay-opacity":"","overlay-gradient":""},"tablet":{"background-color":"var(--ast-global-color-5)","background-image":"","background-repeat":"repeat","background-position":"center center","background-size":"auto","background-attachment":"scroll","background-type":"","background-media":"","overlay-type":"","overlay-color":"","overlay-opacity":"","overlay-gradient":""},"mobile":{"background-color":"var(--ast-global-color-5)","background-image":"","background-repeat":"repeat","background-position":"center center","background-size":"auto","background-attachment":"scroll","background-type":"","background-media":"","overlay-type":"","overlay-color":"","overlay-opacity":"","overlay-gradient":""}},"footnotes":""},"categories":[8,5],"tags":[24767,24766,24769],"class_list":["post-73686","post","type-post","status-publish","format-standard","has-post-thumbnail","hentry","category-noticias","category-por-soleares","tag-anulacion-comicios-puebla","tag-judicializacion-elecciones-puebla","tag-violencia-electoral-puebla"],"_links":{"self":[{"href":"https:\/\/losperiodistas.com.mx\/portal\/wp-json\/wp\/v2\/posts\/73686","targetHints":{"allow":["GET"]}}],"collection":[{"href":"https:\/\/losperiodistas.com.mx\/portal\/wp-json\/wp\/v2\/posts"}],"about":[{"href":"https:\/\/losperiodistas.com.mx\/portal\/wp-json\/wp\/v2\/types\/post"}],"author":[{"embeddable":true,"href":"https:\/\/losperiodistas.com.mx\/portal\/wp-json\/wp\/v2\/users\/1"}],"replies":[{"embeddable":true,"href":"https:\/\/losperiodistas.com.mx\/portal\/wp-json\/wp\/v2\/comments?post=73686"}],"version-history":[{"count":1,"href":"https:\/\/losperiodistas.com.mx\/portal\/wp-json\/wp\/v2\/posts\/73686\/revisions"}],"predecessor-version":[{"id":73688,"href":"https:\/\/losperiodistas.com.mx\/portal\/wp-json\/wp\/v2\/posts\/73686\/revisions\/73688"}],"wp:featuredmedia":[{"embeddable":true,"href":"https:\/\/losperiodistas.com.mx\/portal\/wp-json\/wp\/v2\/media\/73687"}],"wp:attachment":[{"href":"https:\/\/losperiodistas.com.mx\/portal\/wp-json\/wp\/v2\/media?parent=73686"}],"wp:term":[{"taxonomy":"category","embeddable":true,"href":"https:\/\/losperiodistas.com.mx\/portal\/wp-json\/wp\/v2\/categories?post=73686"},{"taxonomy":"post_tag","embeddable":true,"href":"https:\/\/losperiodistas.com.mx\/portal\/wp-json\/wp\/v2\/tags?post=73686"}],"curies":[{"name":"wp","href":"https:\/\/api.w.org\/{rel}","templated":true}]}}